{"id":18036,"date":"2020-12-14T06:31:21","date_gmt":"2020-12-14T06:31:21","guid":{"rendered":"https:\/\/archivioturi.lavocedelpaese.info\/index.php\/2020\/12\/14\/si-governa-a-tentoni-tra-errori-e-ritardi\/"},"modified":"2020-12-14T06:31:21","modified_gmt":"2020-12-14T06:31:21","slug":"si-governa-a-tentoni-tra-errori-e-ritardi","status":"publish","type":"post","link":"https:\/\/archivioturi.lavocedelpaese.info\/index.php\/2020\/12\/14\/si-governa-a-tentoni-tra-errori-e-ritardi\/","title":{"rendered":"\u201cSi governa a tentoni, tra errori e ritardi\u201d"},"content":{"rendered":"<p><img loading=\"lazy\" decoding=\"async\" src=\"https:\/\/live.staticflickr.com\/65535\/50707428701_6b8d7fc3c7_n.jpg\" alt=\"49070779058_2ea61ed300_o\" width=\"320\" height=\"285\" \/><\/p>\n<p style=\"text-align: center;\"><strong>Dall\u2019allargamento di via Noci ai pericoli di via Sammichele, passando per i problemi della postazione del 118. Paolo Tundo punta il dito contro l\u2019Amministrazione Resta<\/strong><\/p>\n<p style=\"text-align: justify;\">Dopo qualche settimana di assenza dalla nostra pagina politica, ritorna a parlare il consigliere Paolo Tundo con un\u2019analisi degli ultimi avvenimenti che hanno segnato la vita amministrativa di Turi.<\/p>\n<p style=\"text-align: justify;\">Il primo aspetto esaminato dal consigliere d\u2019opposizione non pu\u00f2 che riguardare il Consiglio comunale del 23 novembre, quello in cui l\u2019approvazione della variante per l\u2019allargamento di via Noci \u00e8 stata ritirata, data la necessit\u00e0 di chiedere chiarimenti alla Citt\u00e0 Metropolitana sulle osservazioni presentate dal senatore Coppi.<\/p>\n<p style=\"text-align: justify;\">\u00abConfermo che \u00e8 stato un Consiglio comunale \u201cinutile\u201d \u2013 esordisce Tundo \u2013 la maggioranza ha dimostrato la sua inettitudine nella gestione amministrativa e nella funzione di indirizzo politico. Infatti, le osservazioni del senatore Coppi erano note fin da luglio: c\u2019era tutto il tempo per svolgere le verifiche del caso, coinvolgendo la Citt\u00e0 Metropolitana; invece, si \u00e8 arrivati in aula impreparati e si \u00e8 dovuto ritirare il provvedimento senza, tra l\u2019altro, fornire chiarimenti esaustivi ai consiglieri di minoranza\u00bb.<\/p>\n<p style=\"text-align: justify;\">\u00abAltra cosa gravissima \u2013 aggiunge \u2013 \u00e8 che, lo scorso 21 novembre, il legale che assiste il dott. Coppi ha inviato una comunicazione, indirizzata a tutti i consiglieri, in cui esponeva le perplessit\u00e0 su alcune discordanze riscontrate nel progetto, invitando a correggere gli elaborati per non pregiudicare il parco fotovoltaico di cui \u00e8 proprietario. Ebbene, questa lettera \u00e8 giunta a noi consiglieri di opposizione solo il 9 dicembre, quando assieme al capogruppo Angelo Palmisano l\u2019abbiamo ritirata dal Municipio\u00bb.<\/p>\n<p style=\"text-align: justify;\">\u00abDopo il Consiglio \u2013 conclude \u2013 ho chiesto che venisse prodotta una relazione scritta non solo dall\u2019architetto Del Rosso, quale responsabile del Settore Urbanistica, ma anche dai tecnici della Citt\u00e0 Metropolitana. La relazione \u00e8 arrivata e rassicura che i lavori non intaccheranno il parco fotovoltaico. Ora mi auguro che l\u2019Amministrazione definisca il provvedimento nella massima chiarezza e rapidit\u00e0, sbloccando un\u2019opera indispensabile per la viabilit\u00e0 di Turi che attendiamo da oltre dieci anni\u00bb.<\/p>\n<p style=\"text-align: justify;\"><strong>VIA SAMMICHELE, UNA STRADA A RISCHIO<\/strong><\/p>\n<p><img loading=\"lazy\" decoding=\"async\" src=\"https:\/\/live.staticflickr.com\/65535\/50706692378_71dde07137_n.jpg\" alt=\"Via Sammichele (2)\" style=\"margin: 6px; float: right;\" width=\"320\" height=\"240\" \/><\/p>\n<p style=\"text-align: justify;\">Restando in tema di viabilit\u00e0, il consigliere Tundo manifesta preoccupazione per lo stato del manto stradale di via Sammichele: \u00abCi sono buche profonde che rappresentano un concreto pericolo per l\u2019incolumit\u00e0 dei cittadini. Oltre ai danni procurati alle automobili che sono costrette a percorre quella strada, va messa in conto la malaugurata ipotesi che in una di quelle buche ci finisca un motociclista, rischiando di farsi male seriamente\u00bb.<\/p>\n<p style=\"text-align: justify;\">\u00abIl sindaco Resta \u2013 denuncia il consigliere di Patto per Turi \u2013 conosce perfettamente la situazione, con tutte le conseguenze penali e risarcitorie a cui sta esponendo il nostro Ente, eppure continua a non agire. \u00c8 una leggerezza che non si pu\u00f2 pi\u00f9 tollerare. Che fine hanno fatto i 100 mila euro che erano stati stanziati per riasfaltare questa strada? Sono stati deviati in altri capitoli in occasione dell\u2019ultima variazione di Bilancio? Se s\u00ec, con quale criterio si \u00e8 voluto accantonare un intervento cos\u00ec prioritario?\u00bb.<\/p>\n<p style=\"text-align: justify;\"><strong>POSTAZIONE DEL 118, PIOVE SUL BAGNATO\u2026<\/strong><\/p>\n<p style=\"text-align: justify;\">\u00abDa un anno e mezzo \u2013 decreta Tundo \u2013 il governo cittadino non solo si \u00e8 limitato all\u2019ordinaria amministrazione, giacch\u00e9 di grandi opere non c\u2019\u00e8 traccia, ma sta operando con enormi ritardi e complicazioni\u00bb.<\/p>\n<p style=\"text-align: justify;\">La conferma di questa tesi, a parere del consigliere di \u201cPatto per Turi\u201d, si avrebbe guardano lo stallo in cui giace la vicenda della postazione del 118 medicalizzato, provvisoriamente ubicata al piano terra del Comprensivo: \u00abI medici del 118 di Turi hanno comunicato per iscritto le condizioni di inadeguatezza dei locali che ospitano la loro postazione e la guardia medica. La riprova si \u00e8 avuta la scorsa settimana, quando i bagni si sono otturati per l\u2019ennesima volta, creando rilevanti disagi\u00bb.<\/p>\n<p style=\"text-align: justify;\">\u00abAnche in questo caso \u2013 ammonisce Tundo \u2013 non si pu\u00f2 procedere a tentoni, senza un\u2019idea chiara di cosa si voglia fare. Fermo restando che bisogna intervenire urgentemente per eliminare i disservizi, occorre decidere come si vuole risolvere una volta per tutte il problema\u00bb.<\/p>\n<p style=\"text-align: justify;\">\u00abInizialmente \u2013 spiega \u2013 l\u2019Amministrazione sembrava voler riprendere il progetto del nuovo Poliambulatorio da realizzare in via Conversano e, a tal fine, fui coinvolto dal sindaco nel dialogo con il Direttore Generale dell\u2019Asl, dott. Sanguedolce. Successivamente, nonostante la mia piena disponibilit\u00e0, sono venuto a sapere che si \u00e8 aperto un confronto con il dott. Sansolini, direttore dell\u2019Area Tecnica dell\u2019Asl, da cui mi hanno estromesso. Un atteggiamento per me incomprensibile, indice dell\u2019incapacit\u00e0 di questa maggioranza di accettare il contributo dell\u2019opposizione per conseguire un risultato fondamentale per il benessere dell\u2019intera comunit\u00e0. Vedremo se saranno in grado di andare avanti da soli, come hanno deciso di fare\u00bb.<\/p>\n<p style=\"text-align: right;\"><strong>FD<\/strong><\/p>\n","protected":false},"excerpt":{"rendered":"<p><img loading=\"lazy\" decoding=\"async\" src=\"https:\/\/live.staticflickr.com\/65535\/50707428701_6b8d7fc3c7_n.jpg\" alt=\"49070779058_2ea61ed300_o\" width=\"320\" height=\"285\" \/><\/p>\n","protected":false},"author":1,"featured_media":0,"comment_status":"open","ping_status":"closed","sticky":false,"template":"","format":"standard","meta":{"colormag_page_container_layout":"default_layout","colormag_page_sidebar_layout":"default_layout","footnotes":""},"categories":[4],"tags":[],"class_list":["post-18036","post","type-post","status-publish","format-standard","hentry","category-politica"],"_links":{"self":[{"href":"https:\/\/archivioturi.lavocedelpaese.info\/index.php\/wp-json\/wp\/v2\/posts\/18036","targetHints":{"allow":["GET"]}}],"collection":[{"href":"https:\/\/archivioturi.lavocedelpaese.info\/index.php\/wp-json\/wp\/v2\/posts"}],"about":[{"href":"https:\/\/archivioturi.lavocedelpaese.info\/index.php\/wp-json\/wp\/v2\/types\/post"}],"author":[{"embeddable":true,"href":"https:\/\/archivioturi.lavocedelpaese.info\/index.php\/wp-json\/wp\/v2\/users\/1"}],"replies":[{"embeddable":true,"href":"https:\/\/archivioturi.lavocedelpaese.info\/index.php\/wp-json\/wp\/v2\/comments?post=18036"}],"version-history":[{"count":0,"href":"https:\/\/archivioturi.lavocedelpaese.info\/index.php\/wp-json\/wp\/v2\/posts\/18036\/revisions"}],"wp:attachment":[{"href":"https:\/\/archivioturi.lavocedelpaese.info\/index.php\/wp-json\/wp\/v2\/media?parent=18036"}],"wp:term":[{"taxonomy":"category","embeddable":true,"href":"https:\/\/archivioturi.lavocedelpaese.info\/index.php\/wp-json\/wp\/v2\/categories?post=18036"},{"taxonomy":"post_tag","embeddable":true,"href":"https:\/\/archivioturi.lavocedelpaese.info\/index.php\/wp-json\/wp\/v2\/tags?post=18036"}],"curies":[{"name":"wp","href":"https:\/\/api.w.org\/{rel}","templated":true}]}}