{"id":1803,"date":"2010-04-01T00:19:15","date_gmt":"2010-04-01T00:19:15","guid":{"rendered":"https:\/\/archivioturi.lavocedelpaese.info\/index.php\/2010\/04\/01\/onofrio-resta-ci-prepariamo-alle-comunali\/"},"modified":"2010-04-01T00:19:15","modified_gmt":"2010-04-01T00:19:15","slug":"onofrio-resta-ci-prepariamo-alle-comunali","status":"publish","type":"post","link":"https:\/\/archivioturi.lavocedelpaese.info\/index.php\/2010\/04\/01\/onofrio-resta-ci-prepariamo-alle-comunali\/","title":{"rendered":"RESTA: &#8216;CI PREPARIAMO ALLE COMUNALI&#8217;"},"content":{"rendered":"<p><img loading=\"lazy\" decoding=\"async\" class=\" size-full wp-image-78\" alt=\"Onofrio_Resta\" src=\"https:\/\/archivioturi.lavocedelpaese.info\/wp-content\/uploads\/2009\/07\/Onofrio_Resta.jpg\" height=\"150\" width=\"320\" \/> <\/p>\n<h4>IL COMMENTO DELLE ELEZIONI REGIONALI<\/h4>\n<p><strong>\u201cNon \u00e8 un risultato stupefacente, ma sufficiente\u201d<\/strong>. Dall&#8217;altro capo del telefono si materializza l&#8217;idea di un assessore provinciale ancora imbronciato. E\u2019 l&#8217;icona pubblicitaria instillata nell\u2019immaginario collettivo. Del resto, le preoccupazioni sono davvero tante. C&#8217;\u00e8 una cosa per\u00f2, che non lo impensierisce affatto: il suo personale risultato alle regionali.<\/p>\n<p>Onofrio Resta, in esclusiva su <em>Turiweb<\/em>, commenta il responso delle urne (per lui circa 800 preferenze a Turi) e annuncia qualche \u2018problemino\u2019 in giunta provinciale che, detto ai pi\u00f9 maliziosi &#8211; tanto per mettere subito le cose in chiaro &#8211; non riguarda il suo assessorato. Resta ha portato il suo obolo per la causa alla Puglia prima di Tutto, consentendo al listone arancione di aggirare lo sbarramento del 4%. Un risultato personale ottenuto con lo sforzo minimo, tanto che luned\u00ec non si \u00e8 neppure fatto vivo durante lo spoglio. Riportiamo integralmente le confessioni del Professore, rivelate le quali esce allo scoperto e annuncia di pensare gi\u00e0 alle prossime amministrative di Turi.<\/p>\n<p><strong>\u2018AL CONFRONTO DEI 1700 VOTI DI BOCCARDI\u2026\u2019<\/strong> &#8211; \u201cCredo che si poteva fare di pi\u00f9. A Putignano il mio risultato \u00e8 stato un po\u2019 negativo. Tuttavia, ho fatto campagna elettorale per soli venticinque giorni, non ho preparato nulla, le mie risorse erano molto modeste. Lo dico senza far polemica, come fatto obiettivo. Prendere 1600 voti in 25 giorni, con risorse quasi insignificanti, non \u00e8 un risultato stupefacente, ma sufficiente. Tra l\u2019altro \u00e8 un risultato che ha contribuito alla vittoria di Tato Greco, al superamento dello sbarramento per la Puglia prima di Tutto che adesso pu\u00f2 vantare ben quattro consiglieri regionali. Tenendo conto inoltre che il capolista Losurdo ha preso 600 voti in meno di me e che stava facendo campagna elettorale prima di me.<\/p>\n<p>Non \u00e8 un risultato del quale sono contentissimo, mi aspettavo qualcosa in pi\u00f9, almeno 2000 voti. Vero \u00e8 che probabilmente ci sono state delle incongruenze, bisogna verificare i dati paese per paese, a parte Putignano che \u00e8 stato negativo. Se consideriamo poi che un candidato di Putignano, Lippolis, nella lista dei Pugliesi ha preso 100 voti, i miei 150 l\u00ec sono oro. Tutto sommato se avessi fatto campagna elettorale per Tato Greco ne avrei presentati e portati meno di voti.\u201d.<\/p>\n<p><strong>\u2018SIAMO LA SECONDA FORZA A TURI\u2019 <\/strong>&#8211; \u201cL\u2019altro dato positivo \u00e8 che oggi i miei voti personali sono la seconda forza nel paese, a Turi. La Puglia prima di Tutto \u00e8 quasi al 15%. Considerando che a Turi c\u2019era un candidato da tutti accreditato come vincente, candidato ideale che doveva vincere per tutta una serie di ragioni, c\u2019era anche un fatto di opinione, nel senso che la partita per la vita era per Boccardi, e i turesi in parte l\u2019hanno sostenuto.<\/p>\n<p>Prendere 800 voti contro i 1700 di Boccardi\u2026 ognuno pu\u00f2 fare le debite considerazioni, per vedere chi era Boccardi, cosa ha fatto Boccardi, rispetto invece alle mie risorse umane e materiali. Boccardi \u00e8 una persona che sta lavorando a Turi da cinque anni. La sua determinazione era quella giusta, ha investito tanto in termini di risorse, ma anche di disponibilit\u00e0 e di opportunit\u00e0. Se il mio dato \u00e8 questo, e se facciamo un confronto, non posso lamentarmi.<\/p>\n<p>Molti hanno votato Boccardi e comunque non hanno votato Resta perch\u00e9 hanno considerato il fatto che io ero gi\u00e0 assessore provinciale, e quindi bisognava anche, e forse giustamente, votare l\u2019altro turese. Per la verit\u00e0, da Boccardi mi aspettavo qualcosa in pi\u00f9, ma si sa Turi\u2026non \u00e8 stata premiata alle provinciali, e non \u00e8 stato cos\u00ec nemmeno per Boccardi che meno male, aveva quel budget di voti a Bari e quindi ha risolto i suoi problemi.\u201d.<\/p>\n<p><strong>IL RISULTATO DELLA LOIOTILA?<\/strong> &#8211; \u201cQuello della Loiotila \u00e8 un buon risultato. Anche la sua era una situazione improvvisata. Il suo \u00e8 un voto personale, come del resto il mio.\u201d.<\/p>\n<p><strong>La nostra redazione ha seguito lo spoglio elettorale, riscontrando diversi voti di Onofrio Resta stranamente associati a Vendola presidente. Fenomeni paranormali alle urne? Il Prof gode e sorride<\/strong>: \u201cStrana questa cosa. Quelli son voti del centrosinistra che, non essendo stati attratti da qualche altro candidato di quella coalizione, hanno preferito Onofrio Resta. E comunque si sa bene che i miei voti non vengono dal Pdl, perch\u00e9 sono un po\u2019 di voti moderati che provengono dalla societ\u00e0 civile. Ma non pensate a male, non \u00e8 assolutamente un piano prestabilito. Io sono un po\u2019 atipico nel centrodestra. La nostra \u00e8 una forza moderata e centrista; nella coalizione del centrodestra fa in modo che almeno il distacco da Vendola non peggiori. Noi apparteniamo a delle forze che non sono completamente integrate nel Pdl. Faccio politica, spero e credo, in maniera un po\u2019 diversa, non dico migliore o peggiore, ma diversa rispetto al Pdl. Mi aspettavo che ci fosse un voto disgiunto con la Poli Bortone, scopro adesso da voi che molti hanno votato Resta e Vendola\u2026 chi lo sa, vedremo nel futuro, no?!.\u201d.<\/p>\n<p><strong>IL FUTURO DELL\u2019AMMINISTRAZIONE TURESE <\/strong>&#8211; \u201cQuesta \u00e8 una domanda difficile. L\u2019amministrazione di Turi ha un leader, una persona che ha avuto tanti voti, a Turi probabilmente sperava, ed era giusto secondo me chiedere qualche voto in pi\u00f9, almeno per quello che \u00e8 stato fatto sul piano personale. Boccardi meritava pi\u00f9 voti per quello che ha fatto per Turi in termini di disponibilit\u00e0. Che cosa succeder\u00e0? Beh, credo che questo risultato aiuti la stabilit\u00e0 dell\u2019amministrazione\u2026 credo che non succeder\u00e0 niente. E\u2019 vero anche che Boccardi andr\u00e0 a collocarsi all\u2019opposizione, non so se questo possa modificare i programmi o creare qualche apprensione o difficolt\u00e0. Io credo per\u00f2, che non succeder\u00e0 niente. <strong>Se l\u2019amministrazione lavorer\u00e0 bene o male io questo non lo so, lo vedremo&#8230; Intanto c\u2019\u00e8 un dato che bisogna considerare: noi dobbiamo prepararci alle comunali, e ci stiamo gi\u00e0 pensando per la verit\u00e0, anche perch\u00e9, come ho detto, se guardiamo alle forze in campo oggi, personalmente io rappresento qualcosa nel panorama politico turese\u2026<\/strong>\u201d.<\/p>\n<p>Davide Bellomo, assessore provinciale e collega di Resta, \u00e8 stato eletto con i Pugliesi per Palese. Cosa accadr\u00e0 in Provincia? \u201cBeh, l\u00ec forse qualche problemino potrebbe nascere, ma di questo parliamone un\u2019altra volta\u2026\u201d.<\/p>\n<p>\u00a0<\/p>\n<p><\/p>\n","protected":false},"excerpt":{"rendered":"<p><img loading=\"lazy\" decoding=\"async\" class=\" size-full wp-image-78\" alt=\"Onofrio_Resta\" src=\"https:\/\/archivioturi.lavocedelpaese.info\/wp-content\/uploads\/2009\/07\/Onofrio_Resta.jpg\" height=\"150\" width=\"320\" \/> <\/p>\n","protected":false},"author":1,"featured_media":78,"comment_status":"open","ping_status":"closed","sticky":false,"template":"","format":"standard","meta":{"colormag_page_container_layout":"default_layout","colormag_page_sidebar_layout":"default_layout","footnotes":""},"categories":[4],"tags":[],"class_list":["post-1803","post","type-post","status-publish","format-standard","has-post-thumbnail","hentry","category-politica"],"_links":{"self":[{"href":"https:\/\/archivioturi.lavocedelpaese.info\/index.php\/wp-json\/wp\/v2\/posts\/1803","targetHints":{"allow":["GET"]}}],"collection":[{"href":"https:\/\/archivioturi.lavocedelpaese.info\/index.php\/wp-json\/wp\/v2\/posts"}],"about":[{"href":"https:\/\/archivioturi.lavocedelpaese.info\/index.php\/wp-json\/wp\/v2\/types\/post"}],"author":[{"embeddable":true,"href":"https:\/\/archivioturi.lavocedelpaese.info\/index.php\/wp-json\/wp\/v2\/users\/1"}],"replies":[{"embeddable":true,"href":"https:\/\/archivioturi.lavocedelpaese.info\/index.php\/wp-json\/wp\/v2\/comments?post=1803"}],"version-history":[{"count":0,"href":"https:\/\/archivioturi.lavocedelpaese.info\/index.php\/wp-json\/wp\/v2\/posts\/1803\/revisions"}],"wp:featuredmedia":[{"embeddable":true,"href":"https:\/\/archivioturi.lavocedelpaese.info\/index.php\/wp-json\/wp\/v2\/media\/78"}],"wp:attachment":[{"href":"https:\/\/archivioturi.lavocedelpaese.info\/index.php\/wp-json\/wp\/v2\/media?parent=1803"}],"wp:term":[{"taxonomy":"category","embeddable":true,"href":"https:\/\/archivioturi.lavocedelpaese.info\/index.php\/wp-json\/wp\/v2\/categories?post=1803"},{"taxonomy":"post_tag","embeddable":true,"href":"https:\/\/archivioturi.lavocedelpaese.info\/index.php\/wp-json\/wp\/v2\/tags?post=1803"}],"curies":[{"name":"wp","href":"https:\/\/api.w.org\/{rel}","templated":true}]}}