{"id":18011,"date":"2020-12-02T06:27:03","date_gmt":"2020-12-02T06:27:03","guid":{"rendered":"https:\/\/archivioturi.lavocedelpaese.info\/index.php\/2020\/12\/02\/pubblica-illuminazione-nessuno-sara-lasciato-indietro\/"},"modified":"2020-12-02T06:27:03","modified_gmt":"2020-12-02T06:27:03","slug":"pubblica-illuminazione-nessuno-sara-lasciato-indietro","status":"publish","type":"post","link":"https:\/\/archivioturi.lavocedelpaese.info\/index.php\/2020\/12\/02\/pubblica-illuminazione-nessuno-sara-lasciato-indietro\/","title":{"rendered":"Pubblica Illuminazione: \u201cNessuno sar\u00e0 lasciato indietro\u201d"},"content":{"rendered":"<p><img loading=\"lazy\" decoding=\"async\" src=\"https:\/\/live.staticflickr.com\/65535\/50654257923_45d3fdf3e6_m.jpg\" alt=\"cc2\" width=\"320\" height=\"196\" \/><\/p>\n<p style=\"text-align: center;\"><strong>L\u2019assessore Stefano Dell\u2019Aera riassume le attivit\u00e0 di mappatura in corso: \u201cSi sta operando per offrire a tutto il paese un servizio di pubblica illuminazione sicuro ed efficiente\u201d<\/strong><\/p>\n<p style=\"text-align: justify;\">A dare un senso a un Consiglio comunale che, viceversa, si faticherebbe a giustificare \u00e8 la risposta che l\u2019assessore Stefano Dell&#8217;Aera fornisce all\u2019interrogazione sul project financing per l\u2019adeguamento della pubblica illuminazione, avanzata dal consigliere Sergio Spinelli a nome del gruppo \u201cPatto per Turi\u201d.<\/p>\n<p style=\"text-align: justify;\">\u00abIl progetto finanza, che rappresenta per l\u2019Amministrazione un elemento strategico della propria attivit\u00e0, sta proseguendo il proprio iter con l\u2019indizione della gara da parte della Centrale di Committenza Unica del nostro Comune, ovvero Asmel Consortile\u00bb. Cos\u00ec esordisce l\u2019assessore Dell\u2019Aera, ringraziando il consigliere Spinelli per la \u00abpossibilit\u00e0 di informare il Consiglio e la cittadinanza in merito alle attivit\u00e0 che l\u2019Ufficio Tecnico sta svolgendo\u00bb.<\/p>\n<p style=\"text-align: justify;\"><strong>Mappate 107 aree da acquisire<\/strong><\/p>\n<p style=\"text-align: justify;\">\u00abPer la prima volta \u2013 spiega l\u2019assessore \u2013 il Settore Urbanistica ha intrapreso, a partire da settembre 2019, uno studio preciso e puntuale relativo alla situazione delle mancate cessioni gratuite al Comune di Turi di aree destinate a sedi viarie e a standard, nonostante le prescrizioni riportate nei permessi a costruire rilasciati negli anni dal Comune di Turi\u00bb.<\/p>\n<p style=\"text-align: justify;\">Una ricognizione che si \u00e8 articolata in due fasi consequenziali, entrambe affidate all\u2019ingegner Stasi. Nella prima, focalizzata sul ricalcolo degli oneri di urbanizzazione non versati, \u00absono emerse 33 cessioni gratuite mancanti, riferite alle annualit\u00e0 dal 2009 al 2011\u00bb. La seconda fase, iniziata ad agosto 2020, \u00e8 partita dall\u2019obiettivo di \u00abregolarizzare le 33 pratiche precedentemente individuate\u00bb, in modo da formalizzarne l\u2019acquisizione al patrimonio pubblico, e si \u00e8 poi estesa all\u2019esame delle pratiche edilizie dal 2001 al 2016, \u00abavendo accertato l\u2019esistenza di ulteriori 74 permessi di costruire riportanti la prescrizione della cessione gratuita in favore del Comune\u00bb.<\/p>\n<p style=\"text-align: justify;\">\u00abDall\u2019analisi di tutte le pratiche edilizie rilasciate dal 2001 al 2016 \u2013 dichiara Dell\u2019Aera, tirando le somme \u2013 \u00e8 emerso che ci sono 107 aree da acquisire al patrimonio comunale, spesso insieme al relativo impianto di pubblica illuminazione. \u00c8 bene chiarire che, di frequente, una strada \u00e8 composta da pi\u00f9 aree\u00bb.<\/p>\n<p style=\"text-align: justify;\">\u00abQuesta Amministrazione \u2013 tiene a precisare \u2013 ha ereditato un impianto di pubblica illuminazione fatiscente e un\u2019enormit\u00e0 di cessione non fatte. Si ritiene, quindi, prioritario e necessario porre in atto tutte le attivit\u00e0 per sanare tali situazioni anomale, che potrebbero inficiare la regolarit\u00e0 dei diversi permessi a costruire, visto che fino a questo momento non risultano ottemperate le prescrizioni poste in calce agli stessi\u00bb.<\/p>\n<p style=\"text-align: justify;\"><strong>70 nuovi punti luce per illuminare il paese<\/strong><\/p>\n<p style=\"text-align: justify;\">\u00abContestualmente \u2013 aggiunge l\u2019assessore, continuando la sua disamina \u2013 l\u2019Ufficio sta procedendo al confronto fra la documentazione cartografica in possesso, e mi riferisco all\u2019ortofoto e alle planimetrie dell\u2019impianto di pubblica illuminazione, con il reale stato dei luoghi: alla data odierna, \u00e8 emerso un fabbisogno di circa 70 nuovi punti luce necessari, a ci\u00f2 si sommano le strade che hanno gi\u00e0 un proprio impianto di pubblica illuminazione ancora non annesso alla rete pubblica e quindi attualmente spento\u00bb.<\/p>\n<p style=\"text-align: justify;\">Altro incarico che l\u2019Ufficio Tecnico sta portando avanti in queste settimane \u00e8 \u00abil raffronto delle aree mappate con l\u2019attuale numerazione particellare del Catasto, operazione non semplice ma necessaria a identificare le porzioni stradali da cedere. L\u2019Amministrazione si impegner\u00e0, successivamente, ad approvare in Giunta lo schema propedeutico alla cessione gratuita, fornendo cos\u00ec apposito indirizzo al Settore V affinch\u00e9 provveda ad adempiere conseguentemente\u00bb.<\/p>\n<p style=\"text-align: justify;\">\u00abResta fermo \u2013 rassicura Dell\u2019Aera \u2013 che l\u2019Amministrazione, prima di approvare il progetto esecutivo, porr\u00e0 la giusta attenzione all\u2019inserimento in maniera prioritaria delle necessit\u00e0 che stanno emergendo da questa attivit\u00e0 ricognitiva; parimenti resta immutata la disponibilit\u00e0 ad accogliere qualsiasi contributo che vada nella direzione di soddisfare al meglio le esigenze del territorio. Concludo sottolineando che questa Amministrazione sta operando con determinazione nell\u2019interesse di tutta la cittadinanza, per non lasciare nessuno indietro e fornire a tutti e allo stesso modo, sia in centro che in periferia, un servizio di pubblica illuminazione sicuro ed efficientato\u00bb.<\/p>\n<p style=\"text-align: right;\"><strong>FD<\/strong><\/p>\n","protected":false},"excerpt":{"rendered":"<p><img loading=\"lazy\" decoding=\"async\" src=\"https:\/\/live.staticflickr.com\/65535\/50654257923_45d3fdf3e6_m.jpg\" alt=\"cc2\" width=\"320\" height=\"196\" \/><\/p>\n","protected":false},"author":1,"featured_media":0,"comment_status":"open","ping_status":"closed","sticky":false,"template":"","format":"standard","meta":{"colormag_page_container_layout":"default_layout","colormag_page_sidebar_layout":"default_layout","footnotes":""},"categories":[4],"tags":[],"class_list":["post-18011","post","type-post","status-publish","format-standard","hentry","category-politica"],"_links":{"self":[{"href":"https:\/\/archivioturi.lavocedelpaese.info\/index.php\/wp-json\/wp\/v2\/posts\/18011","targetHints":{"allow":["GET"]}}],"collection":[{"href":"https:\/\/archivioturi.lavocedelpaese.info\/index.php\/wp-json\/wp\/v2\/posts"}],"about":[{"href":"https:\/\/archivioturi.lavocedelpaese.info\/index.php\/wp-json\/wp\/v2\/types\/post"}],"author":[{"embeddable":true,"href":"https:\/\/archivioturi.lavocedelpaese.info\/index.php\/wp-json\/wp\/v2\/users\/1"}],"replies":[{"embeddable":true,"href":"https:\/\/archivioturi.lavocedelpaese.info\/index.php\/wp-json\/wp\/v2\/comments?post=18011"}],"version-history":[{"count":0,"href":"https:\/\/archivioturi.lavocedelpaese.info\/index.php\/wp-json\/wp\/v2\/posts\/18011\/revisions"}],"wp:attachment":[{"href":"https:\/\/archivioturi.lavocedelpaese.info\/index.php\/wp-json\/wp\/v2\/media?parent=18011"}],"wp:term":[{"taxonomy":"category","embeddable":true,"href":"https:\/\/archivioturi.lavocedelpaese.info\/index.php\/wp-json\/wp\/v2\/categories?post=18011"},{"taxonomy":"post_tag","embeddable":true,"href":"https:\/\/archivioturi.lavocedelpaese.info\/index.php\/wp-json\/wp\/v2\/tags?post=18011"}],"curies":[{"name":"wp","href":"https:\/\/api.w.org\/{rel}","templated":true}]}}