{"id":18008,"date":"2020-12-01T06:25:39","date_gmt":"2020-12-01T06:25:39","guid":{"rendered":"https:\/\/archivioturi.lavocedelpaese.info\/index.php\/2020\/12\/01\/lilli-susca-supplisce-al-silenzio-della-maggioranza\/"},"modified":"2020-12-01T06:25:39","modified_gmt":"2020-12-01T06:25:39","slug":"lilli-susca-supplisce-al-silenzio-della-maggioranza","status":"publish","type":"post","link":"https:\/\/archivioturi.lavocedelpaese.info\/index.php\/2020\/12\/01\/lilli-susca-supplisce-al-silenzio-della-maggioranza\/","title":{"rendered":"Lilli Susca \u2018supplisce\u2019 al silenzio della maggioranza"},"content":{"rendered":"<p><img loading=\"lazy\" decoding=\"async\" src=\"https:\/\/live.staticflickr.com\/65535\/50655082002_f0fe7469f8_m.jpg\" alt=\"lilli susca\" width=\"320\" height=\"217\" \/><\/p>\n<p style=\"text-align: center;\"><strong>Il consigliere di minoranza ripercorre i passaggi che hanno portato al ritiro della delibera sull\u2019allargamento di via Noci<\/strong><\/p>\n<p style=\"text-align: justify;\">Dopo la votazione, viene data la parola al consigliere di minoranza Lilli Susca che ricostruisce i passaggi della vicenda di via Noci, \u201csupplendo\u201d all\u2019imbarazzante silenzio dei banchi della maggioranza. Un silenzio frutto anche di una gestione dei lavori consiliari che \u00e8 apparsa quantomeno \u201cingessata\u201d, trincerata dietro una ferrea applicazione del Regolamento che ha spiazzato tutti: considerate le \u201cderoghe\u201d alle norme statutarie che il sindaco ha sempre concesso pur di promuovere il dibattito costruttivo tra maggioranza e opposizione, sfugge il motivo per cui in questa circostanza si sia voluto optare per la \u201clinea dura\u201d, bloccando sul nascere il confronto.<\/p>\n<p style=\"text-align: justify;\">Ritornando alla cronistoria fornita dal consigliere Susca, si parte dalla riunione della Seconda Commissione consiliare, convocata venerd\u00ec 20, in cui si \u00e8 registrata l\u2019astensione di tutti i componenti: \u00abLe motivazioni che hanno portato i consiglieri di maggioranza ad astenersi \u2013 spiega \u2013 possono essere le pi\u00f9 disparate ma \u00e8 un dato importante: significa che la maggioranza non sta lavorando all&#8217;unisono, altrimenti non si spiegherebbe come mai si arrivi in Commissione a discutere di una proposta di delibera e ci si astenga dopo il mio intervento. Un intervento che aveva l\u2019unico obiettivo di chiedere una pi\u00f9 attenta valutazione dell\u2019ambiguit\u00e0 che si \u00e8 creata all\u2019indomani dell\u2019osservazione di un privato cittadino, che teme che questo allargamento vada a compromettere il corretto funzionamento del suo impianto fotovoltaico\u00bb.<\/p>\n<p style=\"text-align: justify;\">\u00abQuesta osservazione \u2013 evidenzia il consigliere \u2013 \u00e8 stata presentata il 30 luglio, c\u2019\u00e8 stata una risposta da parte dell&#8217;Ufficio Tecnico che, come consigliere di minoranza, ritengo non sufficiente a far stare l&#8217;intera comunit\u00e0 tranquilla. Il rischio \u00e8 che ci sia un ulteriore impedimento all\u2019attuazione di questo progetto di ampliamento, che \u00e8 assolutamente condivisibile e nessuno vuole ostacolare poich\u00e9 va in direzione di migliore viabilit\u00e0 e sicurezza\u00bb.<\/p>\n<p style=\"text-align: justify;\">\u00abPoich\u00e9 il privato cittadino ha presentato questa osservazione dicendo che non si fermer\u00e0 davanti a una risposta non circostanziata \u2013 prosegue \u2013 ho proposto alla Seconda Commissione di astenerci, ritendendo che fosse importante approvare il provvedimento quando tutto sia chiaro, palese e motivato. Non basta una controdeduzione dell&#8217;Ufficio Tecnico se non \u00e8 supportata da una relazione tecnica con planimetrie e calcoli legati a un sopralluogo, di cui si parla in maniera generica e di cui non ho trovato alcun riscontro\u00bb.<\/p>\n<p style=\"text-align: justify;\">\u00abOggi \u2013 conclude \u2013 siamo arrivati a questa votazione che prevede un ennesimo rallentamento dovuto al fatto che non si vuole affrontare la realt\u00e0: siamo di fronte a una maggioranza non unita, che non si parla, che non ha le idee chiare su come affrontare questioni che, con un maggiore spirito di collaborazione e abnegazione, si sarebbero risolte in molto meno tempo\u00bb.<\/p>\n<p style=\"text-align: right;\"><strong>FD<\/strong><\/p>\n","protected":false},"excerpt":{"rendered":"<p><img loading=\"lazy\" decoding=\"async\" src=\"https:\/\/live.staticflickr.com\/65535\/50655082002_f0fe7469f8_m.jpg\" alt=\"lilli susca\" width=\"320\" height=\"217\" \/><\/p>\n","protected":false},"author":1,"featured_media":0,"comment_status":"open","ping_status":"closed","sticky":false,"template":"","format":"standard","meta":{"colormag_page_container_layout":"default_layout","colormag_page_sidebar_layout":"default_layout","footnotes":""},"categories":[4],"tags":[],"class_list":["post-18008","post","type-post","status-publish","format-standard","hentry","category-politica"],"_links":{"self":[{"href":"https:\/\/archivioturi.lavocedelpaese.info\/index.php\/wp-json\/wp\/v2\/posts\/18008","targetHints":{"allow":["GET"]}}],"collection":[{"href":"https:\/\/archivioturi.lavocedelpaese.info\/index.php\/wp-json\/wp\/v2\/posts"}],"about":[{"href":"https:\/\/archivioturi.lavocedelpaese.info\/index.php\/wp-json\/wp\/v2\/types\/post"}],"author":[{"embeddable":true,"href":"https:\/\/archivioturi.lavocedelpaese.info\/index.php\/wp-json\/wp\/v2\/users\/1"}],"replies":[{"embeddable":true,"href":"https:\/\/archivioturi.lavocedelpaese.info\/index.php\/wp-json\/wp\/v2\/comments?post=18008"}],"version-history":[{"count":0,"href":"https:\/\/archivioturi.lavocedelpaese.info\/index.php\/wp-json\/wp\/v2\/posts\/18008\/revisions"}],"wp:attachment":[{"href":"https:\/\/archivioturi.lavocedelpaese.info\/index.php\/wp-json\/wp\/v2\/media?parent=18008"}],"wp:term":[{"taxonomy":"category","embeddable":true,"href":"https:\/\/archivioturi.lavocedelpaese.info\/index.php\/wp-json\/wp\/v2\/categories?post=18008"},{"taxonomy":"post_tag","embeddable":true,"href":"https:\/\/archivioturi.lavocedelpaese.info\/index.php\/wp-json\/wp\/v2\/tags?post=18008"}],"curies":[{"name":"wp","href":"https:\/\/api.w.org\/{rel}","templated":true}]}}