{"id":18005,"date":"2020-11-30T06:30:16","date_gmt":"2020-11-30T06:30:16","guid":{"rendered":"https:\/\/archivioturi.lavocedelpaese.info\/index.php\/2020\/11\/30\/un-consiglio-comunale-inutile\/"},"modified":"2020-11-30T06:30:16","modified_gmt":"2020-11-30T06:30:16","slug":"un-consiglio-comunale-inutile","status":"publish","type":"post","link":"https:\/\/archivioturi.lavocedelpaese.info\/index.php\/2020\/11\/30\/un-consiglio-comunale-inutile\/","title":{"rendered":"Un Consiglio comunale \u201cinutile\u201d"},"content":{"rendered":"<p><img loading=\"lazy\" decoding=\"async\" src=\"https:\/\/live.staticflickr.com\/65535\/50654230803_1cfee4f91d_n.jpg\" alt=\"cc7\" width=\"320\" height=\"180\" \/><\/p>\n<p style=\"text-align: center;\"><strong>L\u2019approvazione dell\u2019allargamento di via Noci viene ritirata in attesa di chiarimenti dalla Citt\u00e0 Metropolitana<\/strong><\/p>\n<p style=\"text-align: justify;\">Data l\u2019assenza del sindaco Tina Resta, a dirigere i lavori dell\u2019assise cittadina, riunitasi luned\u00ec 23 novembre, \u00e8 l\u2019assessore Fabio Topputi, in qualit\u00e0 di vicepresidente del Consiglio; carica che, come chiarisce il Segretario comunale, spetta al consigliere pi\u00f9 suffragato.<\/p>\n<p style=\"text-align: justify;\">Si inizia con le comunicazioni centrate sui dati dell\u2019emergenza Covid: \u00abAd oggi \u2013 scandisce Topputi \u2013 abbiamo 31 casi positivi e 16 in isolamento fiduciario. Colgo l\u2019occasione per raccomandare alla cittadinanza di rispettare le regole di prevenzione (distanziamento, mascherina e igiene personale) e di uscire solo per necessit\u00e0\u00bb.<\/p>\n<p style=\"text-align: justify;\">A seguire, d\u2019un fiato, vengono approvati all\u2019unanimit\u00e0 i verbali delle precedenti sedute e si procede alla nomina del nuovo membro della Terza Commissione consiliare, in sostituzione dell\u2019assessore Imma Bianco: il capogruppo di maggioranza Lanfranco Netti propone il consigliere Teresa De Carolis sulla cui nomina convergono i voti di maggioranza e opposizione.<\/p>\n<p style=\"text-align: justify;\"><strong>Via Noci \u2018si ritira\u2019 per \u2018chiarirsi le idee\u2019<\/strong><\/p>\n<p style=\"text-align: justify;\">Espletate le formalit\u00e0, si giunge al quarto punto all\u2019ordine del giorno: l\u2019approvazione della variante al Piano Urbanistico Generale (PUG), necessaria per risvegliare dal torpore lungo oltre 11 anni l\u2019intervento di allargamento del tratto di via Noci, a partire dall\u2019inizio dell\u2019abitato e fino all\u2019intersezione con la Strada Provinciale 58.<\/p>\n<p style=\"text-align: justify;\">Il vicepresidente Topputi sorprende tutti, comunicando l\u2019intenzione di ritirare il punto all\u2019ordine del giorno \u00abper gli approfondimento del caso alla luce della nota, giunta dopo lo svolgimento della Seconda Commissione consiliare, a firma del legale che rappresenta il cittadino che ha presentato un\u2019osservazione alla variante al PUG\u00bb.<\/p>\n<p style=\"text-align: justify;\">Il consigliere Giannalisa Zaccheo chiede di prendere la parola ma Topputi la gela: \u00abNon si pu\u00f2 discutere, si deve solo votare la proposta di ritiro\u00bb. Tesi supportata anche dal Segretario Generale, la dott.ssa Calabrese, cui il vicepresidente chiede conforto.<\/p>\n<p style=\"text-align: justify;\">\u00abSiamo in Consiglio comunale e dovete dare parola ai consiglieri \u2013 sbotta il capogruppo di \u201cPatto per Turi\u201d, Angelo Palmisano \u2013 \u00e8 inammissibile che non si possa discutere. \u00c8 un Consiglio inutile, che viene pagato dalla comunit\u00e0\u00bb.<\/p>\n<p style=\"text-align: justify;\">\u00abSe ci fosse stato il sindaco \u2013 obietta la Zaccheo \u2013 avrebbe permesso la discussione, non capisco la rigidit\u00e0 di oggi\u00bb.<\/p>\n<p style=\"text-align: justify;\">Topputi, sostenuto dal consigliere De Florio, prova invano a placare la polemica: \u00abSe ne potr\u00e0 discutere nel prossimo Consiglio utile. Votiamo per il ritiro, se poi i consiglieri vorranno parlare lo potranno fare ma senza entrare nel merito dell\u2019argomento\u00bb.<\/p>\n<p style=\"text-align: justify;\"><strong>La \u201cfilastrocca\u201d della Citt\u00e0 Metropolitana<\/strong><\/p>\n<p style=\"text-align: justify;\">A questo punto, la minoranza esige di avere una spiegazione pi\u00f9 circostanziata sulle ragioni del rinvio; tuttavia, il vicepresidente non aggiunge maggiori elementi che chiariscano la decisione della maggioranza, bens\u00ec si limita a ripetere che si \u00e8 inoltrata \u00abuna nota di chiarimento alla Citt\u00e0 Metropolitana, la risposta arriver\u00e0 a giorni e saremo tutti pi\u00f9 sereni\u00bb.<\/p>\n<p style=\"text-align: justify;\">Il consigliere Zaccheo non ci sta e incalza: \u00abL\u2019osservazione del cittadino \u00e8 arrivata in data 30 luglio: da allora ad oggi, cosa non vi \u00e8 chiaro rispetto alla delibera? Avete avuto pi\u00f9 di quattro mesi per chiedere tutte le delucidazioni del caso e oggi state ritirando il punto all\u2019ordine del giorno, l\u2019unico di un Consiglio che viene a costare alla cittadinanza 20 euro per ogni consigliere intervenuto, cui si sommano i 20 euro di indennit\u00e0 dei membri della Commissione. Tutto senza fornire una motivazione. Ritengo sia un comportamento di una gravit\u00e0 inaudita\u00bb.<\/p>\n<p style=\"text-align: justify;\">\u00abTra l\u2019altro \u2013 aggiunge il capogruppo del Gruppo Misto \u2013 vi ricordo che, a dicembre dell\u2019anno scorso, quando si \u00e8 discusso questo provvedimento avevamo sollecitato delle integrazioni per migliorare il progetto e ci \u00e8 stato detto che non c\u2019erano i tempi e bisognava procedere. Evidentemente i tempi non sono cos\u00ec stretti, ci riserviamo quindi di presentare tutte le osservazioni del caso\u00bb.<\/p>\n<p style=\"text-align: justify;\">Prima di cedere la parola, il consigliere Zaccheo preannuncia di aver esaminato attentamente la documentazione allegata riscontrando \u00abdelle discordanze sul piano economico riguardo alle particelle oggetto di esproprio\u00bb. Inoltre, afferma che il progetto potrebbe essere viziato in partenza, giacch\u00e9 \u00abnon contempla la realizzazione di una pista ciclabile, obbligatoria dal 1998 per qualsiasi intervento che riguardi la costruzione di una nuova strada o il rifacimento di una gi\u00e0 esistente\u00bb. \u00abContinuiamo a non osservare un obbligo di legge; prendiamo atto di questa inefficienza e inefficacia dell\u2019esecutivo\u00bb \u2013 chiosa rinnovando l\u2019appello a \u00abconoscere i motivi del ritiro\u00bb.<\/p>\n<p style=\"text-align: justify;\"><strong>La votazione e la protesta della minoranza<\/strong><\/p>\n<p style=\"text-align: justify;\">Topputi non riesce a tener testa alla richiesta di argomentare il ritiro e recita per l\u2019ennesima volta la \u201cfilastrocca\u201d della nota alla Citt\u00e0 Metropolitana, chiudendo la discussione e sollecitando la votazione. L\u2019esito \u00e8 scontato: 4 voti contrari della minoranza e 9 voti favorevoli della maggioranza; i consiglieri Lanfranco Netti e Tiziana Di Bari non partecipano in quanto incompatibili.<\/p>\n<p style=\"text-align: justify;\">\u00abEnnesima prova di incapacit\u00e0 e mancanza di trasparenza\u00bb \u2013 commenta amaramente il consigliere Spinelli poco prima che Angelo Palmisano, come atto di simbolica protesta, chieda al Segretario generale che venga messa a verbale \u00abla decisione di tutti i consiglieri di minoranza di rinunciare al gettone di presenza per questo Consiglio\u00bb.<\/p>\n<p style=\"text-align: right;\"><strong>Fabio D\u2019Aprile<\/strong><\/p>\n","protected":false},"excerpt":{"rendered":"<p><img loading=\"lazy\" decoding=\"async\" src=\"https:\/\/live.staticflickr.com\/65535\/50654230803_1cfee4f91d_n.jpg\" alt=\"cc7\" width=\"320\" height=\"180\" \/><\/p>\n","protected":false},"author":1,"featured_media":0,"comment_status":"open","ping_status":"closed","sticky":false,"template":"","format":"standard","meta":{"colormag_page_container_layout":"default_layout","colormag_page_sidebar_layout":"default_layout","footnotes":""},"categories":[4],"tags":[],"class_list":["post-18005","post","type-post","status-publish","format-standard","hentry","category-politica"],"_links":{"self":[{"href":"https:\/\/archivioturi.lavocedelpaese.info\/index.php\/wp-json\/wp\/v2\/posts\/18005","targetHints":{"allow":["GET"]}}],"collection":[{"href":"https:\/\/archivioturi.lavocedelpaese.info\/index.php\/wp-json\/wp\/v2\/posts"}],"about":[{"href":"https:\/\/archivioturi.lavocedelpaese.info\/index.php\/wp-json\/wp\/v2\/types\/post"}],"author":[{"embeddable":true,"href":"https:\/\/archivioturi.lavocedelpaese.info\/index.php\/wp-json\/wp\/v2\/users\/1"}],"replies":[{"embeddable":true,"href":"https:\/\/archivioturi.lavocedelpaese.info\/index.php\/wp-json\/wp\/v2\/comments?post=18005"}],"version-history":[{"count":0,"href":"https:\/\/archivioturi.lavocedelpaese.info\/index.php\/wp-json\/wp\/v2\/posts\/18005\/revisions"}],"wp:attachment":[{"href":"https:\/\/archivioturi.lavocedelpaese.info\/index.php\/wp-json\/wp\/v2\/media?parent=18005"}],"wp:term":[{"taxonomy":"category","embeddable":true,"href":"https:\/\/archivioturi.lavocedelpaese.info\/index.php\/wp-json\/wp\/v2\/categories?post=18005"},{"taxonomy":"post_tag","embeddable":true,"href":"https:\/\/archivioturi.lavocedelpaese.info\/index.php\/wp-json\/wp\/v2\/tags?post=18005"}],"curies":[{"name":"wp","href":"https:\/\/api.w.org\/{rel}","templated":true}]}}