{"id":18004,"date":"2020-11-29T13:47:50","date_gmt":"2020-11-29T13:47:50","guid":{"rendered":"https:\/\/archivioturi.lavocedelpaese.info\/index.php\/2020\/11\/29\/incendiano-un-contenitore-degli-abiti-usati\/"},"modified":"2020-11-29T13:47:50","modified_gmt":"2020-11-29T13:47:50","slug":"incendiano-un-contenitore-degli-abiti-usati","status":"publish","type":"post","link":"https:\/\/archivioturi.lavocedelpaese.info\/index.php\/2020\/11\/29\/incendiano-un-contenitore-degli-abiti-usati\/","title":{"rendered":"Incendiano un contenitore degli abiti usati"},"content":{"rendered":"<p><img loading=\"lazy\" decoding=\"async\" src=\"https:\/\/live.staticflickr.com\/65535\/50655054437_f1e4ab0c20_n.jpg\" alt=\"rogo abiti 3\" width=\"295\" height=\"320\" \/><\/p>\n<p style=\"text-align: center;\"><strong>Le fiamme sarebbero state innescate dal lancio di un petardo. L\u2019atto vandalico non deve restare impunito<\/strong><\/p>\n<p style=\"text-align: justify;\">Nella serata di domenica 22 novembre, ha preso fuoco un contenitore destinato alla raccolta degli abiti usati, posizionato nei pressi della scuola materna \u201cMadre Teresa di Calcutta\u201d.<\/p>\n<p style=\"text-align: justify;\">Dopo l\u2019allerta lanciata da alcuni cittadini, si \u00e8 mobilitata una pattuglia della Polizia Locale, supportata dai volontari della Protezione Civile, che ha provveduto a mettere in sicurezza l\u2019area in attesa dell\u2019arrivo dei Vigili del Fuoco.<\/p>\n<p><img loading=\"lazy\" decoding=\"async\" src=\"https:\/\/live.staticflickr.com\/65535\/50655054452_cb63ba48cf_n.jpg\" alt=\"rogo abiti 2\" style=\"margin: 6px; float: right;\" width=\"316\" height=\"320\" \/><\/p>\n<p style=\"text-align: justify;\">La squadra del distaccamento di Putignano ha prontamente risposto alla richiesta di intervento e, giunta sul posto, \u00e8 stata costretta a forzare la chiusura di sicurezza del contenitore per poter avere lo spazio sufficiente a introdurre l\u2019idrante e domare le fiamme; operazione portata a termine con successo ma non senza fatica.<\/p>\n<p style=\"text-align: justify;\">Dalle indiscrezioni trapelate, pare che ad innescare il rogo, di evidente natura dolosa, sia stato il lancio di un petardo all\u2019interno del contenitore stesso. Una bravata che, a conti fatti, ha danneggiato la nostra comunit\u00e0 su pi\u00f9 fronti: da un lato ha costretto Vigili del Fuoco, Polizia Locale e Protezione Civile a impegnare risorse e tempo preziosi che potevano essere utilizzati per affrontare situazioni emergenziali reali; dall\u2019altro questo gesto insensato ha reso inutilizzabili gli abiti donati dai cittadini in favore di chi ne ha bisogno, circostanza che, in un frangente storico in cui si lotta con una crescente povert\u00e0, diventa un\u2019aggravante davvero difficile da tollerare. In pi\u00f9, il contenitore \u00e8 ormai inservibile e occorrer\u00e0 sostituirlo.<\/p>\n<p style=\"text-align: justify;\">L\u2019auspicio \u00e8 che i responsabili vengano individuati, non tanto per mero giustizialismo quanto per renderli consapevoli delle conseguenze del proprio comportamento e dargli l\u2019opportunit\u00e0 di rimediare al proprio errore, magari impegnandoli in progetti di utilit\u00e0 comune. Nella maggior parte dei casi, infatti, la \u201cpunizione\u201d, se non \u00e8 accompagnata da un\u2019operazione culturale di responsabilizzazione, finisce per produrre l\u2019effetto contrario, alimentando gli atti vandalici come \u201csfida all\u2019autorit\u00e0\u201d.<\/p>\n","protected":false},"excerpt":{"rendered":"<p><img loading=\"lazy\" decoding=\"async\" src=\"https:\/\/live.staticflickr.com\/65535\/50655054437_f1e4ab0c20_n.jpg\" alt=\"rogo abiti 3\" width=\"295\" height=\"320\" \/><\/p>\n","protected":false},"author":1,"featured_media":0,"comment_status":"open","ping_status":"closed","sticky":false,"template":"","format":"standard","meta":{"colormag_page_container_layout":"default_layout","colormag_page_sidebar_layout":"default_layout","footnotes":""},"categories":[8],"tags":[],"class_list":["post-18004","post","type-post","status-publish","format-standard","hentry","category-cronaca"],"_links":{"self":[{"href":"https:\/\/archivioturi.lavocedelpaese.info\/index.php\/wp-json\/wp\/v2\/posts\/18004","targetHints":{"allow":["GET"]}}],"collection":[{"href":"https:\/\/archivioturi.lavocedelpaese.info\/index.php\/wp-json\/wp\/v2\/posts"}],"about":[{"href":"https:\/\/archivioturi.lavocedelpaese.info\/index.php\/wp-json\/wp\/v2\/types\/post"}],"author":[{"embeddable":true,"href":"https:\/\/archivioturi.lavocedelpaese.info\/index.php\/wp-json\/wp\/v2\/users\/1"}],"replies":[{"embeddable":true,"href":"https:\/\/archivioturi.lavocedelpaese.info\/index.php\/wp-json\/wp\/v2\/comments?post=18004"}],"version-history":[{"count":0,"href":"https:\/\/archivioturi.lavocedelpaese.info\/index.php\/wp-json\/wp\/v2\/posts\/18004\/revisions"}],"wp:attachment":[{"href":"https:\/\/archivioturi.lavocedelpaese.info\/index.php\/wp-json\/wp\/v2\/media?parent=18004"}],"wp:term":[{"taxonomy":"category","embeddable":true,"href":"https:\/\/archivioturi.lavocedelpaese.info\/index.php\/wp-json\/wp\/v2\/categories?post=18004"},{"taxonomy":"post_tag","embeddable":true,"href":"https:\/\/archivioturi.lavocedelpaese.info\/index.php\/wp-json\/wp\/v2\/tags?post=18004"}],"curies":[{"name":"wp","href":"https:\/\/api.w.org\/{rel}","templated":true}]}}