{"id":17994,"date":"2020-11-25T13:33:08","date_gmt":"2020-11-25T13:33:08","guid":{"rendered":"https:\/\/archivioturi.lavocedelpaese.info\/index.php\/2020\/11\/25\/furto-in-via-putignano\/"},"modified":"2020-11-25T13:33:08","modified_gmt":"2020-11-25T13:33:08","slug":"furto-in-via-putignano","status":"publish","type":"post","link":"https:\/\/archivioturi.lavocedelpaese.info\/index.php\/2020\/11\/25\/furto-in-via-putignano\/","title":{"rendered":"Furto in via Putignano"},"content":{"rendered":"<p><img loading=\"lazy\" decoding=\"async\" src=\"https:\/\/live.staticflickr.com\/65535\/50626566637_c4b47082a5_n.jpg\" alt=\"caserma carabinieri turi\" width=\"320\" height=\"214\" \/><\/p>\n<p style=\"text-align: center;\"><strong>I ladri hanno agito in pieno giorno, prendendo di mira un\u2019abitazione a piano terra<\/strong><\/p>\n<p style=\"text-align: justify;\">Brutta sorpresa per i proprietari di un&#8217;abitazione a piano terra, ubicata in una traversa di via Putignano. Rientrati a casa da lavoro, le inconsapevoli vittime hanno notato una finestra vistosamente forzata: dopo l\u2019iniziale comprensibile smarrimento, ci \u00e8 voluto poco a realizzare che i ladri avevano \u201cvisitato\u201d l&#8217;appartamento, guadagnandosi l&#8217;accesso proprio attraverso quella finestra.<\/p>\n<p style=\"text-align: justify;\">I malviventi, che hanno agito in pieno giorno, sono riusciti a portare via un bottino fortunatamente esiguo, consistente in qualche mobile d&#8217;oro. I proprietari hanno subito denunciato l&#8217;accaduto ai Carabinieri della Stazione di Turi che hanno provveduto a eseguire un sopralluogo, raccogliendo gli elementi utili a ricostruire la dinamica del reato e a risalire agli autori del furto. In questo caso, tuttavia, l\u2019attivit\u00e0 degli inquirenti non potr\u00e0 contare sul supporto delle telecamere di sorveglianza, giacch\u00e9 l&#8217;area ne \u00e8 sprovvista.<\/p>\n<p style=\"text-align: justify;\">La vicenda testimonia l\u2019importanza della collaborazione dei cittadini, cui viene rinnovato l&#8217;invito a segnalare ogni situazione sospetta, come ad esempio un&#8217;auto mai vista prima in zona che, magari, sosta per tempi prolungati davanti alle abitazioni. Anche qualora non si sia certi di trovarsi di fronte a un potenziale rischio per la pubblica sicurezza, le Forze dell&#8217;Ordine rassicurano che un controllo in pi\u00f9 non \u00e8 mai tempo sprecato, poich\u00e9 permette da un lato di rassicurare i cittadini e dall&#8217;altro di prevenire un eventuale reato.<\/p>\n<p style=\"text-align: justify;\"><strong>Controlli anti Covid<\/strong><\/p>\n<p style=\"text-align: justify;\">La stessa &#8220;politica&#8221;, basata sullo spirito di cooperazione tra cittadini e Forze dell&#8217;Ordine, andrebbe applicata per fermare sul nascere la presenza di assembramenti o il mancato rispetto delle norme anti Covid.<\/p>\n<p style=\"text-align: justify;\">Premesso che in un mondo ideale non dovrebbe essere necessario l\u2019intervento dei Carabinieri o degli agenti della Polizia Locale per seguire due o tre semplici regole che ci salvano la vita, bisogna partire dal logico presupposto che i militari non possono essere presenti contemporaneamente in ogni luogo del paese. Vengono pattugliate le aree ritenute pi\u00f9 sensibili, nelle fasce orarie in cui \u00e8 pi\u00f9 plausibile che si creino aggregazioni.<\/p>\n<p style=\"text-align: justify;\">Dunque, piuttosto che riversarsi sui social con generiche esternazioni o lamentele sull\u2019assenza di controlli, \u00e8 molto pi\u00f9 utile segnalare le infrazioni presso la Caserma dei Carabinieri o il Comando della Polizia Locale. Nel primo caso si alimentano solo infruttuose polemiche, nel secondo si ha la concreta possibilit\u00e0 di far sanzionare i trasgressori. Facile intuire cosa sia pi\u00f9 \u201cconveniente\u201d, sempre che l\u2019obiettivo sia quello di dare una mano a censurare tutti gli atteggiamenti scorretti e irresponsabili che mettono a rischio la salute dell\u2019intera comunit\u00e0.<\/p>\n<p style=\"text-align: right;\"><strong>Fabio D\u2019Aprile<\/strong><\/p>\n","protected":false},"excerpt":{"rendered":"<p><img loading=\"lazy\" decoding=\"async\" src=\"https:\/\/live.staticflickr.com\/65535\/50626566637_c4b47082a5_n.jpg\" alt=\"caserma carabinieri turi\" width=\"320\" height=\"214\" \/><\/p>\n","protected":false},"author":1,"featured_media":0,"comment_status":"open","ping_status":"closed","sticky":false,"template":"","format":"standard","meta":{"colormag_page_container_layout":"default_layout","colormag_page_sidebar_layout":"default_layout","footnotes":""},"categories":[8],"tags":[],"class_list":["post-17994","post","type-post","status-publish","format-standard","hentry","category-cronaca"],"_links":{"self":[{"href":"https:\/\/archivioturi.lavocedelpaese.info\/index.php\/wp-json\/wp\/v2\/posts\/17994","targetHints":{"allow":["GET"]}}],"collection":[{"href":"https:\/\/archivioturi.lavocedelpaese.info\/index.php\/wp-json\/wp\/v2\/posts"}],"about":[{"href":"https:\/\/archivioturi.lavocedelpaese.info\/index.php\/wp-json\/wp\/v2\/types\/post"}],"author":[{"embeddable":true,"href":"https:\/\/archivioturi.lavocedelpaese.info\/index.php\/wp-json\/wp\/v2\/users\/1"}],"replies":[{"embeddable":true,"href":"https:\/\/archivioturi.lavocedelpaese.info\/index.php\/wp-json\/wp\/v2\/comments?post=17994"}],"version-history":[{"count":0,"href":"https:\/\/archivioturi.lavocedelpaese.info\/index.php\/wp-json\/wp\/v2\/posts\/17994\/revisions"}],"wp:attachment":[{"href":"https:\/\/archivioturi.lavocedelpaese.info\/index.php\/wp-json\/wp\/v2\/media?parent=17994"}],"wp:term":[{"taxonomy":"category","embeddable":true,"href":"https:\/\/archivioturi.lavocedelpaese.info\/index.php\/wp-json\/wp\/v2\/categories?post=17994"},{"taxonomy":"post_tag","embeddable":true,"href":"https:\/\/archivioturi.lavocedelpaese.info\/index.php\/wp-json\/wp\/v2\/tags?post=17994"}],"curies":[{"name":"wp","href":"https:\/\/api.w.org\/{rel}","templated":true}]}}