{"id":17993,"date":"2020-11-25T09:01:15","date_gmt":"2020-11-25T09:01:15","guid":{"rendered":"https:\/\/archivioturi.lavocedelpaese.info\/index.php\/2020\/11\/25\/prolungamento-domenico-cozzolongo-una-strada-da-terzo-mondo\/"},"modified":"2020-11-25T09:01:15","modified_gmt":"2020-11-25T09:01:15","slug":"prolungamento-domenico-cozzolongo-una-strada-da-terzo-mondo","status":"publish","type":"post","link":"https:\/\/archivioturi.lavocedelpaese.info\/index.php\/2020\/11\/25\/prolungamento-domenico-cozzolongo-una-strada-da-terzo-mondo\/","title":{"rendered":"Prolungamento Domenico Cozzolongo, \u201cuna strada da terzo mondo\u201d"},"content":{"rendered":"<p><img loading=\"lazy\" decoding=\"async\" src=\"https:\/\/live.staticflickr.com\/65535\/50626464796_59c19ea624_n.jpg\" alt=\"via cozzolongo (1)\" width=\"320\" height=\"240\" \/><\/p>\n<p style=\"text-align: center;\"><strong>L\u2019esasperazione dei residenti per un\u2019attesa lunga 10 anni: manca l\u2019asfalto, un tombino \u00e8 rialzato di 30 cm e nel frattempo arrivano anche i roditori<\/strong><\/p>\n<p style=\"text-align: justify;\">Dopo esserci occupati di via Cristoforo Colombo, con i suoi tratti \u201cmedievali\u201d, quest\u2019oggi spostiamo il focus su via Domenico Cozzolongo, descritta da chi la abita come una \u201cstrada da Terzo Mondo\u201d. Che si parli di Medioevo o di Terzo Mondo non fa molta differenza, giacch\u00e9 nelle pi\u00f9 sfortunate e tribolate regioni del mondo si ha la sensazione che il tempo si sia tragicamente fermato.<\/p>\n<p style=\"text-align: justify;\"><strong>La testimonianza dei residenti<\/strong><\/p>\n<p><img loading=\"lazy\" decoding=\"async\" src=\"https:\/\/live.staticflickr.com\/65535\/50626464746_810d96dfe8_n.jpg\" alt=\"via cozzolongo (2)\" style=\"margin: 6px; float: right;\" width=\"320\" height=\"240\" \/><\/p>\n<p style=\"text-align: justify;\">\u00abSiamo una famiglia che abita in via \u201cprolungamento\u201d Domenico Cozzolongo. Sono ormai 10 anni che, dopo svariate lettere, petizioni, riunioni con diversi amministratori comunali, la suddetta via non si riesce ad asfaltare. Di certo, diverse persone hanno riportato cadute. La polvere pervade terrazze, finestre, balconi, biancheria in fase di asciugamento. In ultimo un\u2019ambulanza del 118 aveva grosse difficolt\u00e0 a prelevare un paziente da una abitazione presente in questa strada. Non vanno inoltre tralasciati i danni quotidiani a cui vengono sottoposte le nostre auto.<\/p>\n<p style=\"text-align: justify;\">Prima delle elezioni comunali questa strada era tra le priorit\u00e0, dato il degrado da strada da Terzo Mondo. Tuttavia, le cose non sono andate proprio cos\u00ec; anzi, si viene a sapere indirettamente che si \u00e8 al punto di partenza: mancata acquisizione della strada da parte del Comune; impossibilit\u00e0 nel trovare i proprietari, che saranno forse estinti ma sicuramente sconosciuti; in pi\u00f9 gli atti notarili e poi gli appalti. Quindi con tutta la buona volont\u00e0 passeranno altri 10 anni e nel frattempo ufficialmente tutto tace.<\/p>\n<p><img loading=\"lazy\" decoding=\"async\" src=\"https:\/\/live.staticflickr.com\/65535\/50626564942_9b11e37577_n.jpg\" alt=\"via cozzolongo (1)\" style=\"margin: 6px; float: left;\" width=\"320\" height=\"279\" \/><\/p>\n<p style=\"text-align: justify;\">In questo Comune non conoscono le particelle catastali, non sanno chi ha consegnato il progetto per costruire, non conoscono il nome delle ditte di costruzione e dei proprietari, non si conosce il Piano Regolatore. Siamo al punto di sempre, sappiamo esattamente ci\u00f2 che sapevamo gi\u00e0 da tempo.<\/p>\n<p style=\"text-align: justify;\">Se gli amministratori comunali abitassero in questa strada \u2013 sapendo che in Italia, a seconda del \u201cpiacimento\u201d, i tempi si possono accorciare dall&#8217;oggi al domani o allungare di altri 10 anni \u2013 la strada sarebbe stata asfaltata gi\u00e0 da qualche anno. Dato che non \u00e8 cos\u00ec, passer\u00e0 un altro decennio e forse anche un altro ancora e saranno i nostri nipoti a vedere l&#8217;asfalto di questo \u201cprolungamento di via Cozzolongo\u201d. E cos\u00ec il nome ben coniato di \u201cprolungamento, prolungamento, prolungamento di via Cozzolongo\u201d sar\u00e0 una questione che vedranno solo i nostri posteri.<\/p>\n<p style=\"text-align: justify;\">La terra, la polvere e la spazzatura di via Cozzolongo ce la troviamo sulle finestre, sui balconi e sulla biancheria stesa. Si notano roditori di grossa taglia (non conigli) che percorrono la strada. Infine, si fa presente che i tombini delle fogne ormai affiorano di 30 centimetri\u00bb.<\/p>\n<p style=\"text-align: right;\"><strong>LEONARDO FLORIO<\/strong><\/p>\n","protected":false},"excerpt":{"rendered":"<p><img loading=\"lazy\" decoding=\"async\" src=\"https:\/\/live.staticflickr.com\/65535\/50626464796_59c19ea624_n.jpg\" alt=\"via cozzolongo (1)\" width=\"320\" height=\"240\" \/><\/p>\n","protected":false},"author":1,"featured_media":0,"comment_status":"open","ping_status":"closed","sticky":false,"template":"","format":"standard","meta":{"colormag_page_container_layout":"default_layout","colormag_page_sidebar_layout":"default_layout","footnotes":""},"categories":[7],"tags":[],"class_list":["post-17993","post","type-post","status-publish","format-standard","hentry","category-attualita"],"_links":{"self":[{"href":"https:\/\/archivioturi.lavocedelpaese.info\/index.php\/wp-json\/wp\/v2\/posts\/17993","targetHints":{"allow":["GET"]}}],"collection":[{"href":"https:\/\/archivioturi.lavocedelpaese.info\/index.php\/wp-json\/wp\/v2\/posts"}],"about":[{"href":"https:\/\/archivioturi.lavocedelpaese.info\/index.php\/wp-json\/wp\/v2\/types\/post"}],"author":[{"embeddable":true,"href":"https:\/\/archivioturi.lavocedelpaese.info\/index.php\/wp-json\/wp\/v2\/users\/1"}],"replies":[{"embeddable":true,"href":"https:\/\/archivioturi.lavocedelpaese.info\/index.php\/wp-json\/wp\/v2\/comments?post=17993"}],"version-history":[{"count":0,"href":"https:\/\/archivioturi.lavocedelpaese.info\/index.php\/wp-json\/wp\/v2\/posts\/17993\/revisions"}],"wp:attachment":[{"href":"https:\/\/archivioturi.lavocedelpaese.info\/index.php\/wp-json\/wp\/v2\/media?parent=17993"}],"wp:term":[{"taxonomy":"category","embeddable":true,"href":"https:\/\/archivioturi.lavocedelpaese.info\/index.php\/wp-json\/wp\/v2\/categories?post=17993"},{"taxonomy":"post_tag","embeddable":true,"href":"https:\/\/archivioturi.lavocedelpaese.info\/index.php\/wp-json\/wp\/v2\/tags?post=17993"}],"curies":[{"name":"wp","href":"https:\/\/api.w.org\/{rel}","templated":true}]}}