{"id":17991,"date":"2020-11-24T13:25:09","date_gmt":"2020-11-24T13:25:09","guid":{"rendered":"https:\/\/archivioturi.lavocedelpaese.info\/index.php\/2020\/11\/24\/sei-scienziati-amano-inquinare-600-euro-di-multa-per-ciascuno\/"},"modified":"2020-11-24T13:25:09","modified_gmt":"2020-11-24T13:25:09","slug":"sei-scienziati-amano-inquinare-600-euro-di-multa-per-ciascuno","status":"publish","type":"post","link":"https:\/\/archivioturi.lavocedelpaese.info\/index.php\/2020\/11\/24\/sei-scienziati-amano-inquinare-600-euro-di-multa-per-ciascuno\/","title":{"rendered":"Sei \u201cscienziati\u201d amano inquinare: 600 euro di multa per ciascuno"},"content":{"rendered":"<p><img loading=\"lazy\" decoding=\"async\" src=\"https:\/\/live.staticflickr.com\/65535\/50625630443_e8ebcf2af8_n.jpg\" alt=\"multe rifiuti\" width=\"320\" height=\"320\" \/><\/p>\n<p style=\"text-align: center;\"><strong>Dell\u2019Aera: \u201cNel solo bimestre giugno-luglio sono stati multati ben 6 cittadini scoperti ad abbandonare rifiuti per strada\u201d<\/strong><\/p>\n<p style=\"text-align: justify;\">Anche Turi sar\u00e0 presto \u201cTerra dei Fuochi\u201d? Titolavamo cos\u00ec, la scorsa settimana, l\u2019articolo che riportava la notizia di una particolare \u201cresurrezione\u201d. Non c\u2019\u00e8 nulla di cattolico o di leggendario \u2013 casomai stesse pensando all\u2019araba fenice \u2013 in questa rinascita, per quanto si tratti effettivamente di un qualcosa che risorge dalle ceneri. Licenze poetiche a parte, stiamo parlando della montagna di rifiuti presente nello spiazzale antistante l\u2019ex macello, struttura a sua volta fatiscente da tempo immemore: perch\u00e9, si sa, squallore chiama altro squallore; perch\u00e9 il degrado \u00e8 una spirale che tende a scendere, non a salire.<\/p>\n<p style=\"text-align: justify;\">Tornando al \u201cmacello davanti al macello\u201d, non pi\u00f9 tardi dei mesi estivi la montagna di rifiuti l\u00ec presente venne data alle fiamme, salvo poi tornare in vita, grazie al \u201cgentile contributo\u201d di alcuni incivili; sicuramente una minoranza ridotta che, per\u00f2, riesce a produrre rifiuti e danni che nel tempo si accumulano. \u00c8 del passato recente anche il rogo di rifiuti, con buona probabilit\u00e0 di natura dolosa, appiccato in via Ginestre; dalla strada, nel pomeriggio di mercoled\u00ec 4 novembre, si \u00e8 sollevata in cielo una spessa coltre di fumo nero: \u201cSi consuma cos\u00ec un duplice gesto di incivilt\u00e0 verso la comunit\u00e0 turese. Non solo i rifiuti vengono illegalmente abbandonati nelle zone periferiche o in aperta campagna ma, per liberarsi dell&#8217;incomoda presenza, si arriva ad incendiarli\u201d \u2013 scrivevamo in quell\u2019occasione.<\/p>\n<p style=\"text-align: justify;\"><strong>UN \u201cREGALO\u201d DA 3.600 EURO<\/strong><\/p>\n<p style=\"text-align: justify;\">L\u2019Amministrazione, pi\u00f9 volte chiamata in causa su questo tema, ha speso nell\u2019ultimo anno diverse migliaia di euro per un migliore monitoraggio delle periferie e delle aree extra-urbane anche e soprattutto in contrasto all\u2019inquinamento. E i risultati iniziano a concretizzarsi.<\/p>\n<p style=\"text-align: justify;\">Risale a marted\u00ec la comunicazione postata sui social dall\u2019assessore Stefano Dell\u2019Aera: \u00ab6 imbecilli ci regalano \u20ac 3.600. Nel solo bimestre giugno-luglio sono stati multati ben 6 cittadini scoperti ad abbandonare rifiuti per strada. Abbiamo ingaggiato una lotta contro gli incivili e gli zozzoni, tramite controlli, telecamere e appostamenti, che sta producendo i suoi frutti, con sanzioni importanti ma, nonostante il cambio di passo, sar\u00e0 sempre una lotta impari se ci saranno persone disposte ad abbandonare un frigorifero per strada nonostante un servizio gratuito di ritiro da sotto casa. Faccio appello a tutti i turesi per bene ad aiutarci nella nostra battaglia per la tutela dell\u2019ambiente e il decoro. Prima di tutto, c\u2019\u00e8 da vincere una sfida culturale. Noi ce la stiamo mettendo tutta\u00bb.<\/p>\n<p style=\"text-align: justify;\">\u00abL\u2019abbandono di rifiuti \u2013 prosegue \u2013 \u00e8 vietato dal testo unico ambientale (D.Lgs 152\/06) e comporta violazioni di tipo amministrativo, se il trasgressore \u00e8 un privato cittadino, o penali, se a trasgredire \u00e8 un\u2019azienda. Le sanzioni amministrative variano da un minimo di 300 fino a 3.000 euro nei casi pi\u00f9 gravi, mentre nei casi penali le pene possono includere l\u2019arresto fino a 2 anni e multe fino ad un massimo di 26.000 euro\u00bb.<\/p>\n<p style=\"text-align: justify;\">Insomma, volendo stilare un bilancio, questi sei \u201cscienziati\u201d, piuttosto che recarsi all&#8217;isola ecologica o contattare il numero verde della ditta Navita, hanno preferito \u201cbruciare\u201d 600 euro ed inquinare il proprio stesso territorio. Roba da premio Nobel.<\/p>\n<p style=\"text-align: right;\"><strong>LEONARDO FLORIO<\/strong><\/p>\n","protected":false},"excerpt":{"rendered":"<p><img loading=\"lazy\" decoding=\"async\" src=\"https:\/\/live.staticflickr.com\/65535\/50625630443_e8ebcf2af8_n.jpg\" alt=\"multe rifiuti\" width=\"320\" height=\"320\" \/><\/p>\n","protected":false},"author":1,"featured_media":0,"comment_status":"open","ping_status":"closed","sticky":false,"template":"","format":"standard","meta":{"colormag_page_container_layout":"default_layout","colormag_page_sidebar_layout":"default_layout","footnotes":""},"categories":[8],"tags":[],"class_list":["post-17991","post","type-post","status-publish","format-standard","hentry","category-cronaca"],"_links":{"self":[{"href":"https:\/\/archivioturi.lavocedelpaese.info\/index.php\/wp-json\/wp\/v2\/posts\/17991","targetHints":{"allow":["GET"]}}],"collection":[{"href":"https:\/\/archivioturi.lavocedelpaese.info\/index.php\/wp-json\/wp\/v2\/posts"}],"about":[{"href":"https:\/\/archivioturi.lavocedelpaese.info\/index.php\/wp-json\/wp\/v2\/types\/post"}],"author":[{"embeddable":true,"href":"https:\/\/archivioturi.lavocedelpaese.info\/index.php\/wp-json\/wp\/v2\/users\/1"}],"replies":[{"embeddable":true,"href":"https:\/\/archivioturi.lavocedelpaese.info\/index.php\/wp-json\/wp\/v2\/comments?post=17991"}],"version-history":[{"count":0,"href":"https:\/\/archivioturi.lavocedelpaese.info\/index.php\/wp-json\/wp\/v2\/posts\/17991\/revisions"}],"wp:attachment":[{"href":"https:\/\/archivioturi.lavocedelpaese.info\/index.php\/wp-json\/wp\/v2\/media?parent=17991"}],"wp:term":[{"taxonomy":"category","embeddable":true,"href":"https:\/\/archivioturi.lavocedelpaese.info\/index.php\/wp-json\/wp\/v2\/categories?post=17991"},{"taxonomy":"post_tag","embeddable":true,"href":"https:\/\/archivioturi.lavocedelpaese.info\/index.php\/wp-json\/wp\/v2\/tags?post=17991"}],"curies":[{"name":"wp","href":"https:\/\/api.w.org\/{rel}","templated":true}]}}