{"id":17979,"date":"2020-11-19T07:02:22","date_gmt":"2020-11-19T07:02:22","guid":{"rendered":"https:\/\/archivioturi.lavocedelpaese.info\/index.php\/2020\/11\/19\/avvistato-un-ufo-a-turi\/"},"modified":"2020-11-19T07:02:22","modified_gmt":"2020-11-19T07:02:22","slug":"avvistato-un-ufo-a-turi","status":"publish","type":"post","link":"https:\/\/archivioturi.lavocedelpaese.info\/index.php\/2020\/11\/19\/avvistato-un-ufo-a-turi\/","title":{"rendered":"Avvistato un \u201cUfo\u201d a Turi\u2026"},"content":{"rendered":"<p><img loading=\"lazy\" decoding=\"async\" src=\"https:\/\/live.staticflickr.com\/65535\/50598837196_1524b45c9c_n.jpg\" alt=\"WhatsApp Image 2020-11-11 at 15.59.33\" width=\"311\" height=\"320\" \/><\/p>\n<p style=\"text-align: center;\"><strong>Polemiche sui social: un cartello informativo anti-Covid riporta solo avvertenze in inglese.<\/strong><\/p>\n<p style=\"text-align: center;\"><strong>Lutto in famiglia per la De Florio: \u201cConcentriamoci sulle cose importanti. La possibilit\u00e0 di finire in un sacco di plastica \u00e8 reale\u201d<\/strong><\/p>\n<p style=\"text-align: center;\"><strong><br \/><\/strong><\/p>\n<p style=\"text-align: justify;\">Come tutti sapranno, la parola \u2013 o pi\u00f9 propriamente l\u2019acronimo \u2013 inglese \u201cufo\u201d sta per \u201cunidentified flying object\u201d (oggetto volante non identificato). In alternativa ad \u201cunidentified\u201d, capita spesso di imbattersi in \u201cunknown\u201d (sconosciuto). Fatto sta che questo anglicismo, come tanti altri, \u00e8 stato da tempo assorbito nell\u2019uso corrente della nostra lingua, anche perch\u00e9 non comporta estreme difficolt\u00e0 di pronuncia: anzi, a prima vista, \u201cufo\u201d sembra a tutti gli effetti una parola italiana.<\/p>\n<p style=\"text-align: justify;\">Ebbene, fatta questa premessa, pare che a Turi sia atterrato un ufo, un oggetto non identificato, sconosciuto, praticamente alieno; l\u2019avvistamento \u00e8 avvenuto a Largo Pozzi, nell\u2019area mercatale ed il materiale raccolto in queste febbrili circostanze \u00e8 stato condiviso sui social: trattasi di un cartello recante alcune icone, rispettivamente affiancate da una didascalia; proviamo a leggerle: \u201cPut on medical mask\u201d; \u201cAvoid touching goods\u201d; \u201cKeep 1 meter social distance\u201d; \u201cFollow one way walk with only entrance and double exit\u201d; \u201cAvoid crowding\u201d; per una qualsiasi ragione, potremmo non aver avuto il desiderio e\/o la fortuna di studiare la lingua inglese, ragion per cui potremmo avvertire un comprensibile senso di smarrimento, lo stesso che si prova alla vista di un ufo. Tuttavia, come dicevamo, nel cartello in questione le avvertenze riportate in inglese sono tutte riassunte dai dei classici \u201cdisegnini\u201d piuttosto eloquenti.<\/p>\n<p style=\"text-align: justify;\">Lo smarrimento iniziale \u00e8 legittimo, ma, come appena spiegato, non ha senso di esistere se chi \u00e8 di passaggio decide di affidarsi ai \u201cdisegnini\u201d, piuttosto che alle didascalie in inglese; a maggior ragione dal momento che il cartello sta palesemente tentando di ricordare ai passanti due, tre norme molto semplici, ascoltate fino alla nausea negli ultimi mesi: indossare la mascherina, evitare di toccare oggetti altrui, mantenere il distanziamento sociale, evitare gli assembramenti ecc. Ricordarlo fa sempre bene, soprattutto alla luce dei dati attuali sul trend dei contagi; a quanto pare, per\u00f2, secondo alcuni \u00e8 importante ricordarlo nella lingua giusta: anzi, pi\u00f9 nello specifico, solo ed esclusivamente in italiano. A nostro parere, questo sarebbe un atto davvero ingiusto nei confronti di chi non sa leggere o scrivere in italiano, come ad esempio i pi\u00f9 anziani \u2013 anche se certi adulti non sono da meno; per non parlare inoltre di chi \u00e8 affetto da cecit\u00e0 o, magari, degli stranieri. Perch\u00e9, anche se a qualcuno pu\u00f2 dar fastidio, a Turi gli stranieri esistono e non sono pochi, pur essendo anch\u2019essi trattati da ufo, talvolta per partito preso, talvolta per reati realmente commessi.<\/p>\n<p style=\"text-align: justify;\"><strong>LE PRECISAZIONI DELLA DE FLORIO<\/strong><\/p>\n<p><img loading=\"lazy\" decoding=\"async\" src=\"https:\/\/live.staticflickr.com\/65535\/50598089653_1d63be1f43_n.jpg\" alt=\"Il passaggio delle Linee Guida per il commercio su aree pubbliche\" style=\"margin: 6px; float: right;\" width=\"320\" height=\"116\" \/><\/p>\n<p style=\"text-align: justify;\">A quanto pare, dunque, da una rapida analisi della situazione, emerge chiaramente la necessit\u00e0 di adottare soluzioni inclusive, piuttosto che esclusive: invece di sollevare una polemica sull\u2019accento britannico del cartello, considerandolo come qualcosa da ripudiare, sarebbe stato pi\u00f9 \u201csocialmente utile\u201d chiedere che ognuna delle avvertenze fosse scritta anche in italiano, e magari in dialetto, in Braille ecc. Questo accadrebbe in un mondo utopico, assurdo quanto questa stessa polemica, in cui incredibilmente si trascura che \u201ci segnali sono quattro: due in inglese e due in italiano\u201d \u2013 spiega la consigliera Teresita De Florio, da noi intervistata per approfondire questa vicenda. \u201cA fine anno \u2013 prosegue con ironia \u2013 l\u2019Amministrazione non riceve alcun premio in base al numero dei cartelli installati; forse qualcuno avr\u00e0 pensato ad una raccolta punti, ma le cose non stanno cos\u00ec. Il tanto dibattuto cartello \u00e8 previsto dall\u2019ordinanza regionale n.243 che, in merito al commercio al dettaglio su aree pubbliche, dispone tra le misure generali l\u2019installazione, per l\u2019appunto, del cartello informativo. Molto spesso si tende a criticare l\u2019operato in base a ci\u00f2 che \u00e8 immediatamente visibile; in questo caso, per\u00f2, bastava leggere l\u2019ordinanza. Tra l\u2019altro i due segnali sono l\u00ec presenti dai primi di giugno\u201d.<\/p>\n<p style=\"text-align: justify;\">Rimanendo sul filo dell\u2019ironia, chiediamo: non sarebbe possibile integrare con delle didascalie in dialetto, giacch\u00e9 quelle in italiano ci sono gi\u00e0, seppur su altri cartelli? \u201cNon \u00e8 previsto dall\u2019ordinanza, anche se devo ammettere che forse cos\u00ec si riuscirebbe a comprendere meglio cosa fare e cosa non fare in questo periodo\u201d. Prima di tornare alla De Florio, ci sembra opportuno riportarvi il parere di una concittadina, contraria alla sterile polemica: \u201cIo invece lo interpreto come segno di grande apertura mentale. In questo piccolo paese rispettare e considerare anche gli stranieri indipendentemente dal numero di presenze \u00e8 uno dei primi passi verso una cultura. Cultura come dare attenzione e fare attenzione verso il diverso. E l&#8217;esempio deve partire sempre dai cosiddetti indigeni\u201d.<\/p>\n<p style=\"text-align: justify;\"><strong>DE FLORIO: \u201cHO PERSO UNA ZIA PER COMPLICANZE LEGATE AL COVID\u201d<\/strong><\/p>\n<p style=\"text-align: justify;\">Amarissime ironie a parte, durante l\u2019intervista la De Florio non ha potuto nascondere il dolore per quanto ultimamente accaduto nella sua famiglia: \u201cNegli scorsi giorni ho perso una zia per complicazioni legate al Covid-19\u201d. Nei minuti successivi, la consigliera ci ha spiegato le modalit\u00e0 con cui si stanno negli ultimi mesi salutando e seppellendo i defunti; alcuni infatti, in un\u2019immagine purtroppo agghiacciante, vengono conservati e tumulati nudi, in una specie di grande \u201cconfezione\u201d di plastica: per ragioni igieniche spesso non \u00e8 permesso vestirli dignitosamente per la cerimonia funebre.<\/p>\n<p style=\"text-align: justify;\"><strong>Come mai ha voluto inoltrarsi in questi terribili dettagli?<\/strong><\/p>\n<p style=\"text-align: justify;\">\u201cPerch\u00e9 chi come me ha potuto vedere coi propri occhi gli effetti del Covid, sia in vita che post mortem, non ha bisogno di cartelli o segnali. Sappiamo cosa accade. Per chi invece ne \u00e8 all\u2019oscuro e magari nega addirittura l\u2019esistenza del virus, invece, non sono sufficienti tutti i cartelli del mondo, scritti in qualsiasi lingua. Le persone dovrebbero rendersi conto che c\u2019\u00e8 ben poco da ironizzare o polemizzare; conta piuttosto concentrarsi sulle questioni importanti, sul rispetto delle norme, perch\u00e9 la possibilit\u00e0 di finire in un sacco di plastica \u00e8 reale. Capisco che il segnale possa per qualcuno rappresentare uno spreco di denaro, ma come dicevo stiamo parlando di un\u2019ordinanza regionale; in ogni caso le spese non sono totalmente a carico dell\u2019Ente comunale. Non sarebbe male se pensassimo a guardare l\u2019orizzonte, piuttosto che i confini\u201d.<\/p>\n<p style=\"text-align: justify;\"><strong>MERCATO E CONTROLLI: IL PREZIOSO SUPPORTO DELLA PROTEZIONE CIVILE<\/strong><\/p>\n<p style=\"text-align: justify;\"><strong>Come si stanno attualmente organizzando i controlli nell\u2019area mercatale?<\/strong><\/p>\n<p style=\"text-align: justify;\">\u201cSempre allo stesso modo; ovvero ingressi ed uscite contingentati e controllo da parte della Protezione Civile affinch\u00e9 le norme siano rispettate. Gli acquirenti devono sempre indossare la mascherina, mentre gli ambulanti da parte loro devono mettere a disposizione il gel sanificante. A proposito dell\u2019area mercatale, noto con piacere maggiore ordine e pulizia, a differenza di quanto sosterrebbero alcuni cittadini: da una relazione della Polizia Locale, a cui devo obbligatoriamente dare seguito, emerge infatti uno scenario diverso da quello che alcuni vorrebbero prospettare\u201d.<\/p>\n<p style=\"text-align: justify;\"><strong>Continua, dunque, senza sosta l\u2019impegno della Protezione Civile?<\/strong><\/p>\n<p style=\"text-align: justify;\">\u201cEsatto. Ritengo che la Protezione Civile sia un valore aggiunto e dunque un vantaggio enorme per il nostro Comune. I volontari sono sempre pronti, non si tirano mai indietro e danno sempre la certezza di poter contare sul loro supporto. Credo che tutto ci\u00f2 sia meritevole d\u2019attenzione, soprattutto in questo periodo dove i timori in strada, lontano dalle proprie case, non sono pochi. Lo abbiamo visto anche al cimitero: anche in quell\u2019occasione la Protezione Civile si \u00e8 dimostrata attenta e precisa; \u00e8 senza dubbio per noi una grande risorsa\u201d.<\/p>\n<p style=\"text-align: right;\"><strong>LEONARDO FLORIO<\/strong><\/p>\n","protected":false},"excerpt":{"rendered":"<p><img loading=\"lazy\" decoding=\"async\" src=\"https:\/\/live.staticflickr.com\/65535\/50598837196_1524b45c9c_n.jpg\" alt=\"WhatsApp Image 2020-11-11 at 15.59.33\" width=\"311\" height=\"320\" \/><\/p>\n","protected":false},"author":1,"featured_media":0,"comment_status":"open","ping_status":"closed","sticky":false,"template":"","format":"standard","meta":{"colormag_page_container_layout":"default_layout","colormag_page_sidebar_layout":"default_layout","footnotes":""},"categories":[7],"tags":[],"class_list":["post-17979","post","type-post","status-publish","format-standard","hentry","category-attualita"],"_links":{"self":[{"href":"https:\/\/archivioturi.lavocedelpaese.info\/index.php\/wp-json\/wp\/v2\/posts\/17979","targetHints":{"allow":["GET"]}}],"collection":[{"href":"https:\/\/archivioturi.lavocedelpaese.info\/index.php\/wp-json\/wp\/v2\/posts"}],"about":[{"href":"https:\/\/archivioturi.lavocedelpaese.info\/index.php\/wp-json\/wp\/v2\/types\/post"}],"author":[{"embeddable":true,"href":"https:\/\/archivioturi.lavocedelpaese.info\/index.php\/wp-json\/wp\/v2\/users\/1"}],"replies":[{"embeddable":true,"href":"https:\/\/archivioturi.lavocedelpaese.info\/index.php\/wp-json\/wp\/v2\/comments?post=17979"}],"version-history":[{"count":0,"href":"https:\/\/archivioturi.lavocedelpaese.info\/index.php\/wp-json\/wp\/v2\/posts\/17979\/revisions"}],"wp:attachment":[{"href":"https:\/\/archivioturi.lavocedelpaese.info\/index.php\/wp-json\/wp\/v2\/media?parent=17979"}],"wp:term":[{"taxonomy":"category","embeddable":true,"href":"https:\/\/archivioturi.lavocedelpaese.info\/index.php\/wp-json\/wp\/v2\/categories?post=17979"},{"taxonomy":"post_tag","embeddable":true,"href":"https:\/\/archivioturi.lavocedelpaese.info\/index.php\/wp-json\/wp\/v2\/tags?post=17979"}],"curies":[{"name":"wp","href":"https:\/\/api.w.org\/{rel}","templated":true}]}}