{"id":17976,"date":"2020-11-18T13:23:42","date_gmt":"2020-11-18T13:23:42","guid":{"rendered":"https:\/\/archivioturi.lavocedelpaese.info\/index.php\/2020\/11\/18\/chissa-cosa-restera-della-villette\/"},"modified":"2020-11-18T13:23:42","modified_gmt":"2020-11-18T13:23:42","slug":"chissa-cosa-restera-della-villette","status":"publish","type":"post","link":"https:\/\/archivioturi.lavocedelpaese.info\/index.php\/2020\/11\/18\/chissa-cosa-restera-della-villette\/","title":{"rendered":"Chiss\u00e0 cosa rester\u00e0\u2026 della \u201cvill\u00e8tte\u201d"},"content":{"rendered":"<p><img loading=\"lazy\" decoding=\"async\" src=\"https:\/\/live.staticflickr.com\/65535\/50598945437_3302a34cbc_n.jpg\" alt=\"La panchina vandalizzata\" width=\"320\" height=\"271\" \/><\/p>\n<p style=\"text-align: center;\"><strong>La \u201cvill\u00e8tte\u201d di Largo Marchesale necessita di urgente manutenzione: vandalizzata una panchina e marciapiedi impraticabili<\/strong><\/p>\n<p style=\"text-align: justify;\">La parola \u201cdegrado\u201d definisce in s\u00e9 il graduale passaggio da una condizione migliore a una peggiore: in sintesi una situazione di deterioramento, decadimento, rovina. Esistono varie forme di degrado e tra queste anche quello urbano, il quale, a sua volta, assume vari volti come la sporcizia sulle strade, la decadenza architettonica, la povert\u00e0, la delinquenza, la corruzione, l\u2019occupazione indebita di porzioni di territorio. Questi, in sociologia urbana, sono definiti agenti o fattori del degrado. Gli studi a riguardo non mancano e sarebbe interessante provare a studiare la nostra citt\u00e0 sotto questo aspetto; in certi spazi si ha la percezione di non essere in una nazione sviluppata, a riprova del fatto che il calendario che tutti quanti noi seguiamo \u00e8 una \u2013 seppur utile \u2013 convenzione. Il tempo non trascorre uguale in tutto il mondo ed anzi possono emergere differenze in tal senso persino tra comunit\u00e0 distanti pochi chilometri, una manciata di minuti. Tale fenomeno \u00e8 maggiormente marcato nelle nazioni in cui le disuguaglianze sociali sono legate a doppio filo con l\u2019esistenza stessa dell\u2019ordine socioeconomico presente; spesso sono proprio le metropoli, le citt\u00e0 cardine di queste nazioni a rappresentare di quest\u2019ultime il meglio ed il peggio, il sogno e l\u2019incubo.<\/p>\n<p style=\"text-align: justify;\">Adesso, Turi sicuramente non \u00e8 una metropoli e questo pu\u00f2 essere un vantaggio dal punto di vista gestionale ed amministrativo, quindi il degrado dovrebbe essere pi\u00f9 facilmente contenibile. Tuttavia, sempre a proposito di questioni legate al tempo e a come esso viene percepito, la nostra citt\u00e0 \u00e8 da alcuni anni in difficolt\u00e0; certamente non da oggi. Ragion per cui, \u00e8 opportuno che l\u2019Amministrazione non lasci trascorrere altro tempo e dia un segnale forte di cambiamento; molto si \u00e8 fatto, \u00e8 vero, se non fosse che gli effetti del degrado sono cumulativi e quindi la strada da percorrere \u00e8 ancora lunga. Come spesso abbiamo detto a proposito dell\u2019abbandono illecito di rifiuti, i cittadini devono fare la loro parte, cercando di non cadere nella trappola spiegata dalla famosa \u201cteoria delle finestre rotte\u201d, ovvero quella di aggiungere squallore allo squallore gi\u00e0 presente, magari per inerzia, magari per incoscienza, magari per frustrazione.<\/p>\n<p style=\"text-align: justify;\">Questo, d\u2019altronde, \u00e8 quello che ci auguriamo per la \u201cvill\u00e8tte\u201d di Largo Marchesale, recentemente vittima di un incomprensibile attacco; a pagarne le maggiori conseguenze una delle panchine in pietra l\u00ec presenti, parzialmente danneggiata. Incomprensibile, a dire il vero, resta la dinamica con cui \u00e8 stato possibile fare un \u201ccapolavoro\u201d del genere. Ad ogni modo, il primo a segnalare l\u2019accaduto \u00e8 stato Silvano D\u2019Angela, dapprima il 30 ottobre, per poi ribadirlo il 2 novembre, chiedendo che la panchina venisse messa in sicurezza. La Polizia Locale, accolta la segnalazione, \u00e8 intervenuta il 9 novembre mettendo i nastri attorno alla panchina.<\/p>\n<p style=\"text-align: justify;\"><strong>CHISSA COSA RESTER\u00c0&#8230;<\/strong><\/p>\n<p style=\"text-align: justify;\">Discorso leggermente diverso, invece, quello del marciapiede che perimetra la \u201cvill\u00e8tte\u201d: le condizioni in cui versa nel complessivo sono sotto la soglia di tollerabilit\u00e0; in alcuni tratti \u00e8 impresentabile, quindi impraticabile e in aggiunta non poco pericoloso. Nello specifico, il versante del marciapiede che si affaccia su Palazzo Marchesale \u00e8 vistosamente sconnesso e da una parte invaso dalla vegetazione delle aiuole e dall\u2019altra dagli specchietti delle automobili parcheggiate; occorre dunque avere una certa silhouette e una certa agilit\u00e0 per poterci camminare, indi per cui sono esclusi diversamente abili e normodotati con piccoli problemi di linea.<\/p>\n<p><img loading=\"lazy\" decoding=\"async\" src=\"https:\/\/live.staticflickr.com\/65535\/50598945442_4c8eca2863_n.jpg\" alt=\"Foto Pagina Facebook 'Turi com'era'\" style=\"margin: 6px; float: right;\" width=\"320\" height=\"218\" \/><\/p>\n<p style=\"text-align: justify;\">Eppure, c\u2019era un tempo in cui la vill\u00e8tte era pi\u00f9 accessibile (come dimostra lo foto pubblicata dalla Pagina Facebook &#8220;Turi com&#8217;era&#8221;); anzi rappresentava un altro punto molto importante di aggregazione sociale. Basterebbe avere una macchina del tempo e tornare indietro, nei magici anni \u201980: \u00ab\u00c8 qui \u2013 racconta Milko Iacovazzi \u2013 che abbiamo iniziato con le prime partitelle tra amici; \u00e8 qui che abbiamo iniziato a capire cosa realmente fosse una partita di calcio; \u00e8 qui che abbiamo iniziato ad &#8220;assaporare&#8221; cosa potesse significare subire dai vigili (allora in bici) lo \u201cscippo\u201d di un pallone. Ci bastava uno spazio qualsiasi; adesso invece sono scomparsi tutti gli spazi disponibili. Giocavamo nella vill\u00e8tte nonostante l&#8217;intralcio dell&#8217;albero, posizionato al centro (per chi ricorda); due sassi che sostituivano i pali delle porte, e la partita, giocata \u201ccon il sangue agli occhi\u201d (cos\u00ec dicevamo), poteva iniziare. Bei tempi ormai andati, chiss\u00e0 &#8220;cosa rester\u00e0 di quegli anni &#8217;80\u00bb.<\/p>\n<p style=\"text-align: right;\"><strong>LEONARDO FLORIO<\/strong><\/p>\n","protected":false},"excerpt":{"rendered":"<p><img loading=\"lazy\" decoding=\"async\" src=\"https:\/\/live.staticflickr.com\/65535\/50598945437_3302a34cbc_n.jpg\" alt=\"La panchina vandalizzata\" width=\"320\" height=\"271\" \/><\/p>\n","protected":false},"author":1,"featured_media":0,"comment_status":"open","ping_status":"closed","sticky":false,"template":"","format":"standard","meta":{"colormag_page_container_layout":"default_layout","colormag_page_sidebar_layout":"default_layout","footnotes":""},"categories":[7],"tags":[],"class_list":["post-17976","post","type-post","status-publish","format-standard","hentry","category-attualita"],"_links":{"self":[{"href":"https:\/\/archivioturi.lavocedelpaese.info\/index.php\/wp-json\/wp\/v2\/posts\/17976","targetHints":{"allow":["GET"]}}],"collection":[{"href":"https:\/\/archivioturi.lavocedelpaese.info\/index.php\/wp-json\/wp\/v2\/posts"}],"about":[{"href":"https:\/\/archivioturi.lavocedelpaese.info\/index.php\/wp-json\/wp\/v2\/types\/post"}],"author":[{"embeddable":true,"href":"https:\/\/archivioturi.lavocedelpaese.info\/index.php\/wp-json\/wp\/v2\/users\/1"}],"replies":[{"embeddable":true,"href":"https:\/\/archivioturi.lavocedelpaese.info\/index.php\/wp-json\/wp\/v2\/comments?post=17976"}],"version-history":[{"count":0,"href":"https:\/\/archivioturi.lavocedelpaese.info\/index.php\/wp-json\/wp\/v2\/posts\/17976\/revisions"}],"wp:attachment":[{"href":"https:\/\/archivioturi.lavocedelpaese.info\/index.php\/wp-json\/wp\/v2\/media?parent=17976"}],"wp:term":[{"taxonomy":"category","embeddable":true,"href":"https:\/\/archivioturi.lavocedelpaese.info\/index.php\/wp-json\/wp\/v2\/categories?post=17976"},{"taxonomy":"post_tag","embeddable":true,"href":"https:\/\/archivioturi.lavocedelpaese.info\/index.php\/wp-json\/wp\/v2\/tags?post=17976"}],"curies":[{"name":"wp","href":"https:\/\/api.w.org\/{rel}","templated":true}]}}