{"id":17968,"date":"2020-11-15T06:30:20","date_gmt":"2020-11-15T06:30:20","guid":{"rendered":"https:\/\/archivioturi.lavocedelpaese.info\/index.php\/2020\/11\/15\/manutenzione-straordinaria-del-verde-pubblico\/"},"modified":"2020-11-15T06:30:20","modified_gmt":"2020-11-15T06:30:20","slug":"manutenzione-straordinaria-del-verde-pubblico","status":"publish","type":"post","link":"https:\/\/archivioturi.lavocedelpaese.info\/index.php\/2020\/11\/15\/manutenzione-straordinaria-del-verde-pubblico\/","title":{"rendered":"Manutenzione straordinaria del verde pubblico"},"content":{"rendered":"<p><img loading=\"lazy\" decoding=\"async\" src=\"https:\/\/live.staticflickr.com\/65535\/50598930692_989b79171b_n.jpg\" alt=\"villa comunale\" width=\"320\" height=\"240\" \/><\/p>\n<p style=\"text-align: center;\"><strong>L\u2019operazione, intesa a prevenire situazioni di degrado urbano, interesser\u00e0 ben 37 siti sparsi sull\u2019intero territorio comunale<\/strong><\/p>\n<p style=\"text-align: justify;\">Scorrendo i social, di frequente ci si imbatte in segnalazioni di strade e marciapiedi in cui l\u2019erba cresce feconda, piuttosto che di giardini e villette in cui le siepi hanno preso sul serio il monito di essere \u201cad altezza di bambino\u201d.<\/p>\n<p style=\"text-align: justify;\">Situazioni di incuria che non sfuggono all\u2019Amministrazione Resta che, del resto, ha fatto del decoro urbano uno dei biglietti da visita del proprio programma di governo. Ecco perch\u00e9, negli scorsi giorni, \u00e8 stato assegnato all\u2019Ufficio Urbanistica il compito di eseguire una ricognizione dell\u2019intero territorio comunale, individuando le aree pubbliche bisognose di urgenti interventi di messa in sicurezza, che comprendono il taglio dell\u2019erba, le trinciature e le potature di alberi e siepi.<\/p>\n<p style=\"text-align: justify;\">\u201cAl fine di non perpetrare situazioni di degrado urbano\u201d \u2013 si legge della determina firmata il 4 novembre \u2013 si \u00e8 provveduto a contattare per le vie brevi la ditta \u201cFloralia\u201d di Terlizzi che ha presentato un preventivo di spesa pari a 10 mila euro (iva inclusa). Somma ritenuta congrua dall\u2019Ufficio che ha provveduto ad affidare i lavori.<\/p>\n<p style=\"text-align: justify;\">Partir\u00e0, dunque, in questi giorni un\u2019operazione di manutenzione straordinaria che interesser\u00e0 ben 37 siti, tra strade, piazze e villette, scuole e impianti pubblici, parchi e aree di interesse naturale.<\/p>\n<p style=\"text-align: justify;\"><strong>L\u2019ELENCO DEI SITI<\/strong><\/p>\n<p style=\"text-align: justify;\">I lavori di messa in sicurezza riguarderanno l\u2019area esterna perimetrale al campo sportivo e al palazzetto dello sport; il punto sport di via Casamassima e le alberature via dell\u2019Andro; Lama Giotta e i Pozzi Don Ciccio; il parcheggio esterno al Cimitero comunale, l\u2019area del Cimitero dei Colerosi e il boschetto Zaccheo.<\/p>\n<p style=\"text-align: justify;\">Per le piazze, saranno oggetto di manutenzione Piazza Chiesa Madre, Piazza Ex cinema Zaccheo, Piazza Gonnelli, Piazza Moro e Piazza Pertini, Piazza Stazione, Piazza Venusio, Piazza Veneto, Piazza Avv. Cisternino e Largo Marchesale.<\/p>\n<p style=\"text-align: justify;\">Si proceder\u00e0 poi con le strade in cui si sono riscontrate maggiori criticit\u00e0: via Casamassima, via De Donato Giannini, via della Libert\u00e0, via Massari, via V. Orlandi, via Putignano, via Rutigliano, via Selva Tetra, via Vecchia Casamassima e via XX Settembre<\/p>\n<p style=\"text-align: justify;\">Infine, oltre alla villetta Annunziata e a quella di Via Noci, si interverr\u00e0 sulle aree verdi dell\u2019ex scuola via Ginestre, delle scuole elementari e medie di via Cisternino e via Masi, della scuola materna di Via Mola e delle scuole dell\u2019infanzia \u201cSan G. Bosco\u201d, \u201cMadre Teresa di Calcutta\u201d e \u201cDon Tonino Bello\u201d.<\/p>\n<p style=\"text-align: right;\"><strong>FD<\/strong><\/p>\n","protected":false},"excerpt":{"rendered":"<p><img loading=\"lazy\" decoding=\"async\" src=\"https:\/\/live.staticflickr.com\/65535\/50598930692_989b79171b_n.jpg\" alt=\"villa comunale\" width=\"320\" height=\"240\" \/><\/p>\n","protected":false},"author":1,"featured_media":0,"comment_status":"open","ping_status":"closed","sticky":false,"template":"","format":"standard","meta":{"colormag_page_container_layout":"default_layout","colormag_page_sidebar_layout":"default_layout","footnotes":""},"categories":[7],"tags":[],"class_list":["post-17968","post","type-post","status-publish","format-standard","hentry","category-attualita"],"_links":{"self":[{"href":"https:\/\/archivioturi.lavocedelpaese.info\/index.php\/wp-json\/wp\/v2\/posts\/17968","targetHints":{"allow":["GET"]}}],"collection":[{"href":"https:\/\/archivioturi.lavocedelpaese.info\/index.php\/wp-json\/wp\/v2\/posts"}],"about":[{"href":"https:\/\/archivioturi.lavocedelpaese.info\/index.php\/wp-json\/wp\/v2\/types\/post"}],"author":[{"embeddable":true,"href":"https:\/\/archivioturi.lavocedelpaese.info\/index.php\/wp-json\/wp\/v2\/users\/1"}],"replies":[{"embeddable":true,"href":"https:\/\/archivioturi.lavocedelpaese.info\/index.php\/wp-json\/wp\/v2\/comments?post=17968"}],"version-history":[{"count":0,"href":"https:\/\/archivioturi.lavocedelpaese.info\/index.php\/wp-json\/wp\/v2\/posts\/17968\/revisions"}],"wp:attachment":[{"href":"https:\/\/archivioturi.lavocedelpaese.info\/index.php\/wp-json\/wp\/v2\/media?parent=17968"}],"wp:term":[{"taxonomy":"category","embeddable":true,"href":"https:\/\/archivioturi.lavocedelpaese.info\/index.php\/wp-json\/wp\/v2\/categories?post=17968"},{"taxonomy":"post_tag","embeddable":true,"href":"https:\/\/archivioturi.lavocedelpaese.info\/index.php\/wp-json\/wp\/v2\/tags?post=17968"}],"curies":[{"name":"wp","href":"https:\/\/api.w.org\/{rel}","templated":true}]}}