{"id":17955,"date":"2020-11-08T09:48:53","date_gmt":"2020-11-08T09:48:53","guid":{"rendered":"https:\/\/archivioturi.lavocedelpaese.info\/index.php\/2020\/11\/08\/uffici-comunali-gli-orari-di-apertura-al-pubblico-fino-al-30-novembre\/"},"modified":"2020-11-08T09:48:53","modified_gmt":"2020-11-08T09:48:53","slug":"uffici-comunali-gli-orari-di-apertura-al-pubblico-fino-al-30-novembre","status":"publish","type":"post","link":"https:\/\/archivioturi.lavocedelpaese.info\/index.php\/2020\/11\/08\/uffici-comunali-gli-orari-di-apertura-al-pubblico-fino-al-30-novembre\/","title":{"rendered":"Uffici comunali: gli orari di apertura al pubblico fino al 30 novembre"},"content":{"rendered":"<p><img loading=\"lazy\" decoding=\"async\" src=\"https:\/\/live.staticflickr.com\/65535\/50573431278_bab12ccf77_n.jpg\" alt=\"site_gallery_orario\" width=\"320\" height=\"240\" \/><\/p>\n<p style=\"text-align: justify;\">Con ordinanza emanata lo scorso 3 novembre, il sindaco Tina Resta ha fornito le indicazioni per l\u2019accesso dei cittadini agli Uffici Comunali, contemperando \u201cl\u2019interesse alla salute pubblica con quello della continuit\u00e0 dell\u2019attivit\u00e0 amministrativa dell\u2019Ente\u201d.<\/p>\n<p style=\"text-align: justify;\">\u201cTenuto conto dell&#8217;attuale evoluzione della situazione epidemiologica \u2013 spiega il primo cittadino \u2013 si rende opportuno continuare a limitare parzialmente l&#8217;accesso del pubblico all&#8217;interno degli Uffici\u201d, precisando che continueranno ad essere assicurati ogni giorno i servizi essenziali e indifferibili, anche attraverso canali alternativi, quali posta elettronica o, in casi particolari, mediante appuntamento telefonico.<\/p>\n<p style=\"text-align: justify;\">Si stabilisce, quindi, che fino al 30 novembre, i cittadini devono prenotare telefonicamente gli appuntamenti con gli Uffici di interesse per l\u2019erogazione diretta dei servizi, che avverr\u00e0 in specifici giorni:<\/p>\n<p style=\"text-align: justify;\">&#8211; Gioved\u00ec mattina (dalle ore 10.30 alle ore 12.30) e marted\u00ec pomeriggio (dalle ore 15.30 alle ore 17.30) sar\u00e0 garantita l\u2019attivit\u00e0 di ricevimento per l\u2019Ufficio Lavori Pubblici e Urbanistica, l\u2019Ufficio Ambiente \u2013 Affari Cimiteriali, Ufficio Contenziosi \u2013 Segreteria, Ufficio Ragioneria \u2013 Economato, Ufficio Pubblica Istruzione \u2013 Cultura, Ufficio Tributi, Ufficio Servizi Sociali, Ufficio SUAP.<\/p>\n<p style=\"text-align: justify;\">&#8211; Nelle giornate di marted\u00ec, gioved\u00ec e venerd\u00ec (dalle ore 10.30 alle ore 12.30) e il marted\u00ec pomeriggio (dalle ore 16.00 alle ore 18.00) sar\u00e0 possibile accedere, sempre previa prenotazione telefonica, all\u2019Ufficio Protocollo, all\u2019Ufficio Tributi e All\u2019Ufficio di Polizia Locale.<\/p>\n<p style=\"text-align: justify;\">&#8211; Gli Uffici Demografici, invece, saranno aperti al pubblico luned\u00ec, mercoled\u00ec, gioved\u00ec e venerd\u00ec (dalle ore 8.00 alle ore 11.00) e marted\u00ec pomeriggio (dalle ore 15.30 alle ore 17.30).<\/p>\n<p style=\"text-align: justify;\">&#8211; Infine, la Polizia Locale sar\u00e0 disponibile al ricevimento dei cittadini che necessitano il disbrigo di pratiche amministrative dal luned\u00ec al venerd\u00ec (dalle ore 8.00 alle ore 11.00) e il marted\u00ec pomeriggio (dalle ore 15.30 alle ore 17.30). Resta inteso che le attivit\u00e0 di Pubblica Sicurezza, Polizia Stradale, Protezione Civile e randagismo verranno assicurate ogni giorno della settimana, dalle ore 7.45 alle ore 19.45. Quanto al controllo del territorio per il rispetto delle norme anti Covid-19, si prescinde da limiti di orario.<\/p>\n<p style=\"text-align: justify;\">Si informa, in ultimo, che i recapiti di posta elettronica e i contatti telefonici dei singoli Uffici sono reperibili sul sito istituzionale, nella Sezione Amministrazione Trasparente (sottosezione \u201cOrganizzazione\u201d \u2013 \u201cTelefono e posta elettronica\u201d \u2013 \u201cContattare gli Uffici Comunali\u201d).<\/p>\n","protected":false},"excerpt":{"rendered":"<p><img loading=\"lazy\" decoding=\"async\" src=\"https:\/\/live.staticflickr.com\/65535\/50573431278_bab12ccf77_n.jpg\" alt=\"site_gallery_orario\" width=\"320\" height=\"240\" \/><\/p>\n","protected":false},"author":1,"featured_media":0,"comment_status":"open","ping_status":"closed","sticky":false,"template":"","format":"standard","meta":{"colormag_page_container_layout":"default_layout","colormag_page_sidebar_layout":"default_layout","footnotes":""},"categories":[7],"tags":[],"class_list":["post-17955","post","type-post","status-publish","format-standard","hentry","category-attualita"],"_links":{"self":[{"href":"https:\/\/archivioturi.lavocedelpaese.info\/index.php\/wp-json\/wp\/v2\/posts\/17955","targetHints":{"allow":["GET"]}}],"collection":[{"href":"https:\/\/archivioturi.lavocedelpaese.info\/index.php\/wp-json\/wp\/v2\/posts"}],"about":[{"href":"https:\/\/archivioturi.lavocedelpaese.info\/index.php\/wp-json\/wp\/v2\/types\/post"}],"author":[{"embeddable":true,"href":"https:\/\/archivioturi.lavocedelpaese.info\/index.php\/wp-json\/wp\/v2\/users\/1"}],"replies":[{"embeddable":true,"href":"https:\/\/archivioturi.lavocedelpaese.info\/index.php\/wp-json\/wp\/v2\/comments?post=17955"}],"version-history":[{"count":0,"href":"https:\/\/archivioturi.lavocedelpaese.info\/index.php\/wp-json\/wp\/v2\/posts\/17955\/revisions"}],"wp:attachment":[{"href":"https:\/\/archivioturi.lavocedelpaese.info\/index.php\/wp-json\/wp\/v2\/media?parent=17955"}],"wp:term":[{"taxonomy":"category","embeddable":true,"href":"https:\/\/archivioturi.lavocedelpaese.info\/index.php\/wp-json\/wp\/v2\/categories?post=17955"},{"taxonomy":"post_tag","embeddable":true,"href":"https:\/\/archivioturi.lavocedelpaese.info\/index.php\/wp-json\/wp\/v2\/tags?post=17955"}],"curies":[{"name":"wp","href":"https:\/\/api.w.org\/{rel}","templated":true}]}}