{"id":17941,"date":"2020-11-01T09:10:16","date_gmt":"2020-11-01T09:10:16","guid":{"rendered":"https:\/\/archivioturi.lavocedelpaese.info\/index.php\/2020\/11\/01\/leonardo-trisciuzzi-affronta-la-pista-di-molfetta\/"},"modified":"2020-11-01T09:10:16","modified_gmt":"2020-11-01T09:10:16","slug":"leonardo-trisciuzzi-affronta-la-pista-di-molfetta","status":"publish","type":"post","link":"https:\/\/archivioturi.lavocedelpaese.info\/index.php\/2020\/11\/01\/leonardo-trisciuzzi-affronta-la-pista-di-molfetta\/","title":{"rendered":"Leonardo Trisciuzzi affronta la pista di Molfetta"},"content":{"rendered":"<p><img loading=\"lazy\" decoding=\"async\" src=\"https:\/\/live.staticflickr.com\/65535\/50548943352_8cb210517f_n.jpg\" alt=\"122700699_1435725666635420_70704638798982448_o\" width=\"320\" height=\"178\" \/><\/p>\n<p style=\"text-align: justify;\">Domenica 25 ottobre, Leonardo Trisciuzzi \u00e8 stato nuovamente protagonista del palcoscenico di Molfetta, correndo la distanza di 3.000 metri su pista. Un ritorno al passato per l\u2019atleta in forza alla societ\u00e0 D\u2019Angela Sport, che ha macinato i chilometri dei suoi esordi proprio nella specialit\u00e0 \u201cindoor\u201d, anche se successivamente si \u00e8 specializzato nelle competizioni su strada. D\u2019altronde, in questo momento, la scelta \u00e8 obbligata, se non si vuole restare fermi ai box, bisogna ripiegare sulle gare su pista.<\/p>\n<p style=\"text-align: justify;\">\u00abSebbene si sia cimentato in pista senza alcun allenamento e pretesa \u2013 commenta la D\u2019Angela sport \u2013 come al solito Leonardo \u00e8 riuscito a fare la sua bella figura, percorrendo i sette giri e mezzo in un tempo di 13minuti e 30 secondi. Una bella soddisfazione personale per il nostro atleta che, nonostante impegni e problemini, riesce sempre a ritagliare spazio per l\u2019atletica. Un plauso per la sua caparbiet\u00e0\u00bb.<\/p>\n<p style=\"text-align: justify;\">\u00abProbabilmente \u2013 prosegue la societ\u00e0 turese \u2013 sino alla fine di novembre il nuovo Dpcm render\u00e0 impossibile gareggiare sia su strada che su pista. Forse si potrebbe aprire uno spiraglio a dicembre, sempre se la curva dei contagi sar\u00e0 nel frattempo rientrata. Nel frattempo, il Presidente Silvano D\u2019Angela, ringrazia tutti i suoi atleti per lo spirito e la dedizione che hanno messo in campo nonostante le difficolta e le motivazioni al minimo storico, giacch\u00e9 senza gare, senza una data certa della ripresa a pieno regime delle attivit\u00e0 podistiche a pieno regime, non \u00e8 assolutamente facile proseguire gli allenamenti e mantenere alta la concentrazione. Ma, come dice il Presidente Silvano, \u201cci riprenderemo tutto e con gli interessi\u201d\u00bb.<\/p>\n","protected":false},"excerpt":{"rendered":"<p><img loading=\"lazy\" decoding=\"async\" src=\"https:\/\/live.staticflickr.com\/65535\/50548943352_8cb210517f_n.jpg\" alt=\"122700699_1435725666635420_70704638798982448_o\" width=\"320\" height=\"178\" \/><\/p>\n","protected":false},"author":1,"featured_media":0,"comment_status":"open","ping_status":"closed","sticky":false,"template":"","format":"standard","meta":{"colormag_page_container_layout":"default_layout","colormag_page_sidebar_layout":"default_layout","footnotes":""},"categories":[5],"tags":[],"class_list":["post-17941","post","type-post","status-publish","format-standard","hentry","category-sport"],"_links":{"self":[{"href":"https:\/\/archivioturi.lavocedelpaese.info\/index.php\/wp-json\/wp\/v2\/posts\/17941","targetHints":{"allow":["GET"]}}],"collection":[{"href":"https:\/\/archivioturi.lavocedelpaese.info\/index.php\/wp-json\/wp\/v2\/posts"}],"about":[{"href":"https:\/\/archivioturi.lavocedelpaese.info\/index.php\/wp-json\/wp\/v2\/types\/post"}],"author":[{"embeddable":true,"href":"https:\/\/archivioturi.lavocedelpaese.info\/index.php\/wp-json\/wp\/v2\/users\/1"}],"replies":[{"embeddable":true,"href":"https:\/\/archivioturi.lavocedelpaese.info\/index.php\/wp-json\/wp\/v2\/comments?post=17941"}],"version-history":[{"count":0,"href":"https:\/\/archivioturi.lavocedelpaese.info\/index.php\/wp-json\/wp\/v2\/posts\/17941\/revisions"}],"wp:attachment":[{"href":"https:\/\/archivioturi.lavocedelpaese.info\/index.php\/wp-json\/wp\/v2\/media?parent=17941"}],"wp:term":[{"taxonomy":"category","embeddable":true,"href":"https:\/\/archivioturi.lavocedelpaese.info\/index.php\/wp-json\/wp\/v2\/categories?post=17941"},{"taxonomy":"post_tag","embeddable":true,"href":"https:\/\/archivioturi.lavocedelpaese.info\/index.php\/wp-json\/wp\/v2\/tags?post=17941"}],"curies":[{"name":"wp","href":"https:\/\/api.w.org\/{rel}","templated":true}]}}