{"id":17938,"date":"2020-10-29T06:37:49","date_gmt":"2020-10-29T06:37:49","guid":{"rendered":"https:\/\/archivioturi.lavocedelpaese.info\/index.php\/2020\/10\/29\/raffaele-leogrande-tra-alti-e-bassi\/"},"modified":"2020-10-29T06:37:49","modified_gmt":"2020-10-29T06:37:49","slug":"raffaele-leogrande-tra-alti-e-bassi","status":"publish","type":"post","link":"https:\/\/archivioturi.lavocedelpaese.info\/index.php\/2020\/10\/29\/raffaele-leogrande-tra-alti-e-bassi\/","title":{"rendered":"Raffaele Leogrande tra\u2026 alti e bassi"},"content":{"rendered":"<p><img loading=\"lazy\" decoding=\"async\" src=\"https:\/\/live.staticflickr.com\/65535\/50518641132_6ec95eae90_n.jpg\" alt=\"Leogrande omaggia la 'Madonnina' di Cala Incina\" width=\"320\" height=\"240\" \/><\/p>\n<p style=\"text-align: center;\"><strong>Il turese classe 2000, membro dei \u201c5&amp;9\u201d, racconta la sua passione per la mountain bike e le sue prime esperienze subacquee, alla scoperta di relitti e leggende<\/strong><\/p>\n<p style=\"text-align: justify;\">\u201cMens sana in corpore sano\u201d \u2013 questa proverbiale espressione, formulata secoli fa, condensa in maniera immediata ed efficace due aspetti estremamente rilevanti: corpo e mente, al di l\u00e0 di ogni dualismo cartesiano, sono strettamente interconnessi; il benessere globale dell\u2019individuo, quindi, dipende dal costante allenamento fisico e dalla cura della psiche.<\/p>\n<p><img loading=\"lazy\" decoding=\"async\" src=\"https:\/\/live.staticflickr.com\/65535\/50518641122_35e2700591_n.jpg\" alt=\"Raffaele Leogrande\" style=\"margin: 6px; float: right;\" width=\"320\" height=\"320\" \/><\/p>\n<p style=\"text-align: justify;\">Le due cose, come detto poc\u2019anzi, sono legate pi\u00f9 di quanto si sia creduto per secoli in ambito scientifico e filosofico, tant\u2019\u00e8 che una buona condizione fisica influenza in maniera significativa lo stato di salute della propria mente.<\/p>\n<p style=\"text-align: justify;\">Prendiamo ad esempio il caso del ciclismo, sia esso su strada oppure in percorsi sterrati da intraprendere in sella ad una ben pi\u00f9 solida mountain bike; queste discipline, contrariamente a quanto si possa dedurre da un\u2019osservazione superficiale, mettono in moto diversi muscoli del corpo: non solo gambe e glutei, ma anche addominali e braccia sono costantemente sollecitati. Non \u00e8 esente, inoltre, il cuore: tenersi in allenamento sui pedali equivale a migliorare la circolazione sanguigna e quindi a scongiurare alcuni disturbi cardiovascolari. Al di l\u00e0 delle possibilit\u00e0 intrinsecamente offerte da questo sport, bisogna considerare il contesto; non va, infatti, sottovalutato l\u2019impatto positivo del contatto con la natura: fare sport all\u2019aria aperta migliora l\u2019umore e riconcilia lo spirito con il mondo, permettendoci di dimenticare lo stress quotidiano, le preoccupazioni, la fatica e la routine.<\/p>\n<p style=\"text-align: justify;\">Il ciclismo, inoltre, specie nel caso della mountain bike permette di scoprire nuovi luoghi, bellezze sconosciute, paesaggi unici ed inesplorati del nostro territorio; a tal proposito, pi\u00f9 volte su queste colonne abbiamo approfondito il tema \u201cpiste ciclabili\u201d, sia dal punto di vista urbano che, soprattutto, extraurbano: al di l\u00e0 del centro abitato, infatti, si estendono chilometri di campagne, siti archeologici, zone paesaggistiche, grotte, lame ecc. che, se collegate tra di loro, offrirebbero a turisti ed autoctoni importanti chances di svago gratuito e turismo eco-sostenibile. In tal senso, ne guadagnerebbero anche imprenditori del settore ricettivo, i quali su questi percorsi potrebbero investire e dar lavoro. Tutto ci\u00f2, per\u00f2, sembra ancora parecchio distante dal realizzarsi concretamente, se non altro perch\u00e9 a Turi, condizionati dalla nostra stessa esperienza, alcuni \u2013 anche tra i cittadini &#8211; credono che attivare una pista ciclabile significhi dipingere una striscia colorata sull\u2019asfalto, senza capo n\u00e9 coda. A questo scenario sconfortante vogliamo adesso contrapporre l\u2019esperienza e le fotografie di Raffaele Leogrande, turese classe 2000, membro dello storico gruppo \u201c5&amp;9\u201d.<\/p>\n<p><img loading=\"lazy\" decoding=\"async\" src=\"https:\/\/live.staticflickr.com\/65535\/50518641182_49ec1e63b0_n.jpg\" alt=\"WhatsApp Image 2020-10-21 at 16.17.02 (1)\" style=\"margin: 6px; float: left;\" width=\"320\" height=\"320\" \/><\/p>\n<p style=\"text-align: justify;\">Al lavoro da idraulico, Raffaele alterna momenti per se stesso e per la sua bicicletta, \u201cuna passione nata tanto tempo fa, alla vista di una bici d\u2019epoca a cui poi mi sono affezionato parecchio\u201d \u2013 spiega. Come abbiamo gi\u00e0 potuto riportare poc\u2019anzi, il nostro giovane concittadino consiglierebbe a tutti di avvicinarsi a questo sport: \u201cSi ha la possibilit\u00e0 di conoscere molta gente, di misurarsi con s\u00e9 stessi e di visitare posti sconosciuti\u201d. Emblematico a tal proposito il Trofeo dei Parchi Naturali, il quale in questo 2020 si sarebbe dovuto articolare in 9 tappe: \u201cGranfondo Parco del Selle\u201d (Contursi Terme), \u201cMarathon del Salento\u201d (Ugento), \u201cTrinacria Race\u201d (Letojanni), \u201cAspromarathon\u201d (Reggio Calabria), \u201cMarathon degli Aragonesi\u201d (Frascineto), \u201cPollino Marathon\u201d (Terranova di Pollino), \u201cSila Epic\u201d (Spezzano della Sila e Camigliatello), \u201cMarathon Lago di Fondi M. Ausoni\u201d (Fondi) e per concludere la \u201cMarathon Eremita Marzano\u201d di Colliano.<\/p>\n<p style=\"text-align: justify;\">In passato il nostro Raffaele ha preso parte alla seconda tappa del Trofeo dei Parchi Naturali, ovvero la \u201cMarathon del Salento\u201d, quest\u2019anno annullata a causa del Covid-19; la sfida, organizzata dall\u2019A.S.D. MTB Casarano, prevede la possibilit\u00e0 di cimentarsi in due percorsi: uno lungo da 72 chilometri e con un dislivello di circa 900 metri ed uno pi\u00f9 breve da 43 chilometri con un dislivello da 500 metri circa. Nel primo caso si parte dalla pista del Kartodromo Internazionale Pista Salentina. Dopo la partenza molto veloce, per via di un rettilineo asfaltato, si arriva ad una salita mista asfalto\/sterrato di media difficolt\u00e0. Il percorso \u00e8 molto scorrevole e a tratti veloce per quanto riguarda la prima parte. Nella seconda met\u00e0 si sviluppa il single track tecnico della Masseria Tonda per poi collegarsi alle Cave e infine arrivare nell\u2019affascinante zona denominata Fani. Negli ultimi 20 chilometri, invece, i concorrenti sono attesi dal dislivello di cui sopra, dovendo difatti affrontare la Salita Bianca e la Salita di Rottacapozza. Invitiamo dunque i nostri lettori a visitare il sito della \u201cMarathon del Salento\u201d per saperne di pi\u00f9.<\/p>\n<p style=\"text-align: justify;\"><strong>\u2026 IN FONDO AL MAR<\/strong><\/p>\n<p><img loading=\"lazy\" decoding=\"async\" src=\"https:\/\/live.staticflickr.com\/65535\/50517782053_85762cea67_n.jpg\" alt=\"WhatsApp Image 2020-10-21 at 16.17.03 (2)\" style=\"margin: 6px; float: right;\" width=\"320\" height=\"320\" \/><\/p>\n<p style=\"text-align: justify;\">Oltre la professione da idraulico e la passione per le lunghe pedalate, Raffaele Leogrande ha deciso da alcune settimane di cimentarsi in una nuova sfida: le immersioni subacquee. \u201cE\u2019 il mio sogno nel cassetto.\u201d \u2013 puntualizza mentre ci mostra alcune foto delle sue \u201cabissali esplorazioni\u201d condotte assieme agli istruttori de \u201cLa scuola del mare\u201d di Monopoli. Entrando nel merito, il nostro concittadino ha scandagliato i fondali marini di Polignano, Torre Canne e Leuca, nuotando anche oltre i 20 metri di profondit\u00e0; in queste circostanze, ossigeno alla bocca, Leogrande ha potuto osservare da vicino il \u201crelitto di Torre Vado\u201d, lo \u201cscoglio dell\u2019eremita\u201d, la \u201cmadonnina\u201d di Cala Incina, il relitto Gulten Islamoglu, nonch\u00e9 diverse specie animali e vegetali che abitano il mondo di Poseidone e che stando nei pressi della riva non possiamo normalmente ammirare. Consiglieresti a tutti di praticare questo tipo di attivit\u00e0? \u201cCertamente. \u00c8 un\u2019occasione fantastica per conoscere ci\u00f2 che si nasconde sott\u2019acqua. E poi le escursioni notturne sono davvero suggestive\u201d.<\/p>\n<p style=\"text-align: justify;\"><strong>IL RELITTO DI TORRE VADO<\/strong><\/p>\n<p><img loading=\"lazy\" decoding=\"async\" src=\"https:\/\/live.staticflickr.com\/65535\/50518670152_a671eab294_n.jpg\" alt=\"WhatsApp Image 2020-10-21 at 16.17.01 (2)\" style=\"margin: 6px; float: left;\" width=\"320\" height=\"320\" \/><\/p>\n<p style=\"text-align: justify;\">Torre Vado \u00e8 una marina di 83 abitanti appartenente al comune di Morciano di Leuca in provincia di Lecce. Dinanzi alla sua costa, il 28 giugno del 2007, alle ore 21:30, affondava la nave turca \u201cTevfik Kaptan 1\u201d. La nave cargo lunga 80 metri, battente bandiera turca, era partita dal porto di Ortona (Chieti) ed era diretta in Algeria, con un carico di 1.000 tonnellate di filo di ferro in matasse. Cosa \u00e8 accaduto? A meno di un miglio dalla costa di Torre Vado, la motonave si inclina di circa 40 gradi a causa dello spostamento del carico, forse per via del mare mosso. Il personale di bordo non riesce a riequilibrare la nave che, alle ore 16:00, inizia ad imbarcare acqua. La nave affonder\u00e0 dopo poche ore, alle 21.30, adagiandosi, in assetto di navigazione, su un fondale di circa 20 metri. Le procedure di emergenza sono state immediatamente attivate: \u201cLa motonave affondata \u2013 si legge in rete \u2013 con il suo carico di combustibile e olii lubrificanti rappresentava un serio pericolo sia dal punto di vista ambientale che economico anche in considerazione del possibile impatto di un eventuale sversamento di prodotto sulle attivit\u00e0 turistico-balneari salentine. [\u2026] Le operazioni di allibo si sono concluse il 6 luglio ed hanno consentito il recupero della totalit\u00e0 dei prodotti presenti a bordo: 19.000 litri di gasolio dal serbatoio di prua, 6 tonnellate di diesel, 547 kg di olio dal locale macchine, 125 litri di gasolio per alimentazione dal gruppo elettrogeno nel gavone di prua, 60 litri di olio idraulico e diverse taniche di vernici, diluenti, olio esausto, liquido detergente e batterie esauste\u201d.<\/p>\n<p style=\"text-align: justify;\"><strong>LO SCOGLIO DELL\u2019EREMITA<\/strong><\/p>\n<p style=\"text-align: justify;\">Siamo a Polignano a Mare: a poca distanza dalla terra ferma, da Largo Ardito, si scorge maestoso e solitario l&#8217;Isolotto di San Paolo o Scoglio dell&#8217;Eremita. Questa formazione rocciosa che emerge dall&#8217;acqua per circa trenta metri d&#8217;altezza, deve il suo nome all&#8217;antica leggenda che racconta di un misterioso personaggio, vissuto forse mille anni fa, il quale scelse proprio questo scoglio per condurre una vita solitaria e contemplativa. \u201cC&#8217;\u00e8 chi data questa storia nell&#8217;undicesimo secolo, quando un uomo misterioso, forse di ritorno dalla Terra Santa, decise di stabilirsi sull&#8217;isola. C&#8217;\u00e8 chi identifica l&#8217;uomo in un monaco basiliano in fuga dall&#8217;Oriente ai tempi di Leone III Isaurico: il che daterebbe la storia nel 700 dopo cristo. Quest\u2019ultima ipotesi che darebbe ragione alla costruzione della cappella di S. Antonio Abate (anch&#8217;esso eremita) da parte di pescatori del luogo nel 1612, i quali ritenevano lo scoglio un luogo di rispetto e di culto: una cappella dedicata a un eremita sul suolo dove visse un eremita. Purtroppo, la cappella divenne lazzaretto nel 1837 a causa di una epidemia di colera che colp\u00ec la zona ed in seguito venne distrutta per motivi igienici\u201d \u2013 si legge sul web.<\/p>\n<p style=\"text-align: justify;\"><strong>LA MADONNINA DI CALA INCINA<\/strong><\/p>\n<p><img loading=\"lazy\" decoding=\"async\" src=\"https:\/\/live.staticflickr.com\/65535\/50518469691_d3b14725f4_n.jpg\" alt=\"Leogrande omaggia la 'Madonnina' di Cala Incina (2)\" style=\"margin: 6px; float: right;\" width=\"320\" height=\"320\" \/><\/p>\n<p style=\"text-align: justify;\">Posta al confine tra i territori di Monopoli e Polignano a Mare, la caletta di Torre Incina \u00e8 una vera e propria piscina naturale a cielo aperto, e perci\u00f2 meta della maggior parte delle scuole sub della zona. Caratteristica che la rende nota ai pi\u00f9, \u00e8 la presenza di una statua bronzea di una madonnina, posizionata da un gruppo di subacquei di Bari negli anni \u201980 all\u2019interno di una grotta a circa 14 metri di profondit\u00e0; in posizione eretta e con le braccia aperte, sembra accogliere i pellegrini subacquei che tradizionalmente donano un rosario e nel mese di dicembre effettuano vere e proprie processioni subacquee, posizionandovi anche un presepe nel periodo Natalizio. La statua \u00e8 stata spesso anche scenario di suggestive promesse nuziali subacquee celebrate con sacerdote, sposi e testimoni, tutti rigorosamente con muta e bombole.<\/p>\n<p style=\"text-align: justify;\"><strong>IL RELITTO GULTEN ISLAMOGLU<\/strong><\/p>\n<p style=\"text-align: justify;\">Chiamato anche \u201cil relitto di Torre Canne\u201d, la nave Gulten Islamoglu, battente bandiera turca, giace a -39 m su un fondale sabbioso circa 2 miglia marine al largo del porto di Torre Canne. Affondato nel 1994 a causa di condizioni meteo avverse, lo troviamo oggi in buono stato di conservazione, in perfetto assetto di navigazione, con la sua stazza lorda di 499 tonnellate e 57 metri di lunghezza. \u201cIl relitto \u00e8 ormai tana di numerose specie di pesci; in particolare \u2013 si legge dal sito de \u201cLa scuola del mare\u201d di Monopoli \u2013 \u00e8 possibile vedere la cernia (Epinephelus Guaza), bellissime nuvole di Saraghi (Diplodus vulgaris), mentre gran parte delle lamiere sono colonizzate da ostriche (Ostrea lurida). Raggiunto il punto di immersione con il gommone, inizia una discesa nel blu lungo la cima, fino a raggiungere quota 17 metri dove \u00e8 possibile iniziare a vedere il pennone; continuando la discesa e andando verso la poppa possiamo arrivare fino a quota -39 m per vedere e o fotografare elica e timone\u201d.<\/p>\n<p style=\"text-align: right;\"><strong>LEONARDO FLORIO<\/strong><\/p>\n","protected":false},"excerpt":{"rendered":"<p><img loading=\"lazy\" decoding=\"async\" src=\"https:\/\/live.staticflickr.com\/65535\/50518641132_6ec95eae90_n.jpg\" alt=\"Leogrande omaggia la 'Madonnina' di Cala Incina\" width=\"320\" height=\"240\" \/><\/p>\n","protected":false},"author":1,"featured_media":0,"comment_status":"open","ping_status":"closed","sticky":false,"template":"","format":"standard","meta":{"colormag_page_container_layout":"default_layout","colormag_page_sidebar_layout":"default_layout","footnotes":""},"categories":[6],"tags":[],"class_list":["post-17938","post","type-post","status-publish","format-standard","hentry","category-cultura"],"_links":{"self":[{"href":"https:\/\/archivioturi.lavocedelpaese.info\/index.php\/wp-json\/wp\/v2\/posts\/17938","targetHints":{"allow":["GET"]}}],"collection":[{"href":"https:\/\/archivioturi.lavocedelpaese.info\/index.php\/wp-json\/wp\/v2\/posts"}],"about":[{"href":"https:\/\/archivioturi.lavocedelpaese.info\/index.php\/wp-json\/wp\/v2\/types\/post"}],"author":[{"embeddable":true,"href":"https:\/\/archivioturi.lavocedelpaese.info\/index.php\/wp-json\/wp\/v2\/users\/1"}],"replies":[{"embeddable":true,"href":"https:\/\/archivioturi.lavocedelpaese.info\/index.php\/wp-json\/wp\/v2\/comments?post=17938"}],"version-history":[{"count":0,"href":"https:\/\/archivioturi.lavocedelpaese.info\/index.php\/wp-json\/wp\/v2\/posts\/17938\/revisions"}],"wp:attachment":[{"href":"https:\/\/archivioturi.lavocedelpaese.info\/index.php\/wp-json\/wp\/v2\/media?parent=17938"}],"wp:term":[{"taxonomy":"category","embeddable":true,"href":"https:\/\/archivioturi.lavocedelpaese.info\/index.php\/wp-json\/wp\/v2\/categories?post=17938"},{"taxonomy":"post_tag","embeddable":true,"href":"https:\/\/archivioturi.lavocedelpaese.info\/index.php\/wp-json\/wp\/v2\/tags?post=17938"}],"curies":[{"name":"wp","href":"https:\/\/api.w.org\/{rel}","templated":true}]}}