{"id":17933,"date":"2020-10-27T13:31:26","date_gmt":"2020-10-27T13:31:26","guid":{"rendered":"https:\/\/archivioturi.lavocedelpaese.info\/index.php\/2020\/10\/27\/la-carica-dei-101-2\/"},"modified":"2020-10-27T13:31:26","modified_gmt":"2020-10-27T13:31:26","slug":"la-carica-dei-101-2","status":"publish","type":"post","link":"https:\/\/archivioturi.lavocedelpaese.info\/index.php\/2020\/10\/27\/la-carica-dei-101-2\/","title":{"rendered":"La carica dei 101"},"content":{"rendered":"<p><img loading=\"lazy\" decoding=\"async\" src=\"https:\/\/live.staticflickr.com\/65535\/50517743768_4cfddd7d26_n.jpg\" alt=\"foto 1\" width=\"253\" height=\"320\" \/><\/p>\n<p style=\"text-align: center;\"><strong>\u201cIl Viandante\u201d promuove una petizione per fermare il degrado in via Arco Gil<\/strong><\/p>\n<p style=\"text-align: justify;\">Il nostro centro storico ha certamente vissuto tempi migliori. Mentre i paesi del circondario hanno gi\u00e0 da tempo compreso le potenzialit\u00e0 turistiche delle chianche e dei sottani, intraprendendo una serie di misure concrete per lo sviluppo, a Turi tutto sembra fermo.<\/p>\n<p style=\"text-align: justify;\">Inaspettatamente, la scintilla \u00e8 venuta dal basso, con i social e le piazze che hanno testimoniato negli ultimi mesi un forte interessamento alle problematiche e al destino del borgo antico; una reazione forte e partecipata che dovrebbe concretizzarsi nel prossimo mese in un comitato per il centro storico. Altre realt\u00e0 gi\u00e0 attive nella valorizzazione del territorio, come l\u2019associazione Il Viandante, proseguono nella loro azione di diffusione delle arti e della tradizione con corsi e laboratori che hanno luogo a Casa delle Idee, nel cuore del centro storico, ma anche di sensibilizzazione, attraverso una petizione indirizzata all\u2019amministrazione.<\/p>\n<p><img loading=\"lazy\" decoding=\"async\" src=\"https:\/\/live.staticflickr.com\/65535\/50518461611_9d8820f111_n.jpg\" alt=\"foto 2\" style=\"margin: 6px; float: right;\" width=\"257\" height=\"320\" \/><\/p>\n<p style=\"text-align: justify;\">\u00abTutto \u00e8 nato dalla richiesta di aiuto di un nostro concittadino, Giovanni Colavitti, che abita in via Arco Gil \u2013 afferma Massimiliano Cacciapaglia, presidente dell\u2019associazione. In queste settimane si sta costituendo un comitato per il centro storico che ha a cuore la vivibilit\u00e0 e della valorizzazione del nostro borgo, ma, vista l\u2019urgenza della problematica e i tempi necessari per la creazione del comitato stesso, l\u2019associazione Il Viandante ha voluto cominciare a sensibilizzare l\u2019amministrazione, ma anche tutti i cittadini, sulle precarie condizioni igienico-sanitarie dell\u2019abitazione ubicata nel centro storico al civico 11 \u2013 13 di Via Arco Gil.<\/p>\n<p style=\"text-align: justify;\">In passato, per ben due volte, si \u00e8 reso necessario l\u2019intervento dei vigili del fuoco per spegnere gli incendi, presumibilmente appiccati per sbarazzarsi dei rifiuti accumulati. Si \u00e8 poi provveduto a bonificare e mettere in sicurezza l\u2019area, mai in modo non risolutivo. A pochi metri dell\u2019abitazione vi \u00e8, inoltre, la presenza di un cavo pendente, probabilmente della pubblica illuminazione, quasi ad altezza d\u2019uomo, che rappresenta un grave rischio per residenti e passanti.<\/p>\n<p style=\"text-align: justify;\">La richiesta ha preso forma in una petizione, indirizzata alla sindaca Tina Resta e all&#8217;assessore con delega al Decoro Urbano Stefano dell\u2019Aera, che sollecita un intervento immediato di bonifica da parte dell\u2019Amministrazione Comunale di Turi. Ma l&#8217;abitazione di Via Arco Gil \u00e8 solamente una delle situazioni di incuria e degrado in cui versano alcuni dei migliori scorci del nostro centro storico, oramai abbandonato a se stesso. Solamente attraverso una mappatura delle situazioni di degrado, con conseguente avvio di un dialogo con i proprietari degli immobili che versano in condizioni igieniche non adeguate, potr\u00e0 essere possibile individuare e applicare soluzioni definitive e non pi\u00f9 estemporanee.<\/p>\n<p style=\"text-align: justify;\">Dall\u2019avvio della raccolta, la scorsa settimana, abbiamo collezionato gi\u00e0 101 firme, segno di un forte interessamento collettivo; purtroppo, a causa delle norme anti contagio, non \u00e8 stato possibile allestire un punto fisso di raccolta firme come inizialmente previsto. La soglia minima di 20 firme \u00e8 stata abbondantemente superata, ma mai come in questi casi l\u2019unione fa la forza; chiunque voglia aggiungere la propria forza pu\u00f2 contattare la pagina Facebook dell\u2019associazione. Gi\u00e0 la sola voce della petizione ha fatto smuovere qualcosa; speriamo che si arrivi finalmente ad un&#8217;azione concreta da parte dell&#8217;amministrazione comunale, sia sul breve, che sul lungo termine, indispensabile per invertire la rotta e intraprendere finalmente un percorso di riscatto e valorizzazione.\u00bb<\/p>\n<p style=\"text-align: justify;\"><strong>Damiano Barbieri<\/strong><\/p>\n","protected":false},"excerpt":{"rendered":"<p><img loading=\"lazy\" decoding=\"async\" src=\"https:\/\/live.staticflickr.com\/65535\/50517743768_4cfddd7d26_n.jpg\" alt=\"foto 1\" width=\"253\" height=\"320\" \/><\/p>\n","protected":false},"author":1,"featured_media":0,"comment_status":"open","ping_status":"closed","sticky":false,"template":"","format":"standard","meta":{"colormag_page_container_layout":"default_layout","colormag_page_sidebar_layout":"default_layout","footnotes":""},"categories":[7],"tags":[],"class_list":["post-17933","post","type-post","status-publish","format-standard","hentry","category-attualita"],"_links":{"self":[{"href":"https:\/\/archivioturi.lavocedelpaese.info\/index.php\/wp-json\/wp\/v2\/posts\/17933","targetHints":{"allow":["GET"]}}],"collection":[{"href":"https:\/\/archivioturi.lavocedelpaese.info\/index.php\/wp-json\/wp\/v2\/posts"}],"about":[{"href":"https:\/\/archivioturi.lavocedelpaese.info\/index.php\/wp-json\/wp\/v2\/types\/post"}],"author":[{"embeddable":true,"href":"https:\/\/archivioturi.lavocedelpaese.info\/index.php\/wp-json\/wp\/v2\/users\/1"}],"replies":[{"embeddable":true,"href":"https:\/\/archivioturi.lavocedelpaese.info\/index.php\/wp-json\/wp\/v2\/comments?post=17933"}],"version-history":[{"count":0,"href":"https:\/\/archivioturi.lavocedelpaese.info\/index.php\/wp-json\/wp\/v2\/posts\/17933\/revisions"}],"wp:attachment":[{"href":"https:\/\/archivioturi.lavocedelpaese.info\/index.php\/wp-json\/wp\/v2\/media?parent=17933"}],"wp:term":[{"taxonomy":"category","embeddable":true,"href":"https:\/\/archivioturi.lavocedelpaese.info\/index.php\/wp-json\/wp\/v2\/categories?post=17933"},{"taxonomy":"post_tag","embeddable":true,"href":"https:\/\/archivioturi.lavocedelpaese.info\/index.php\/wp-json\/wp\/v2\/tags?post=17933"}],"curies":[{"name":"wp","href":"https:\/\/api.w.org\/{rel}","templated":true}]}}