{"id":17911,"date":"2020-10-19T09:08:53","date_gmt":"2020-10-19T09:08:53","guid":{"rendered":"https:\/\/archivioturi.lavocedelpaese.info\/index.php\/2020\/10\/19\/in-pellegrinaggio-a-lecce\/"},"modified":"2020-10-19T09:08:53","modified_gmt":"2020-10-19T09:08:53","slug":"in-pellegrinaggio-a-lecce","status":"publish","type":"post","link":"https:\/\/archivioturi.lavocedelpaese.info\/index.php\/2020\/10\/19\/in-pellegrinaggio-a-lecce\/","title":{"rendered":"In \u2018pellegrinaggio\u2019 a Lecce"},"content":{"rendered":"<p><img loading=\"lazy\" decoding=\"async\" src=\"https:\/\/live.staticflickr.com\/65535\/50494762238_e0785e1b0d_n.jpg\" alt=\"visita lecce (2)\" width=\"320\" height=\"253\" \/><\/p>\n<p style=\"text-align: center;\"><strong>Un atto di devozione per commemorare il martirio di Sant\u2019Oronzo. Livio Lerede: \u201cAbbiamo realizzato il desiderio di tanti fedeli turesi\u201d<\/strong><\/p>\n<p style=\"text-align: justify;\">Domenica 11 ottobre, in occasione della Festa del Martirio di Sant\u2019Oronzo, una delegazione del nostro Comitato Festa Patronale, guidata dal presidente Livio Lerede, ha voluto celebrare il nostro Protettore recandosi in \u201cpellegrinaggio\u201d a Lecce, la terra dove, secondo le testimonianze, il Vescovo Oronzo trov\u00f2 la morte per decapitazione nel 68 dopo Cristo. Un ulteriore atto di devozione, quello dei membri del Comitato turese, che rafforza il legame sempre pi\u00f9 genuino e simbiotico tra le due comunit\u00e0, continuando a coltivare la comunione d\u2019intenti cominciata con il Giubileo Oronziano del 2018.<\/p>\n<p><img loading=\"lazy\" decoding=\"async\" src=\"https:\/\/live.staticflickr.com\/65535\/50495626157_a7c9e6f467_n.jpg\" alt=\"visita lecce (4)\" style=\"margin: 6px; float: right;\" width=\"320\" height=\"240\" \/><\/p>\n<p style=\"text-align: justify;\">\u00abCiceroni per un giorno \u2013 scrive Graziano Cennamo, presidente di PugliArmonica \u2013 abbiamo guidato il gruppo di visitatori tra i luoghi simbolo del culto oronziano. Abbiamo fatto visita al Santuario di Sant&#8217;Oronzo Fuori le Mura, dove la tradizione vuole sia avvenuto il suo martirio. Poi la visita della cattedrale in Piazza Duomo, che ospita la celebre tela del Coppola, e della Chiesa di Santa Teresa per ammirare la statua monumentale del nostro Patrono in cartapesta leccese\u00bb.<\/p>\n<p style=\"text-align: justify;\">\u00abQuello tra Lecce e Turi \u2013 chiosa \u2013 \u00e8 un vero e proprio gemellaggio, un abbraccio ideale tra due terre amiche, accomunate da una profonda devozione per Sant&#8217;Oronzo. Una storia di scambio e di condivisione che ci auguriamo perduri nel tempo. Quant&#8217;\u00e8 bello vedere comunit\u00e0 diverse, forse un po&#8217; distanti, ma unite nella tradizione, in un sentire comune\u00bb.<\/p>\n<p><img loading=\"lazy\" decoding=\"async\" src=\"https:\/\/live.staticflickr.com\/65535\/50494762148_b0547bb35f_n.jpg\" alt=\"visita lecce (3)\" style=\"margin: 6px; float: left;\" width=\"320\" height=\"240\" \/><\/p>\n<p style=\"text-align: justify;\">La giornata si \u00e8 conclusa con l\u2019omaggio che il Comitato turese ha voluto riservare al presidente Cennamo, donando una statua e un quadro, realizzato dall\u2019artista Daniela Angelillo, raffiguranti il nostro Protettore.<\/p>\n<p style=\"text-align: justify;\">Qualche notizia in pi\u00f9 sull\u2019iniziativa arriva dallo stesso presidente Livio Lerede, che ha accettato di rispondere alle nostre domande.<\/p>\n<p style=\"text-align: justify;\"><strong>Come \u00e8 nata l&#8217;idea di questo \u201cpellegrinaggio\u201d a Lecce?<\/strong><\/p>\n<p style=\"text-align: justify;\">\u00ab\u00c8 un&#8217;idea maturata durante la Festa Patronale. Nonostante le numerose visite a Lecce, non avevo mai avuto modo di visitare il Santuario di Sant&#8217;Oronzo Fuori le Mura, anche perch\u00e9 \u00e8 quasi sempre chiuso al pubblico. Tanta gente mi aveva espresso la stessa richiesta, cos\u00ec ho chiesto all&#8217;amico Graziano Cennamo, presidente della Festa di Lecce, di aiutarmi a realizzare questo desiderio comune\u00bb.<\/p>\n<p style=\"text-align: justify;\"><strong>Avete in programma altri momenti di scambio?<\/strong><\/p>\n<p><img loading=\"lazy\" decoding=\"async\" src=\"https:\/\/live.staticflickr.com\/65535\/50494762163_75b8acbae4_n.jpg\" alt=\"visita lecce (1)\" style=\"margin: 6px; float: right;\" width=\"320\" height=\"240\" \/><\/p>\n<p style=\"text-align: justify;\">\u00abCon Graziano abbiamo intrapreso un rapporto ormai molto collaborativo tra due comunit\u00e0 che condividono lo stesso Santo Patrono. Senza dubbio ci saranno sviluppi e novit\u00e0 per il futuro, nell\u2019ottica di un reciproco scambio di esperienze che arricchisce tutti. Questo \u00e8 l\u2019atteggiamento che, a nostro parere, dovrebbe ispirare ogni iniziativa culturale in onore di Sant\u2019Oronzo: allargare i propri orizzonti ed essere recettivi ai tutti quei contributi che possano rafforzare il patrimonio di fede e devozione che circonda la figura del Santo\u00bb.<\/p>\n<p style=\"text-align: justify;\"><strong>Prevede che ci sar\u00e0 la possibilit\u00e0 di organizzare qualcosa per la Festa di Sant&#8217;Oronzo d&#8217;Ottobre?<\/strong><\/p>\n<p style=\"text-align: justify;\">\u00abPurtroppo, visto il nuovo DPCM, sar\u00e0 impossibile celebrare con manifestazioni pubbliche l\u2019appuntamento ottobrino con il nostro Patrono. Abbiamo optato per una Santa Messa in Chiesa Madre, domenica 18 ottobre alle ore 19.00, dove pregheremo Sant\u2019Oronzo nel primo anniversario dell\u2019ostensione della sua reliquia\u00bb.<\/p>\n<p style=\"text-align: right;\"><strong>FD<\/strong><\/p>\n","protected":false},"excerpt":{"rendered":"<p><img loading=\"lazy\" decoding=\"async\" src=\"https:\/\/live.staticflickr.com\/65535\/50494762238_e0785e1b0d_n.jpg\" alt=\"visita lecce (2)\" width=\"320\" height=\"253\" \/><\/p>\n","protected":false},"author":1,"featured_media":0,"comment_status":"open","ping_status":"closed","sticky":false,"template":"","format":"standard","meta":{"colormag_page_container_layout":"default_layout","colormag_page_sidebar_layout":"default_layout","footnotes":""},"categories":[6],"tags":[],"class_list":["post-17911","post","type-post","status-publish","format-standard","hentry","category-cultura"],"_links":{"self":[{"href":"https:\/\/archivioturi.lavocedelpaese.info\/index.php\/wp-json\/wp\/v2\/posts\/17911","targetHints":{"allow":["GET"]}}],"collection":[{"href":"https:\/\/archivioturi.lavocedelpaese.info\/index.php\/wp-json\/wp\/v2\/posts"}],"about":[{"href":"https:\/\/archivioturi.lavocedelpaese.info\/index.php\/wp-json\/wp\/v2\/types\/post"}],"author":[{"embeddable":true,"href":"https:\/\/archivioturi.lavocedelpaese.info\/index.php\/wp-json\/wp\/v2\/users\/1"}],"replies":[{"embeddable":true,"href":"https:\/\/archivioturi.lavocedelpaese.info\/index.php\/wp-json\/wp\/v2\/comments?post=17911"}],"version-history":[{"count":0,"href":"https:\/\/archivioturi.lavocedelpaese.info\/index.php\/wp-json\/wp\/v2\/posts\/17911\/revisions"}],"wp:attachment":[{"href":"https:\/\/archivioturi.lavocedelpaese.info\/index.php\/wp-json\/wp\/v2\/media?parent=17911"}],"wp:term":[{"taxonomy":"category","embeddable":true,"href":"https:\/\/archivioturi.lavocedelpaese.info\/index.php\/wp-json\/wp\/v2\/categories?post=17911"},{"taxonomy":"post_tag","embeddable":true,"href":"https:\/\/archivioturi.lavocedelpaese.info\/index.php\/wp-json\/wp\/v2\/tags?post=17911"}],"curies":[{"name":"wp","href":"https:\/\/api.w.org\/{rel}","templated":true}]}}