{"id":17910,"date":"2020-10-19T06:14:15","date_gmt":"2020-10-19T06:14:15","guid":{"rendered":"https:\/\/archivioturi.lavocedelpaese.info\/index.php\/2020\/10\/19\/non-comportiamoci-da-bambini-capricciosi\/"},"modified":"2020-10-19T06:14:15","modified_gmt":"2020-10-19T06:14:15","slug":"non-comportiamoci-da-bambini-capricciosi","status":"publish","type":"post","link":"https:\/\/archivioturi.lavocedelpaese.info\/index.php\/2020\/10\/19\/non-comportiamoci-da-bambini-capricciosi\/","title":{"rendered":"\u201cNon comportiamoci da bambini capricciosi\u201d"},"content":{"rendered":"<p><iframe loading=\"lazy\" src=\"https:\/\/www.facebook.com\/plugins\/video.php?href=https%3A%2F%2Fwww.facebook.com%2Ftinarestasindaco%2Fvideos%2F347888473131638%2F&amp;show_text=false&amp;width=734&amp;height=415&amp;appId\" width=\"320\" height=\"200\" style=\"border: none; overflow: hidden;\" scrolling=\"no\" frameborder=\"0\" allowtransparency=\"true\" allow=\"encrypted-media\" allowfullscreen=\"true\"><\/iframe><\/p>\n<p style=\"text-align: center;\"><strong>Il videomessaggio del sindaco Tina Resta esorta la cittadinanza a rispettare le regole con responsabilit\u00e0 e senza polemiche<\/strong><\/p>\n<p style=\"text-align: justify;\">Il sindaco Tina Resta ritorna a utilizzare i social per parlare direttamente ai cittadini con un intervento video, dal tono fermo ma pacato, in cui si fa il punto dell\u2019evoluzione dell\u2019emergenza sanitaria.<\/p>\n<p style=\"text-align: justify;\">Dopo la notizia dei due coniugi risultati positivi al Covid-19, \u00abl\u2019ASL ha comunicato la positivit\u00e0 anche di un alunno della scuola primaria\u00bb. A scopo precauzionale \u2013 rassicura subito il primo cittadino \u2013 le lezioni erano state sospese gi\u00e0 a partire da luned\u00ec 12 ottobre. Inoltre, domenica sera, in accordo con la preside, si \u00e8 provveduto a sanificare l\u2019aula frequentata dal bambino e gli spazi comuni, ovvero corridoi e bagni.<\/p>\n<p style=\"text-align: justify;\">Fortunatamente, il bambino e i suoi genitori, sentiti telefonicamente dal sindaco, stanno bene e affrontano tranquillamente la quarantena. \u00abOra \u00e8 importante \u2013 ammonisce il sindaco \u2013 non continuare a cercare di capire chi siano e quali possano essere gli eventuali contatti. C&#8217;\u00e8 un&#8217;organizzazione che si chiama Dipartimento di Prevenzione dell&#8217;ASL che sta facendo questo lavoro e dobbiamo farglielo fare con calma\u00bb.<\/p>\n<p style=\"text-align: justify;\">\u00ab\u00c8 il primo caso di un bambino positivo a Turi \u2013 prosegue \u2013 e chiaramente c\u2019\u00e8 stata tanta preoccupazione da parte della preside, dei docenti e dei collaboratori scolastici\u00bb. \u00abSapevamo che poteva accadere\u00bb, come raccontano i vari casi registrati nei Comuni limitrofi, numericamente superiori rispetto a Turi. Tuttavia, in un passaggio successivo, si mette in chiaro che la maggior parte dei contagi non si verifica a scuola, dove si pone \u00abun\u2019attenzione particolare, seguendo protocolli ben precisi\u00bb, ma negli ambienti e nelle frequentazioni esterne alle mura scolastiche. Ecco allora l\u2019invito a \u00abevitare partecipazioni a eventi che non siano strettamente necessari\u00bb.<\/p>\n<p style=\"text-align: justify;\"><strong>L\u2019APPELLO AI GENITORI<\/strong><\/p>\n<p style=\"text-align: justify;\">\u00abDobbiamo stare molto attenti a monitorare la salute dei bambini\u00bb \u2013 esorta il sindaco, rivolgendosi direttamente ai genitori. La raccomandazione \u00e8 che, se si riscontrano sintomi di malessere, anche non riconducili al Covid-19, si eviti di mandare a scuola il proprio figlio e si contatti il pediatra o il medico di famiglia, senza dar peso \u00aballe varie pagine Facebook\u00bb.<\/p>\n<p style=\"text-align: justify;\"><strong>RISPETTIAMO LE REGOLE<\/strong><\/p>\n<p style=\"text-align: justify;\">\u00abMi aspetto da tutti voi il rispetto delle molteplici regole dell&#8217;ultimo DPCM. \u00c8 inutile fare polemiche o voler interpretare in maniera personale le disposizioni normative\u00bb.<\/p>\n<p style=\"text-align: justify;\">Le tre regole basilari non sono cambiate: indossare la mascherina, mantenere il distanziamento sociale e igienizzare frequentemente le mani.<\/p>\n<p style=\"text-align: justify;\">Si \u00e8 aggiunta qualche ulteriore restrizione, come ad esempio la chiusura a mezzanotte di pizzerie e bar. \u00abUna limitazione che \u2013 rileva il sindaco \u2013 non \u00e8 importantissima. Meglio chiudere a mezzanotte che non pensare di chiudere totalmente. Rispettiamo le regole senza sfidare le Forze dell&#8217;Ordine\u00bb.<\/p>\n<p style=\"text-align: justify;\"><strong>ASSEMBRAMENTI<\/strong><\/p>\n<p style=\"text-align: justify;\">Un altro aspetto toccato dal primo cittadino riguarda la persistenza di assembramenti da parte dei pi\u00f9 giovani: \u00abStiamo facendo anche delle sanzioni ma \u2013 si interroga \u2013 \u00e8 possibile che dobbiamo far comprendere la seriet\u00e0 del momento che stiamo vivendo attraverso le multe?\u00bb.<\/p>\n<p style=\"text-align: justify;\">\u00abQuesti ragazzi, che si aggregano in maniera numerosa in alcune zone del paese e si scambiano bottiglie di birra, poi ritornano a casa e probabilmente i genitori sono inconsapevoli di quello che fanno. Un appello lo faccio anche ai giovani: non sottovalutate la situazione, \u00e8 un danno che facciamo al nostro paese e alla nostra economia\u00bb.<\/p>\n<p style=\"text-align: justify;\"><strong>TUTTO DIPENDE DA NOI<\/strong><\/p>\n<p style=\"text-align: justify;\">A costo di essere ripetitiva, Tina Resta rinnova la richiesta di collaborazione da parte di tutti i cittadini, evitando \u00abpolemiche e ironie\u00bb e indossando sempre \u00abla mascherina che pu\u00f2 salvarci la vita\u00bb. \u00abAi bambini \u2013 aggiunge \u2013 va spiegato come si devono comportare e soprattutto dobbiamo essere d&#8217;esempio con il nostro comportamento: se i genitori mettono la mascherina, lo far\u00e0 anche il bambino\u00bb.<\/p>\n<p style=\"text-align: justify;\">\u00abSiamo circondati da Comuni limitrofi con centinaia di contagi: se il virus arriva a persone che non riescono a superare questo momento, la situazione diventa molto pi\u00f9 grave\u00bb. \u00abCi sono paesi \u2013 scandisce severa \u2013 in cui le scuole sono chiuse, sono chiusi gli Enti locali e le residenze per anziani. Perch\u00e9 con il nostro comportamento \u201cscellerato\u201d dobbiamo arrivare anche noi a questi scenari?\u00bb.<\/p>\n<p style=\"text-align: justify;\">Non di meno, se questa cooperazione dovesse venire a mancare, il sindaco \u00e8 chiara fin da ora: \u00abPreferisco sempre dialogare ma quando non si hanno risultati, si sar\u00e0 costretti a intervenire con ordinanze pi\u00f9 restrittive, come accaduto in passato\u00bb.<\/p>\n<p style=\"text-align: justify;\"><strong>SALVAGUARDIAMO LA NOSTRA SALUTE<\/strong><\/p>\n<p style=\"text-align: justify;\">In conclusione, tranquillizzando tutti che le attivit\u00e0 didattiche a Turi andranno avanti, il primo cittadino condensa il contenuto del suo messaggio in uno \u201cslogan\u201d che ci sembra pi\u00f9 che riuscito: \u00abVogliamo difendere i bambini e la scuola? Non comportiamoci da bambini capricciosi. Cerchiamo di essere degli adulti assennati e vedrete che anche questa volta riusciremo a salvaguardare la nostra salute\u00bb.<\/p>\n<p style=\"text-align: justify;\">\u00abSono sicura che ce la metterete tutta \u2013 chiosa \u2013 ma vi dico anche che vi controller\u00f2, vi sanzioner\u00f2, proprio perch\u00e9 ci tengo a voi e alle vostre famiglie\u00bb. Una preoccupazione condivisa con \u00abtutta l&#8217;Amministrazione e tutto il Consiglio comunale. Come vi ho detto in altre occasioni, non ci sono consiglieri di minoranza e maggioranza ma un governo cittadino che ha a cuore la vostra salute\u00bb.<\/p>\n<p style=\"text-align: right;\"><strong>Fabio D\u2019Aprile<\/strong><\/p>\n","protected":false},"excerpt":{"rendered":"<p><iframe loading=\"lazy\" src=\"https:\/\/www.facebook.com\/plugins\/video.php?href=https%3A%2F%2Fwww.facebook.com%2Ftinarestasindaco%2Fvideos%2F347888473131638%2F&amp;show_text=false&amp;width=734&amp;height=415&amp;appId\" width=\"320\" height=\"200\" style=\"border: none; overflow: hidden;\" scrolling=\"no\" frameborder=\"0\" allowtransparency=\"true\" allow=\"encrypted-media\" allowfullscreen=\"true\"><\/iframe><\/p>\n","protected":false},"author":1,"featured_media":0,"comment_status":"open","ping_status":"closed","sticky":false,"template":"","format":"standard","meta":{"colormag_page_container_layout":"default_layout","colormag_page_sidebar_layout":"default_layout","footnotes":""},"categories":[4],"tags":[],"class_list":["post-17910","post","type-post","status-publish","format-standard","hentry","category-politica"],"_links":{"self":[{"href":"https:\/\/archivioturi.lavocedelpaese.info\/index.php\/wp-json\/wp\/v2\/posts\/17910","targetHints":{"allow":["GET"]}}],"collection":[{"href":"https:\/\/archivioturi.lavocedelpaese.info\/index.php\/wp-json\/wp\/v2\/posts"}],"about":[{"href":"https:\/\/archivioturi.lavocedelpaese.info\/index.php\/wp-json\/wp\/v2\/types\/post"}],"author":[{"embeddable":true,"href":"https:\/\/archivioturi.lavocedelpaese.info\/index.php\/wp-json\/wp\/v2\/users\/1"}],"replies":[{"embeddable":true,"href":"https:\/\/archivioturi.lavocedelpaese.info\/index.php\/wp-json\/wp\/v2\/comments?post=17910"}],"version-history":[{"count":0,"href":"https:\/\/archivioturi.lavocedelpaese.info\/index.php\/wp-json\/wp\/v2\/posts\/17910\/revisions"}],"wp:attachment":[{"href":"https:\/\/archivioturi.lavocedelpaese.info\/index.php\/wp-json\/wp\/v2\/media?parent=17910"}],"wp:term":[{"taxonomy":"category","embeddable":true,"href":"https:\/\/archivioturi.lavocedelpaese.info\/index.php\/wp-json\/wp\/v2\/categories?post=17910"},{"taxonomy":"post_tag","embeddable":true,"href":"https:\/\/archivioturi.lavocedelpaese.info\/index.php\/wp-json\/wp\/v2\/tags?post=17910"}],"curies":[{"name":"wp","href":"https:\/\/api.w.org\/{rel}","templated":true}]}}