{"id":17889,"date":"2020-10-10T06:15:03","date_gmt":"2020-10-10T06:15:03","guid":{"rendered":"https:\/\/archivioturi.lavocedelpaese.info\/index.php\/2020\/10\/10\/la-solidarieta-non-si-ferma\/"},"modified":"2020-10-10T06:15:03","modified_gmt":"2020-10-10T06:15:03","slug":"la-solidarieta-non-si-ferma","status":"publish","type":"post","link":"https:\/\/archivioturi.lavocedelpaese.info\/index.php\/2020\/10\/10\/la-solidarieta-non-si-ferma\/","title":{"rendered":"La solidariet\u00e0 non si ferma"},"content":{"rendered":"<p><img loading=\"lazy\" decoding=\"async\" src=\"https:\/\/live.staticflickr.com\/65535\/50439365037_931ba10a5f_n.jpg\" alt=\"zaino sospeso\" width=\"320\" height=\"182\" \/><\/p>\n<p style=\"text-align: center;\"><strong>L\u2019Assessorato alla Politiche Sociali in prima linea per gli alunni in difficolt\u00e0 e gli amici a quattro zampe<\/strong><\/p>\n<p style=\"text-align: justify;\">L\u2019Assessorato alla Politiche Sociali, guidato da Imma Bianco, esordisce nel migliore dei modi, impegnandosi in due nobili iniziative che fanno appello allo spirito di solidariet\u00e0 e di aiuto reciproco che la comunit\u00e0 turese ha dimostrato di saper coltivare, non solo nei momenti di difficolt\u00e0.<\/p>\n<p style=\"text-align: justify;\"><strong>DIAMOGLI UNA ZAMPA<\/strong><\/p>\n<p style=\"text-align: justify;\">La prima campagna solidale, simbolicamente intitolata \u201cDiamogli una zampa\u201d, \u00e8 stata realizzata in occasione della Giornata mondiale degli Animali. Tutti i cittadini che ne abbiano la possibilit\u00e0 sono invitati a dare il proprio contribuito per aiutare concretamente i cani e i gatti randagi, che non hanno ancora avuto la fortuna di avere una famiglia e che riescono a vivere dignitosamente solo grazie alle amorevoli cure dei volontari.<\/p>\n<p style=\"text-align: justify;\">\u00abFino a sabato 10 ottobre \u2013 ricorda l\u2019assessore Bianco sui social \u2013 recandosi presso \u201cCucciolandia\u201d di Albino Malena, sar\u00e0 possibile donare cibo, collari antiparassitari, cucce e tutto l\u2019occorrente per supportare gli amici a quattro zampe ospitati nel nostro Canile sanitario e i gatti delle colonie feline censite nel territorio comunale.<\/p>\n<p style=\"text-align: justify;\"><strong>ZAINO SOSPESO<\/strong><\/p>\n<p style=\"text-align: justify;\">\u201cZaino sospeso\u201d, invece, guarda alle famiglie pi\u00f9 fragili che, nell\u2019imminenza della ripresa a regime delle attivit\u00e0 scolastiche, si trovano a dover fare i conti con la difficolt\u00e0 di acquistare il classico \u201ccorredo scolastico\u201d per i propri figli.<\/p>\n<p style=\"text-align: justify;\">Anche in questo caso, il Comune di Turi scende in campo proponendo una raccolta solidale di materiale scolastico: dai quaderni agli astucci, passando per l\u2019ampia gamma di prodotti di cancelleria che vengono utilizzati dagli alunni.<\/p>\n<p style=\"text-align: justify;\">Aderire \u00e8 semplice: una volta acquistato il materiale dai punti vendita che hanno aderito, sar\u00e0 sufficiente lasciarlo nell\u2019apposito cesto solidale. I volontari della Protezione Civile provvederanno a ritirarlo e a farlo arrivare a destinazione.<\/p>\n<p style=\"text-align: justify;\">I punti vendita che hanno sposato l&#8217;iniziativa sono: Cartolibreria Nuovo Emporio, Cartolibreria Punto Scuola, Drum color SRL, Qualit\u00e0 e Risparmio SRL (via Mola), Qualit\u00e0 e Risparmio (via S. Pompilio), Sole d&#8217;Oro, Dongh Hai.<\/p>\n","protected":false},"excerpt":{"rendered":"<p><img loading=\"lazy\" decoding=\"async\" src=\"https:\/\/live.staticflickr.com\/65535\/50439365037_931ba10a5f_n.jpg\" alt=\"zaino sospeso\" width=\"320\" height=\"182\" \/><\/p>\n","protected":false},"author":1,"featured_media":0,"comment_status":"open","ping_status":"closed","sticky":false,"template":"","format":"standard","meta":{"colormag_page_container_layout":"default_layout","colormag_page_sidebar_layout":"default_layout","footnotes":""},"categories":[7],"tags":[],"class_list":["post-17889","post","type-post","status-publish","format-standard","hentry","category-attualita"],"_links":{"self":[{"href":"https:\/\/archivioturi.lavocedelpaese.info\/index.php\/wp-json\/wp\/v2\/posts\/17889","targetHints":{"allow":["GET"]}}],"collection":[{"href":"https:\/\/archivioturi.lavocedelpaese.info\/index.php\/wp-json\/wp\/v2\/posts"}],"about":[{"href":"https:\/\/archivioturi.lavocedelpaese.info\/index.php\/wp-json\/wp\/v2\/types\/post"}],"author":[{"embeddable":true,"href":"https:\/\/archivioturi.lavocedelpaese.info\/index.php\/wp-json\/wp\/v2\/users\/1"}],"replies":[{"embeddable":true,"href":"https:\/\/archivioturi.lavocedelpaese.info\/index.php\/wp-json\/wp\/v2\/comments?post=17889"}],"version-history":[{"count":0,"href":"https:\/\/archivioturi.lavocedelpaese.info\/index.php\/wp-json\/wp\/v2\/posts\/17889\/revisions"}],"wp:attachment":[{"href":"https:\/\/archivioturi.lavocedelpaese.info\/index.php\/wp-json\/wp\/v2\/media?parent=17889"}],"wp:term":[{"taxonomy":"category","embeddable":true,"href":"https:\/\/archivioturi.lavocedelpaese.info\/index.php\/wp-json\/wp\/v2\/categories?post=17889"},{"taxonomy":"post_tag","embeddable":true,"href":"https:\/\/archivioturi.lavocedelpaese.info\/index.php\/wp-json\/wp\/v2\/tags?post=17889"}],"curies":[{"name":"wp","href":"https:\/\/api.w.org\/{rel}","templated":true}]}}