{"id":17867,"date":"2020-09-29T09:12:38","date_gmt":"2020-09-29T09:12:38","guid":{"rendered":"https:\/\/archivioturi.lavocedelpaese.info\/index.php\/2020\/09\/29\/la-condizione-sociale-della-persona\/"},"modified":"2020-09-29T09:12:38","modified_gmt":"2020-09-29T09:12:38","slug":"la-condizione-sociale-della-persona","status":"publish","type":"post","link":"https:\/\/archivioturi.lavocedelpaese.info\/index.php\/2020\/09\/29\/la-condizione-sociale-della-persona\/","title":{"rendered":"\u201cLa condizione sociale della persona\u201d"},"content":{"rendered":"<p><img loading=\"lazy\" decoding=\"async\" src=\"https:\/\/live.staticflickr.com\/65535\/50384090676_1c4313d1c0_n.jpg\" alt=\"moro (3)\" width=\"319\" height=\"320\" \/><\/p>\n<p style=\"text-align: center;\"><strong>La riflessione del prof. Mimmo Leogrande in occasione dell\u2019anniversario della nascita dello Statista italiano<\/strong><\/p>\n<p style=\"text-align: justify;\">Ogni anno, il 23 settembre, giorno della nascita di Moro, il Centro Studi \u201cAldo Moro\u201d di Turi deposita una corona di alloro presso la lapide dello Statista di piazza Moro. Una manifestazione che serve per ricordare un Grande Uomo. \u00c8 anche l\u2019occasione, come ho avuto modo molte volte di dire, di riflettere sul Suo pensiero.<\/p>\n<p style=\"text-align: justify;\">Questa volta lo spunto \u00e8 arrivato da un bellissimo articolo su IlSole24ore di Padre Enzo Fortunato, direttore della sala stampa del Sacro Convento di Assisi, dal titolo \u201cGuadagnare non pi\u00f9 cose, ma pi\u00f9 umanit\u00e0\u201d. In occasione dell\u2019evento \u201cOltre i confini. Il cortile di Francesco\u201d, organizzato ad Assisi, Padre Fortunato ha evidenziato un tema molto dibattuto in politica: prima noi o gli altri? E se dicessimo: Insieme? Egli pone l\u2019attenzione sul tipo di economia che si dovrebbe mettere in atto, se egoistica o condivisa. Dice Padre Fortunato: \u201cL\u2019obiettivo pu\u00f2 essere quello di una nuova economia, che non aumenti le disuguaglianze ma che ci renda tutti fratelli o, meglio, Fratelli tutti\u201d. Nell\u2019evento si \u00e8 alzato il grido dell\u2019economia francescana che, dal basso, deve arrivare alle istituzioni, affinch\u00e9 si prendano cura dell\u2019uomo.<\/p>\n<p style=\"text-align: justify;\">Leggendo questo articolo mi \u00e8 venuto in mente, ovviamente, quanto Moro diceva circa 50 anni fa. Egli gi\u00e0 allora sosteneva: \u201cquando si parla di una giusta economia non si parla solo di efficienza produttiva, ma di condizione sociale della persona, di qualche cosa che va al di l\u00e0 della pur naturale rivendicazione di benessere e di giustizia, per toccare la posizione dell\u2019uomo ed il suo modo di essere, il solo accettabile e appagante, nella societ\u00e0\u2026.\u201d.<\/p>\n<p style=\"text-align: justify;\">Per Moro l\u2019economia non deve essere il termine ultimo, la ragion d\u2019essere, il senso fondamentale della umanit\u00e0. L\u2019economia deve essere al servizio dell\u2019uomo. Gli interventi in politica economia devono mirare ad una comunit\u00e0 fondata sul principio della pari dignit\u00e0 dei cittadini e sul patto sociale della riduzione delle disuguaglianze. Ogni azione deve mirare alla ricerca del bene comune, che dovrebbe essere il compito e il fine di una societ\u00e0 giusta. Questa azione, diceva Moro, deve essere condotta da tutti coloro che hanno le redini dell\u2019economia, dalle istituzioni pubbliche a quelle private; ognuno ha il dovere di rendere l\u2019economia e l\u2019industria pi\u00f9 solidale. Ecco l\u2019attualit\u00e0 del pensiero di Moro, Colui che poneva sempre al centro di tutto la persona, la sua condizione sociale.<\/p>\n<p style=\"text-align: justify;\">Purtroppo, la crisi finanziaria globale che abbiamo vissuto ha drammaticamente peggiorato le condizioni di vita di milioni di persone; la prevalenza del profitto e dell\u2019interesse privato hanno disegnato scenari molto diversi da quello che auspicava Moro. \u00c8 qui che le parole di Padre Fortunato assumono un valore straordinario. Si riprende il pensiero di Moro, in un momento cos\u00ec difficile, quello di impegnarsi a risolvere i problemi, a ridurre, se non ad eliminare, le disuguaglianze. Moro sarebbe stato in prima linea in questo evento, avrebbe messo tutte le Sue energie al servizio della idea di individuare e sostenere un modello di sviluppo che guardi non al solo profitto, ma sia orientato al bene comune.<\/p>\n<p style=\"text-align: justify;\">Che bello leggere, infine, il messaggio finale del Cortile di San Francesco: \u201cAttendiamo un\u2019alba nuova, un nuovo modo di fare economia. Perch\u00e9 prima della competizione sta l\u2019uomo. Perch\u00e9 prima delle differenze sociali ed economiche sta il senso dell\u2019umanit\u00e0 che ci unisce. Perch\u00e9 possiamo andare oltre i confini, economici, politici e sociali che ci dividono\u201d. Ho rivisto le parole di Moro: la persona prima di tutto.<\/p>\n<p style=\"text-align: right;\"><strong>Mimmo Leogrande <\/strong><br \/><strong>Presidente del Centro Studi \u201cAldo Moro\u201d di Turi<\/strong><\/p>\n","protected":false},"excerpt":{"rendered":"<p><img loading=\"lazy\" decoding=\"async\" src=\"https:\/\/live.staticflickr.com\/65535\/50384090676_1c4313d1c0_n.jpg\" alt=\"moro (3)\" width=\"319\" height=\"320\" \/><\/p>\n","protected":false},"author":1,"featured_media":0,"comment_status":"open","ping_status":"closed","sticky":false,"template":"","format":"standard","meta":{"colormag_page_container_layout":"default_layout","colormag_page_sidebar_layout":"default_layout","footnotes":""},"categories":[6],"tags":[],"class_list":["post-17867","post","type-post","status-publish","format-standard","hentry","category-cultura"],"_links":{"self":[{"href":"https:\/\/archivioturi.lavocedelpaese.info\/index.php\/wp-json\/wp\/v2\/posts\/17867","targetHints":{"allow":["GET"]}}],"collection":[{"href":"https:\/\/archivioturi.lavocedelpaese.info\/index.php\/wp-json\/wp\/v2\/posts"}],"about":[{"href":"https:\/\/archivioturi.lavocedelpaese.info\/index.php\/wp-json\/wp\/v2\/types\/post"}],"author":[{"embeddable":true,"href":"https:\/\/archivioturi.lavocedelpaese.info\/index.php\/wp-json\/wp\/v2\/users\/1"}],"replies":[{"embeddable":true,"href":"https:\/\/archivioturi.lavocedelpaese.info\/index.php\/wp-json\/wp\/v2\/comments?post=17867"}],"version-history":[{"count":0,"href":"https:\/\/archivioturi.lavocedelpaese.info\/index.php\/wp-json\/wp\/v2\/posts\/17867\/revisions"}],"wp:attachment":[{"href":"https:\/\/archivioturi.lavocedelpaese.info\/index.php\/wp-json\/wp\/v2\/media?parent=17867"}],"wp:term":[{"taxonomy":"category","embeddable":true,"href":"https:\/\/archivioturi.lavocedelpaese.info\/index.php\/wp-json\/wp\/v2\/categories?post=17867"},{"taxonomy":"post_tag","embeddable":true,"href":"https:\/\/archivioturi.lavocedelpaese.info\/index.php\/wp-json\/wp\/v2\/tags?post=17867"}],"curies":[{"name":"wp","href":"https:\/\/api.w.org\/{rel}","templated":true}]}}