{"id":17866,"date":"2020-09-29T06:30:58","date_gmt":"2020-09-29T06:30:58","guid":{"rendered":"https:\/\/archivioturi.lavocedelpaese.info\/index.php\/2020\/09\/29\/scuolabus-e-mensa-la-parola-dordine-e-responsabilita\/"},"modified":"2020-09-29T06:30:58","modified_gmt":"2020-09-29T06:30:58","slug":"scuolabus-e-mensa-la-parola-dordine-e-responsabilita","status":"publish","type":"post","link":"https:\/\/archivioturi.lavocedelpaese.info\/index.php\/2020\/09\/29\/scuolabus-e-mensa-la-parola-dordine-e-responsabilita\/","title":{"rendered":"Scuolabus e mensa: \u201cLa parola d\u2019ordine \u00e8 responsabilit\u00e0\u201d"},"content":{"rendered":"<p><img loading=\"lazy\" decoding=\"async\" src=\"https:\/\/live.staticflickr.com\/65535\/50384085426_bec6cd8a88_n.jpg\" alt=\"Lanfranco Netti\" width=\"272\" height=\"320\" \/><\/p>\n<p style=\"text-align: center;\"><strong>Il consigliere Lanfranco Netti, delegato alla pubblica istruzione, ci spiega come si sta operando per avviare in sicurezza i due servizi scolastici<\/strong><\/p>\n<p style=\"text-align: justify;\">Luned\u00ec 21 settembre, il consigliere Lanfranco Netti ha ricevuto la delega alla pubblica istruzione. Una delle materie pi\u00f9 delicate in questo periodo storico in cui l\u2019approssimarsi della prima campanella \u00e8 accompagnato da incertezze e preoccupazioni.<\/p>\n<p style=\"text-align: justify;\">Tra le varie domande che imperversano negli ormai mitologici gruppi WhatsApp dei genitori, le pi\u00f9 quotate riguardano lo scuolabus e la mensa. A tal proposito, il consigliere Netti rassicura che sono i due temi su cui, fin dalle prime ore del suo recente incarico, ha concentrato ogni attenzione.<\/p>\n<p style=\"text-align: justify;\">\u00abPer il servizio di trasporto degli alunni \u2013 spiega \u2013 gli elenchi degli studenti che usufruiranno dello scuolabus sono in fase di ultimazione alla luce del nuovo regolamento comunale, approvato nel mese di gennaio, e delle vigenti normative in materia di prevenzione dei contagi da Covid-19. Su questo aspetto abbiamo interloquito con il fornitore del servizio per avere la garanzia che ci sia la piena osservanza dei protocolli elaborati dal Comitato tecnico-scientifico\u00bb.<\/p>\n<p style=\"text-align: justify;\">\u00abPosso assicurare che, a breve, verranno fornite tutte le risposte sull\u2019organizzazione del servizio. Infatti \u2013 aggiunge Netti \u2013 stiamo programmando un incontro con i genitori degli alunni interessati, cui parteciperanno la parte politica e tecnica dell\u2019Amministrazione, nonch\u00e9 una rappresentanza della ditta. Sar\u00e0 questa l\u2019occasione per chiarire ogni dubbio in merito all\u2019organizzazione del servizio ed alle misure di prevenzione da attuare\u00bb.<\/p>\n<p style=\"text-align: justify;\">\u00abLa parola d\u2019ordine in questo momento \u2013 rimarca il consigliere \u2013 deve essere \u201cresponsabilit\u00e0\u201d, nel senso pi\u00f9 ampio del termine: ognuno deve fare la sua parte affinch\u00e9 questa situazione, fuori da ogni previsione e che ha dei risvolti concreti anche sulle attivit\u00e0 scolastiche, possa essere gestita in completa sicurezza ed efficienza. \u00c8 necessario che ci sia un approccio attento al servizio scuolabus, che deve seguire le stesse regole di prevenzione che valgono all\u2019interno degli istituti scolastici\u00bb.<\/p>\n<p style=\"text-align: justify;\">Infine, per quanto riguarda il servizio mensa, il consigliere Netti informa che quest\u2019ultimo \u00abriveste un innegabile ruolo nel percorso di crescita dell\u2019autonomia dei bambini e, pertanto, sar\u00e0 assicurato il suo avvio nei tempi pi\u00f9 brevi possibili. Al riguardo, l\u2019Ufficio Pubblica Istruzione \u00e8 al lavoro per la conclusione dell\u2019iter istruttorio che consentir\u00e0 l\u2019avvio del servizio, anche in questo caso nel rispetto delle linee guida nazionali e regionali di riferimento. Si tratta di cambiamenti che andranno tenuti in debito conto, coordinandoci con la dirigenza scolastica e l\u2019azienda che gestisce il servizio di refezione scolastica. Anche per quanto riguarda i dettagli relativi a questo servizio sar\u00e0 calendarizzato un incontro informativo rivolto ai genitori\u00bb.<\/p>\n<p style=\"text-align: justify;\">\u00abLa priorit\u00e0 sar\u00e0, dunque, rafforzare quei comportamenti, da osservare dentro e fuori la scuola, che creino le condizioni per un abbattimento della possibilit\u00e0 di contrarre il virus. Sappiamo bene che nessuno pu\u00f2 garantire il \u201crischio zero\u201d ma, collaborando tutti insieme, abbiamo il dovere di mettere in pratica ogni accorgimento utile a circoscrivere gli eventuali contagi. In tal senso \u2013 conclude il consigliere \u2013 sar\u00e0 mia cura assicurare che il dialogo tra Amministrazione comunale, scuola e genitori sia costante e costruttivo, nell\u2019ottica della salvaguardia del benessere, dello sviluppo e della protezione dei bambini e di tutti gli operatori scolastici\u00bb.<\/p>\n<p style=\"text-align: right;\"><strong>Fabio D\u2019Aprile<\/strong><\/p>\n","protected":false},"excerpt":{"rendered":"<p><img loading=\"lazy\" decoding=\"async\" src=\"https:\/\/live.staticflickr.com\/65535\/50384085426_bec6cd8a88_n.jpg\" alt=\"Lanfranco Netti\" width=\"272\" height=\"320\" \/><\/p>\n","protected":false},"author":1,"featured_media":0,"comment_status":"open","ping_status":"closed","sticky":false,"template":"","format":"standard","meta":{"colormag_page_container_layout":"default_layout","colormag_page_sidebar_layout":"default_layout","footnotes":""},"categories":[7],"tags":[],"class_list":["post-17866","post","type-post","status-publish","format-standard","hentry","category-attualita"],"_links":{"self":[{"href":"https:\/\/archivioturi.lavocedelpaese.info\/index.php\/wp-json\/wp\/v2\/posts\/17866","targetHints":{"allow":["GET"]}}],"collection":[{"href":"https:\/\/archivioturi.lavocedelpaese.info\/index.php\/wp-json\/wp\/v2\/posts"}],"about":[{"href":"https:\/\/archivioturi.lavocedelpaese.info\/index.php\/wp-json\/wp\/v2\/types\/post"}],"author":[{"embeddable":true,"href":"https:\/\/archivioturi.lavocedelpaese.info\/index.php\/wp-json\/wp\/v2\/users\/1"}],"replies":[{"embeddable":true,"href":"https:\/\/archivioturi.lavocedelpaese.info\/index.php\/wp-json\/wp\/v2\/comments?post=17866"}],"version-history":[{"count":0,"href":"https:\/\/archivioturi.lavocedelpaese.info\/index.php\/wp-json\/wp\/v2\/posts\/17866\/revisions"}],"wp:attachment":[{"href":"https:\/\/archivioturi.lavocedelpaese.info\/index.php\/wp-json\/wp\/v2\/media?parent=17866"}],"wp:term":[{"taxonomy":"category","embeddable":true,"href":"https:\/\/archivioturi.lavocedelpaese.info\/index.php\/wp-json\/wp\/v2\/categories?post=17866"},{"taxonomy":"post_tag","embeddable":true,"href":"https:\/\/archivioturi.lavocedelpaese.info\/index.php\/wp-json\/wp\/v2\/tags?post=17866"}],"curies":[{"name":"wp","href":"https:\/\/api.w.org\/{rel}","templated":true}]}}