{"id":17862,"date":"2020-09-27T06:31:30","date_gmt":"2020-09-27T06:31:30","guid":{"rendered":"https:\/\/archivioturi.lavocedelpaese.info\/index.php\/2020\/09\/27\/ricomincia-la-scuola-dellinfanzia\/"},"modified":"2020-09-27T06:31:30","modified_gmt":"2020-09-27T06:31:30","slug":"ricomincia-la-scuola-dellinfanzia","status":"publish","type":"post","link":"https:\/\/archivioturi.lavocedelpaese.info\/index.php\/2020\/09\/27\/ricomincia-la-scuola-dellinfanzia\/","title":{"rendered":"Ricomincia la Scuola dell\u2019Infanzia"},"content":{"rendered":"<p><img loading=\"lazy\" decoding=\"async\" src=\"https:\/\/live.staticflickr.com\/65535\/50383379653_8eba717118_n.jpg\" alt=\"scuola infanzia (1)\" width=\"320\" height=\"148\" \/><\/p>\n<p style=\"text-align: center;\"><strong>Percorsi e mascherine ad accogliere i pi\u00f9 piccoli<\/strong><\/p>\n<p style=\"text-align: justify;\">\u00c8 l\u2019alba di un nuovo inizio. Dopo sei mesi di buio, alle ore 8.00 del 24 settembre riaprono i cancelli della scuola dell\u2019infanzia turese. Qualche differenza si nota sin dall\u2019ingresso, dove i volontari della Protezione civile, dietro la loro mascherina, indicano il percorso che ogni bambino, accompagnato da un solo genitore, deve effettuare. Un percorso simpatico, una pista da gioco, fino al portone principale, dove a distanza di sei mesi, i piccoli hanno salutato le loro insegnanti. Grandi emozioni negli occhi di tutti, rotti da qualche singhiozzo o un ultimo forte abbraccio alla mamma, con la promessa di riabbracciarsi dopo qualche ora.<\/p>\n<p><img loading=\"lazy\" decoding=\"async\" src=\"https:\/\/live.staticflickr.com\/65535\/50384255287_34741fd4dd_n.jpg\" alt=\"scuola infanzia (2)\" style=\"margin: 6px; float: right;\" width=\"320\" height=\"195\" \/><\/p>\n<p style=\"text-align: justify;\">L\u2019avvio dell\u2019anno educativo e scolastico \u00e8 un appuntamento importante per bambini e famiglie, oltre che per il personale, e quest\u2019anno assume un valore particolare segnando la ripresa alla normalit\u00e0 per migliaia di famiglie dopo la lunga sospensione scattata a marzo a causa della pandemia, solo parzialmente interrotta dalle varie esperienze di attivit\u00e0 estive, e per la consapevolezza di dover convivere con il virus in un momento in cui i numeri del contagio sono per altro in crescita.<\/p>\n<p style=\"text-align: justify;\"><strong>L\u2019augurio del Consigliere Netti<\/strong><\/p>\n<p style=\"text-align: justify;\">Un pensiero a chi oggi ritorna a scuola \u00e8 arrivato da Lanfranco Netti, Consigliere comunale delegato alla Pubblica Istruzione, che lascia sulla sua pagina Facebook un pensiero per tutti: \u00abPer tanti bambini della nostra Turi oggi suoner\u00e0 di nuovo la &#8220;campanella&#8221; della scuola dell&#8217;infanzia. Per molti di loro sar\u00e0 il primo giorno, carico di quelle emozioni che anche in noi \u201cadulti\u201d restano ancora indelebili\u2026 Per tanti altri si tratter\u00e0 di \u201cricominciare\u201d a vivere la scuola in modo nuovo, la scuola che mesi fa hanno dovuto salutare.<\/p>\n<p style=\"text-align: justify;\">Di sicuro troveranno una scuola diversa. Rispetto a qualche mese fa molte cose sembreranno loro strane, strampalate, e gi\u00e0 li immagino chiedere centinaia di \u201cperch\u00e9\u201d, con la curiosit\u00e0 e meraviglia che li contraddistingue quando sono di fronte a qualcosa di nuovo&#8230;<\/p>\n<p style=\"text-align: justify;\">A noi \u201cgrandi\u201d tocca il difficile compito: assicurare che quello stupore e quella curiosit\u00e0 rispetto al mondo che li circonda resti sana e positiva, che non lasci il posto a stati d\u2019animo che i bambini non devono conoscere e che ugualmente resterebbero indelebili nei loro animi.<\/p>\n<p style=\"text-align: justify;\">Per questo serve responsabilit\u00e0 e buon senso, e ci\u00f2 vale per i rappresentanti delle Istituzioni, cui sono onorato di essere rappresentante, per tutti gli operatori scolastici e per noi genitori, perch\u00e9 \u201cl\u2019infanzia \u00e8 il suolo sul quale andremo a camminare per tutta la vita\u201d.<\/p>\n<p style=\"text-align: justify;\">Buon inizio a tutti!\u00bb.<\/p>\n<p style=\"text-align: justify;\">Tutti noi ci auguriamo che questo inizio non incontri un freno a mano lungo la sua strada e che tutti i bambini possano godere del loro diritto all\u2019istruzione e alla socialit\u00e0 che solo la scuola sa dare. Per i pi\u00f9 grandi, i bambini della Primaria e della Secondaria di primo grado, appuntamento a luned\u00ec 28, con nuove sorprese e regole anche per il loro avvio scolastico.<\/p>\n<p style=\"text-align: right;\"><strong>CINZIA DEBIASE<\/strong><\/p>\n","protected":false},"excerpt":{"rendered":"<p><img loading=\"lazy\" decoding=\"async\" src=\"https:\/\/live.staticflickr.com\/65535\/50383379653_8eba717118_n.jpg\" alt=\"scuola infanzia (1)\" width=\"320\" height=\"148\" \/><\/p>\n","protected":false},"author":1,"featured_media":0,"comment_status":"open","ping_status":"closed","sticky":false,"template":"","format":"standard","meta":{"colormag_page_container_layout":"default_layout","colormag_page_sidebar_layout":"default_layout","footnotes":""},"categories":[7],"tags":[],"class_list":["post-17862","post","type-post","status-publish","format-standard","hentry","category-attualita"],"_links":{"self":[{"href":"https:\/\/archivioturi.lavocedelpaese.info\/index.php\/wp-json\/wp\/v2\/posts\/17862","targetHints":{"allow":["GET"]}}],"collection":[{"href":"https:\/\/archivioturi.lavocedelpaese.info\/index.php\/wp-json\/wp\/v2\/posts"}],"about":[{"href":"https:\/\/archivioturi.lavocedelpaese.info\/index.php\/wp-json\/wp\/v2\/types\/post"}],"author":[{"embeddable":true,"href":"https:\/\/archivioturi.lavocedelpaese.info\/index.php\/wp-json\/wp\/v2\/users\/1"}],"replies":[{"embeddable":true,"href":"https:\/\/archivioturi.lavocedelpaese.info\/index.php\/wp-json\/wp\/v2\/comments?post=17862"}],"version-history":[{"count":0,"href":"https:\/\/archivioturi.lavocedelpaese.info\/index.php\/wp-json\/wp\/v2\/posts\/17862\/revisions"}],"wp:attachment":[{"href":"https:\/\/archivioturi.lavocedelpaese.info\/index.php\/wp-json\/wp\/v2\/media?parent=17862"}],"wp:term":[{"taxonomy":"category","embeddable":true,"href":"https:\/\/archivioturi.lavocedelpaese.info\/index.php\/wp-json\/wp\/v2\/categories?post=17862"},{"taxonomy":"post_tag","embeddable":true,"href":"https:\/\/archivioturi.lavocedelpaese.info\/index.php\/wp-json\/wp\/v2\/tags?post=17862"}],"curies":[{"name":"wp","href":"https:\/\/api.w.org\/{rel}","templated":true}]}}