{"id":17861,"date":"2020-09-26T08:27:23","date_gmt":"2020-09-26T08:27:23","guid":{"rendered":"https:\/\/archivioturi.lavocedelpaese.info\/index.php\/2020\/09\/26\/passaggio-di-testimone-al-pertini-anelli\/"},"modified":"2020-09-26T08:27:23","modified_gmt":"2020-09-26T08:27:23","slug":"passaggio-di-testimone-al-pertini-anelli","status":"publish","type":"post","link":"https:\/\/archivioturi.lavocedelpaese.info\/index.php\/2020\/09\/26\/passaggio-di-testimone-al-pertini-anelli\/","title":{"rendered":"Passaggio di testimone al \u201cPertini &#8211; Anelli\u201d"},"content":{"rendered":"<p><img loading=\"lazy\" decoding=\"async\" src=\"https:\/\/live.staticflickr.com\/65535\/50384075926_edf2d1b4d6_n.jpg\" alt=\"inizio scuola ites 2020 (4)\" width=\"320\" height=\"213\" \/><\/p>\n<p style=\"text-align: center;\"><strong>TuriAttIVA dona un defibrillatore alla scuola. \u201cTrasformate le difficolt\u00e0 in opportunit\u00e0\u201d<\/strong><\/p>\n<p><img loading=\"lazy\" decoding=\"async\" src=\"https:\/\/live.staticflickr.com\/65535\/50383378828_f42a4c6fa4_n.jpg\" alt=\"inizio scuola ites 2020 (1)\" style=\"margin: 6px; float: right;\" width=\"150\" height=\"225\" \/><\/p>\n<p style=\"text-align: justify;\">La prima campanella \u00e8 suonata alle ore 8.00 di gioved\u00ec 24 settembre anche per gli studenti dell\u2019Ites \u201cPertini &#8211; Anelli\u201d. Un avvio in sicurezza e con serenit\u00e0, come aveva gi\u00e0 anticipato sulle nostre colonne, la Dirigente scolastica Giusy Caldararo che ha accolto i suoi studenti e dar\u00f2 il benvenuto ai nuovi iscritti. Perch\u00e9 effettivamente l\u2019inizio della scuola superiore \u00e8 un momento importante nella vita di uno studente che passa dall\u2019essere bambino al quasi adulto.<\/p>\n<p style=\"text-align: justify;\">Ecco che nella mattinata del 24 settembre, dinanzi alla comunit\u00e0 scolastica, al sindaco Tina Resta, a Don Giovanni Amodio e ai rappresentanti dell\u2019Associazione TuriAttIVA, i \u201cmaturandi\u201d hanno passato simbolicamente il testimone ai nuovi iscritti. Un gesto simbolico, un\u2019accoglienza organizzata nel migliore dei modi per abbracciare \u201ca distanza\u201d i nuovi studenti dell\u2019Istituto turese accolti nella nuova famiglia che \u00e8 l\u2019Ites \u201cPertini-Anelli\u201d. Nuova scuola, nuove regole, nuovi insegnanti, una dimensione molto pi\u00f9 grande di quella lasciata nella scuola media, da cui prendere il meglio, da cui formarsi e con cui diventare grandi.<\/p>\n<p style=\"text-align: justify;\"><img loading=\"lazy\" decoding=\"async\" src=\"https:\/\/live.staticflickr.com\/65535\/50384254137_c526aa1203_n.jpg\" alt=\"inizio scuola ites 2020 (3)\" style=\"margin: 6px; float: left;\" width=\"320\" height=\"213\" \/><\/p>\n<p style=\"text-align: justify;\">Incoraggiamento e messaggi di serenit\u00e0 sono giunti agli studenti dal Sindaco Resta e dall\u2019Arciprete Amodio, che non ha mancato di benedire il momento di avvio dell\u2019anno scolastico, nella speranza che questa situazione di grandi incertezze e paure possa presto diventare solo un ricordo.<\/p>\n<p style=\"text-align: justify;\">Particolarmente incoraggiante anche il discorso di Albino Malena, presidente di TuriAttIVA che donando un defibrillatore alla scuola ha voluto lanciare un messaggio di speranza a tutti. \u201cDa ogni difficolt\u00e0 pu\u00f2 nascere un\u2019opportunit\u00e0\u201d &#8211; \u00e8 la sintesi del suo discorso focalizzato sul momento di crisi che stiamo vivendo, che deve essere fonte di ispirazione per nuovi e creativi progetti.<\/p>\n<p style=\"text-align: justify;\">A tutti quindi, il Buon primo giorno di scuola dalla Dirigente che non ha mancato di ricordare di rispettare le regole dettate dal governo e vivere serenamente l\u2019anno scolastico.<\/p>\n<p style=\"text-align: justify;\">Per le foto ringraziamo Fabio Zita.<\/p>\n<p style=\"text-align: right;\"><strong>CINZIA DE BIASE<\/strong><\/p>\n","protected":false},"excerpt":{"rendered":"<p><img loading=\"lazy\" decoding=\"async\" src=\"https:\/\/live.staticflickr.com\/65535\/50384075926_edf2d1b4d6_n.jpg\" alt=\"inizio scuola ites 2020 (4)\" width=\"320\" height=\"213\" \/><\/p>\n","protected":false},"author":1,"featured_media":0,"comment_status":"open","ping_status":"closed","sticky":false,"template":"","format":"standard","meta":{"colormag_page_container_layout":"default_layout","colormag_page_sidebar_layout":"default_layout","footnotes":""},"categories":[7],"tags":[],"class_list":["post-17861","post","type-post","status-publish","format-standard","hentry","category-attualita"],"_links":{"self":[{"href":"https:\/\/archivioturi.lavocedelpaese.info\/index.php\/wp-json\/wp\/v2\/posts\/17861","targetHints":{"allow":["GET"]}}],"collection":[{"href":"https:\/\/archivioturi.lavocedelpaese.info\/index.php\/wp-json\/wp\/v2\/posts"}],"about":[{"href":"https:\/\/archivioturi.lavocedelpaese.info\/index.php\/wp-json\/wp\/v2\/types\/post"}],"author":[{"embeddable":true,"href":"https:\/\/archivioturi.lavocedelpaese.info\/index.php\/wp-json\/wp\/v2\/users\/1"}],"replies":[{"embeddable":true,"href":"https:\/\/archivioturi.lavocedelpaese.info\/index.php\/wp-json\/wp\/v2\/comments?post=17861"}],"version-history":[{"count":0,"href":"https:\/\/archivioturi.lavocedelpaese.info\/index.php\/wp-json\/wp\/v2\/posts\/17861\/revisions"}],"wp:attachment":[{"href":"https:\/\/archivioturi.lavocedelpaese.info\/index.php\/wp-json\/wp\/v2\/media?parent=17861"}],"wp:term":[{"taxonomy":"category","embeddable":true,"href":"https:\/\/archivioturi.lavocedelpaese.info\/index.php\/wp-json\/wp\/v2\/categories?post=17861"},{"taxonomy":"post_tag","embeddable":true,"href":"https:\/\/archivioturi.lavocedelpaese.info\/index.php\/wp-json\/wp\/v2\/tags?post=17861"}],"curies":[{"name":"wp","href":"https:\/\/api.w.org\/{rel}","templated":true}]}}