{"id":17817,"date":"2020-09-06T06:34:04","date_gmt":"2020-09-06T06:34:04","guid":{"rendered":"https:\/\/archivioturi.lavocedelpaese.info\/index.php\/2020\/09\/06\/xv-giornata-nazionale-per-la-custodia-del-creato\/"},"modified":"2020-09-06T06:34:04","modified_gmt":"2020-09-06T06:34:04","slug":"xv-giornata-nazionale-per-la-custodia-del-creato","status":"publish","type":"post","link":"https:\/\/archivioturi.lavocedelpaese.info\/index.php\/2020\/09\/06\/xv-giornata-nazionale-per-la-custodia-del-creato\/","title":{"rendered":"XV Giornata Nazionale per la Custodia del Creato"},"content":{"rendered":"<p><img loading=\"lazy\" decoding=\"async\" src=\"https:\/\/live.staticflickr.com\/65535\/50309028438_84957e7b2b_n.jpg\" alt=\"Mons. Favale\" width=\"262\" height=\"320\" \/><\/p>\n<p style=\"text-align: center;\"><strong> \u00abVivere con sobriet\u00e0, con giustizia e con piet\u00e0\u00bb (Tt 2,12)\u2026 per nuovi stili di vita<\/strong><\/p>\n<p style=\"text-align: justify;\">\u00abCom\u2019\u00e8 ormai consuetudine dal 2006, ogni 1\u00b0 settembre la Chiesa italiana celebra la Giornata per la salvaguardia del creato. Quest\u2019anno, la riflessione non pu\u00f2 che essere condizionata dalla situazione di emergenza sanitaria che sta affliggendo il pianeta. La pandemia, come spesso ci ha ricordato il Santo Padre Francesco, \u00e8 frutto anche della nostra incuria nei confronti del creato, del nostro \u201cpensare di rimanere sani in un mondo malato\u201d. Risuonano profetiche le parole che egli stesso ci ha donato nell\u2019enciclica Laudato si\u2019 sulla cura della casa comune: \u201ctutto \u00e8 connesso\u201d (LS, n. 117 e 138) e ancora \u201cnon ci sono due crisi separate, una ambientale e una sociale, bens\u00ec una sola e complessa crisi socio-ambientale\u201d (LS, n. 138)\u00bb.<\/p>\n<p style=\"text-align: justify;\">Le parole presenti all\u2019interno di questo virgolettato appartengono a Mons. Favale, vescovo della diocesi Conversano-Monopoli; al di l\u00e0 delle mere circostanze dettate dal calendario, quella del Vescovo \u00e8 certamente una lettura lucida, attenta a risolvere le dicotomie concettuali assumendo una visione quanto pi\u00f9 olistica e al contempo pratica: \u00abDiventa allora urgente far s\u00ec che questa giornata, lungi dall\u2019essere un mero momento celebrativo, sia un tempo propizio di riflessione per entrare in un nuovo stile di vita, improntato alla sobriet\u00e0, ai piccoli gesti di attenzione ecologica e al rispetto dei luoghi che abitiamo. Dal semplice impegno di ognuno, la nostra casa comune potr\u00e0 tornare a risplendere, anzi a diventare ancora pi\u00f9 bella\u00bb \u2013 aggiunge Mons. Favale.<\/p>\n<p style=\"text-align: justify;\"><strong>LAUDATO SI\u2019, MI\u2019 SIGNORE<\/strong><\/p>\n<p style=\"text-align: justify;\">Quando l\u2019obiettivo \u00e8 il cambiamento, il punto di partenza per generarlo si localizza quasi sempre in una presa di coscienza: \u00abE allora, in unione con tutti i Vescovi italiani, cominciamo con l\u2019assumere uno sguardo contemplativo, che crea una coscienza attenta, e non superficiale, della complessit\u00e0 in cui siamo e ci rende capaci di penetrare la realt\u00e0 nella sua profondit\u00e0. Da esso nasce una nuova consapevolezza di noi stessi, del mondo e della vita sociale e, di conseguenza, si impone la necessit\u00e0 di stili di vita rinnovati, sia quanto alle relazioni tra noi, che nel nostro rapporto con l\u2019ambiente. Vorrei cogliere questa occasione per invitare la nostra Chiesa diocesana oggi a fare memoria di questa giornata e a riunirsi poi in preghiera venerd\u00ec 25 settembre alle ore 20,00 presso la Fondazione \u201cPino Pascali\u201d \u2013 Giardino Lato Mare di Polignano a mare, per ripetere, con il poverello di Assisi, la nostra lode al Signore: \u201cLaudato si\u2019, m\u00ec Signore, per sora nostra matre terra, la quale ne sustenta et governa, et produce diversi fructi con coloriti flori et herba\u201d\u00bb. \u2013 conclude.<\/p>\n<p style=\"text-align: right;\"><strong>LEONARDO FLORIO<\/strong><\/p>\n","protected":false},"excerpt":{"rendered":"<p><img loading=\"lazy\" decoding=\"async\" src=\"https:\/\/live.staticflickr.com\/65535\/50309028438_84957e7b2b_n.jpg\" alt=\"Mons. Favale\" width=\"262\" height=\"320\" \/><\/p>\n","protected":false},"author":1,"featured_media":0,"comment_status":"open","ping_status":"closed","sticky":false,"template":"","format":"standard","meta":{"colormag_page_container_layout":"default_layout","colormag_page_sidebar_layout":"default_layout","footnotes":""},"categories":[6],"tags":[],"class_list":["post-17817","post","type-post","status-publish","format-standard","hentry","category-cultura"],"_links":{"self":[{"href":"https:\/\/archivioturi.lavocedelpaese.info\/index.php\/wp-json\/wp\/v2\/posts\/17817","targetHints":{"allow":["GET"]}}],"collection":[{"href":"https:\/\/archivioturi.lavocedelpaese.info\/index.php\/wp-json\/wp\/v2\/posts"}],"about":[{"href":"https:\/\/archivioturi.lavocedelpaese.info\/index.php\/wp-json\/wp\/v2\/types\/post"}],"author":[{"embeddable":true,"href":"https:\/\/archivioturi.lavocedelpaese.info\/index.php\/wp-json\/wp\/v2\/users\/1"}],"replies":[{"embeddable":true,"href":"https:\/\/archivioturi.lavocedelpaese.info\/index.php\/wp-json\/wp\/v2\/comments?post=17817"}],"version-history":[{"count":0,"href":"https:\/\/archivioturi.lavocedelpaese.info\/index.php\/wp-json\/wp\/v2\/posts\/17817\/revisions"}],"wp:attachment":[{"href":"https:\/\/archivioturi.lavocedelpaese.info\/index.php\/wp-json\/wp\/v2\/media?parent=17817"}],"wp:term":[{"taxonomy":"category","embeddable":true,"href":"https:\/\/archivioturi.lavocedelpaese.info\/index.php\/wp-json\/wp\/v2\/categories?post=17817"},{"taxonomy":"post_tag","embeddable":true,"href":"https:\/\/archivioturi.lavocedelpaese.info\/index.php\/wp-json\/wp\/v2\/tags?post=17817"}],"curies":[{"name":"wp","href":"https:\/\/api.w.org\/{rel}","templated":true}]}}