{"id":17811,"date":"2020-09-02T06:29:37","date_gmt":"2020-09-02T06:29:37","guid":{"rendered":"https:\/\/archivioturi.lavocedelpaese.info\/index.php\/2020\/09\/02\/il-progetto-turinasce-e-fallito\/"},"modified":"2020-09-02T06:29:37","modified_gmt":"2020-09-02T06:29:37","slug":"il-progetto-turinasce-e-fallito","status":"publish","type":"post","link":"https:\/\/archivioturi.lavocedelpaese.info\/index.php\/2020\/09\/02\/il-progetto-turinasce-e-fallito\/","title":{"rendered":"\u201cIl progetto TuRinasce \u00e8 fallito\u201d"},"content":{"rendered":"<p><img loading=\"lazy\" decoding=\"async\" src=\"https:\/\/live.staticflickr.com\/65535\/50283943031_6db5a35436_n.jpg\" alt=\"Angelo Palmisano\" width=\"320\" height=\"320\" \/><\/p>\n<p style=\"text-align: center;\"><strong>Angelo Palmisano: \u201cEcco il risultato di una lista costruita sui numeri e non sui contenuti\u201d<\/strong><\/p>\n<p style=\"text-align: justify;\">Conclusa la pausa estiva, in vista della ripresa dell\u2019attivit\u00e0 politica, abbiamo ascoltato il consigliere di minoranza Angelo Palmisano, capogruppo di \u201cPatto per Turi\u201d. La prima domanda, quasi obbligata, \u00e8 una lettura sulla crisi politica che, a distanza di poco pi\u00f9 di un anno, ha travolto l\u2019Amministrazione Resta.<\/p>\n<p style=\"text-align: justify;\">\u00abDopo il Consiglio comunale del 31 luglio \u2013 risponde Palmisano \u2013 qualcosa all\u2019interno della maggioranza, gi\u00e0 precaria, si \u00e8 definitivamente rotto. I dissidi politici, fino a ieri sottaciuti o ridotti a mormorii di corridoio, sono esplosi in tutta la loro criticit\u00e0, creando nervosismi e confusione che non aiutano a garantire una buona governabilit\u00e0 del paese. Quella che stiamo vivendo da oltre un anno non \u00e8 di certo una condizione favorevole per una comunit\u00e0 che ha bisogno di recuperare un gap, che ci contraddistingue da diversi anni, nei confronti delle comunit\u00e0 vicine\u00bb.<\/p>\n<p style=\"text-align: justify;\">\u00abSpetter\u00e0 al sindaco chiarire quali sono le prospettive future. Se dovessi fare una considerazione a bassa voce \u2013 aggiunge \u2013 direi che il progetto \u201cTuRinasce\u201d \u00e8 fallito: il gruppo si \u00e8 sfaldato e ci sono oggettive difficolt\u00e0 anche nel riuscire a confrontarsi serenamente. Siamo al di l\u00e0 della debacle politica, \u00e8 venuta meno la stessa idea di squadra\u00bb.<\/p>\n<p style=\"text-align: justify;\">\u00abCome abbiamo sempre affermato \u2013 chiosa \u2013 il vero problema di Turi \u00e8 la mancanza di continuit\u00e0 amministrativa, l\u2019assenza di unione verso un obiettivo chiaro. Si costruiscono le liste privilegiando i numeri e non i contenuti. Al contrario, l\u2019unica cosa che dovrebbe motivare a partecipare a una competizione elettorale \u00e8 l\u2019idea di cosa si voglia fare per il paese e di come lo si voglia realizzare. Caparbiet\u00e0, progettualit\u00e0, programmazione, capacit\u00e0 di intercettare i finanziamenti e disponibilit\u00e0 ad ascoltare i suggerimenti dei cittadini: sono queste le peculiarit\u00e0 di un buon amministratore, non il numero di voti che \u00e8 in grado di racimolare\u00bb.<\/p>\n<p style=\"text-align: justify;\"><strong>CIMITERO, \u201cUNA GARA ANOMALA\u201d<\/strong><\/p>\n<p style=\"text-align: justify;\">Chiusa la digressione politica, Palmisano si sofferma sulla gara per il servizio di custodia e gestione dei servizi cimiteriali, aggiudicata all\u2019impresa di Gravina \u201cCVM Multiservizi\u201d srl: \u00abLa gara in questione \u00e8 stata aggiudicata con il criterio del massimo ribasso sul prezzo posto a base di gara pari al 33,29%. Noi di \u201cPatto per turi\u201d, esaminata la determina di aggiudicazione, abbiamo chiesto nella seduta del Consiglio comunale del 31 luglio di conoscere se l\u2019Ufficio avesse prima dell\u2019aggiudicazione provveduto alla verifica dell\u2019offerta anormalmente bassa. S\u00ec, perch\u00e9, per noi, di questo si tratta, in considerazione che il servizio appaltato \u00e8 caratterizzato da alta intensit\u00e0 di manodopera, cio\u00e8 l\u2019incidenza del costo del personale rappresenta l\u2019elemento economico prevalente. Per cui la ditta dovrebbe fornire una relazione dettagliata dove devono essere indicate le varie voci di costo (costo personale, fornitura di materiale e nolo di mezzi) che concorrono alla determinazione dell\u2019offerta che la stessa ha presentato. Questo al fine di scongiurare che, per far quadrare i conti, la ditta non svolga i servizi a regola d\u2019arte secondo quanto stabilito in capitolato.<\/p>\n<p style=\"text-align: justify;\">Tra l\u2019altro, anche il quadro economico inserito in determina \u00e8 carente di alcuni elementi come ad esempio l\u2019utile di impresa. Ad oggi non abbiamo ancora ricevuto risposta come pure non \u00e8 ancora chiaro a che punto sia l\u2019approvazione nel nuovo regolamento di polizia mortuaria, la cui bozza era gi\u00e0 stata consegnata all\u2019assessore preposto a gennaio. Sul fronte cimitero ad oggi c\u2019\u00e8 una inerzia totale\u00bb.<\/p>\n<p style=\"text-align: justify;\"><strong>LA BEFFA DEL GAL<\/strong><\/p>\n<p style=\"text-align: justify;\">\u00abSiamo riusciti a perdere il finanziamento di 90 mila euro del GAL \u201cTerra dei Trulli e di Barsento\u201d, finalizzato alla promozione turistica. Il vicesindaco Fabio Topputi \u2013 annota il capogruppo \u2013 aveva sbandierato questa importante conquista del suo assessorato, definito come dinamico e capace di intercettare fondi strategici per la crescita del paese. Oggi dovr\u00e0 ritrattare tutte le entusiastiche dichiarazioni, ammettendo che non si \u00e8 stati in grado di andare al di l\u00e0 dei proclami\u00bb.<\/p>\n<p style=\"text-align: justify;\">\u00abPossiamo capire la difficolt\u00e0 della carenza di personale ma, se ho a cuore una progettualit\u00e0, seguo l\u2019iter dall\u2019inizio alla fine, non mi limito agli annunci o agli slogan. Attendiamo spiegazioni in Consiglio cos\u00ec come aspettiamo di avere lumi sul DUC (distretto urbano del commercio) e sulla scelta di uscire dall\u2019Associazione \u201cBorghi Autentici\u201d\u00bb.<\/p>\n<p style=\"text-align: justify;\"><strong>CENTRO STORICO<\/strong><\/p>\n<p style=\"text-align: justify;\">Anche per il centro storico si palesa un cortocircuito nella maggioranza: \u00abTopputi si schiera in prima linea ma, quando si deve passare all\u2019atto pratico, scarica le responsabilit\u00e0 operative sull\u2019assessore De Carolis, depositaria della relativa delega. Ed alla fine, in questo rimpallo di competenze, nessuno fa nulla\u00bb.<\/p>\n<p style=\"text-align: justify;\">\u00abIn linea generale \u2013 riflette Palmisano \u2013 il borgo antico viene tenuto in considerazione solo durante le campagne elettorali quando si promettono \u201cmiracoli\u201d, salvo poi dimostrare di non avere effettivamente le idee chiare su come intervenire. \u201cPatto per Turi\u201d, viceversa, aveva predisposto un percorso in due tappe: la prima prevedeva di attuare un censimento per capire quanti residenti ci sono, quanti immobili sono vuoti o abbandonati e la tipologia dei locali che possano essere destinati all\u2019aspetto commerciale. Questa operazione, oltre a tracciare una mappa chiara della fisionomia del centro storico, avrebbe permesso di sanare varie situazioni anomale, come ad esempio case occupate abusivamente o date in fitto senza regolare contratto, circoscrivendo una parte dei fenomeni di degrado. Ad iniziare dall\u2019abbandono dei rifiuti.<\/p>\n<p style=\"text-align: justify;\">La seconda fase, invece, puntava a introdurre incentivi e sgravi affinch\u00e9 ci fosse l\u2019interesse a investire nella citt\u00e0 vecchia, tanto sotto il profilo abitativo quanto sotto quello imprenditoriale. Per far questo, tuttavia, occorre mettere mano al regolamento vigente, snellendo i vincoli burocratici non pi\u00f9 attuali e semplificando gli aspetti urbanistici, cos\u00ec da evitare di ricorrere sempre allo strumento della deroga\u00bb.<\/p>\n<p style=\"text-align: justify;\"><strong>UNA POSSIBILE EMERGENZA SANITARIA<\/strong><\/p>\n<p style=\"text-align: justify;\">Ritornando sulla situazione di incuria dei vicoli del nostro centro storico, un altro fenomeno da affrontare seriamente, coordinandosi con l\u2019ASL e le associazioni di settore, \u00e8 la presenza massiccia dei piccioni, che trovano ospitalit\u00e0 soprattutto negli immobili abbandonati: \u00abSe continuiamo a sottovalutare il problema \u2013 avverte Palmisano \u2013 si rischia di andare incontro a un\u2019emergenza sanitaria. Le case fatiscenti si stanno trasformando in potenziali focolai di malattie e infezioni giacch\u00e9, insieme al guano, si accumulano le carcasse dei volatili. Senza considerare che il cattivo odore in alcune strade, come via Palombari, costringe i residenti a non poter pi\u00f9 aprire le finestre\u00bb.<\/p>\n<p style=\"text-align: justify;\"><strong>VANDALISMO, UN PROBLEMA SOCIALE<\/strong><\/p>\n<p style=\"text-align: justify;\">Infine, un cenno agli atti di vandalismo, verificatisi nelle serate estive, che hanno esasperato i cittadini: \u00abCi auguriamo che quanto prima venga portato a termine il progetto \u201cSmart City\u201d, installando le telecamere di sorveglianza: la classica bravata, se rimane impunita, continua all\u2019infinito; viceversa, se si individuano i responsabili, si pu\u00f2 intervenire adeguatamente e porre fine al \u201cgioco\u201d\u00bb.<\/p>\n<p style=\"text-align: justify;\">Per Palmisano, occorre, tuttavia, una riflessione pi\u00f9 attenta sul fenomeno e sulle sue cause sociali: \u00abIl vandalismo non si combatte solo con la repressione, vanno comprese le dinamiche e vanno messe in atto le adeguate strategie. Pur non giustificando le scorrerie che i ragazzi compiono ai danni delle autovetture piuttosto che degli arredi urbani del borgo antico, bisogna rendersi conto che a Turi mancano spazi dedicati ai giovani, luoghi e attivit\u00e0 dove possano trovare un\u2019alternativa molto pi\u00f9 allettante del delinquere\u00bb.<\/p>\n<p style=\"text-align: right;\"><strong>Fabio D\u2019Aprile<\/strong><\/p>\n","protected":false},"excerpt":{"rendered":"<p><img loading=\"lazy\" decoding=\"async\" src=\"https:\/\/live.staticflickr.com\/65535\/50283943031_6db5a35436_n.jpg\" alt=\"Angelo Palmisano\" width=\"320\" height=\"320\" \/><\/p>\n","protected":false},"author":1,"featured_media":0,"comment_status":"open","ping_status":"closed","sticky":false,"template":"","format":"standard","meta":{"colormag_page_container_layout":"default_layout","colormag_page_sidebar_layout":"default_layout","footnotes":""},"categories":[4],"tags":[],"class_list":["post-17811","post","type-post","status-publish","format-standard","hentry","category-politica"],"_links":{"self":[{"href":"https:\/\/archivioturi.lavocedelpaese.info\/index.php\/wp-json\/wp\/v2\/posts\/17811","targetHints":{"allow":["GET"]}}],"collection":[{"href":"https:\/\/archivioturi.lavocedelpaese.info\/index.php\/wp-json\/wp\/v2\/posts"}],"about":[{"href":"https:\/\/archivioturi.lavocedelpaese.info\/index.php\/wp-json\/wp\/v2\/types\/post"}],"author":[{"embeddable":true,"href":"https:\/\/archivioturi.lavocedelpaese.info\/index.php\/wp-json\/wp\/v2\/users\/1"}],"replies":[{"embeddable":true,"href":"https:\/\/archivioturi.lavocedelpaese.info\/index.php\/wp-json\/wp\/v2\/comments?post=17811"}],"version-history":[{"count":0,"href":"https:\/\/archivioturi.lavocedelpaese.info\/index.php\/wp-json\/wp\/v2\/posts\/17811\/revisions"}],"wp:attachment":[{"href":"https:\/\/archivioturi.lavocedelpaese.info\/index.php\/wp-json\/wp\/v2\/media?parent=17811"}],"wp:term":[{"taxonomy":"category","embeddable":true,"href":"https:\/\/archivioturi.lavocedelpaese.info\/index.php\/wp-json\/wp\/v2\/categories?post=17811"},{"taxonomy":"post_tag","embeddable":true,"href":"https:\/\/archivioturi.lavocedelpaese.info\/index.php\/wp-json\/wp\/v2\/tags?post=17811"}],"curies":[{"name":"wp","href":"https:\/\/api.w.org\/{rel}","templated":true}]}}