{"id":17805,"date":"2020-08-31T06:35:13","date_gmt":"2020-08-31T06:35:13","guid":{"rendered":"https:\/\/archivioturi.lavocedelpaese.info\/index.php\/2020\/08\/31\/nasce-il-comitato-centro-storico-turi\/"},"modified":"2020-08-31T06:35:13","modified_gmt":"2020-08-31T06:35:13","slug":"nasce-il-comitato-centro-storico-turi","status":"publish","type":"post","link":"https:\/\/archivioturi.lavocedelpaese.info\/index.php\/2020\/08\/31\/nasce-il-comitato-centro-storico-turi\/","title":{"rendered":"Nasce il \u201cComitato centro storico Turi\u201d"},"content":{"rendered":"<p><img loading=\"lazy\" decoding=\"async\" src=\"https:\/\/live.staticflickr.com\/65535\/50280469417_21f3941d8b_n.jpg\" alt=\"centro storico\" width=\"225\" height=\"320\" \/><\/p>\n<p style=\"text-align: center;\"><strong>Questa sera si terr\u00e0 il primo incontro conoscitivo, aperto a tutti: le idee non mancano<\/strong><\/p>\n<p style=\"text-align: justify;\">\u201cSalve, care e cari turesi. A seguito di numerose segnalazioni, alcuni concittadini adulti mi hanno chiesto se fosse possibile creare un gruppo Facebook per dirigere l&#8217;attenzione di tutti sullo stato di degrado e abbandono del nostro centro storico. La speranza \u00e8 che, con l&#8217;aiuto di tutti, siano presto affrontate (e risolte) le problematiche del nostro amato paese vecchio.\u201d \u2013 con queste parole veniva annunciata sui social in data 18 agosto la fondazione del gruppo \u201cComitato Centro Storico Turi\u201d. Un gruppo, ancora oggi, per lo pi\u00f9 virtuale, poich\u00e9 di concreto almeno per il momento c\u2019\u00e8 davvero ben poco.<\/p>\n<p style=\"text-align: justify;\">Procedendo con ordine, \u00e8 bene innanzitutto dire che l\u2019idea \u00e8 partita da Pasquale Florio, turese giramondo che qui a Turi, nel centro storico, continua a vedere le proprie radici; il gruppo Facebook, invece, \u00e8 stato creato ed avviato da chi in questo momento vi scrive: a distanza di 48 ore, grazie ad un lodevole e collaborativo passaparola, il neonato gruppo vantava la bellezza di oltre 900 iscritti. Pochi, se si ragiona considerando che avrebbero potuto essere almeno il quadruplo; molti, se invece si tiene in conto la rassegnazione dei pi\u00f9, ormai da tempo assuefatti all\u2019abbandono in cui versa il nostro centro storico. Su questo ci sarebbe da riflettere.<\/p>\n<p style=\"text-align: justify;\"><strong>GIANNINI E MARZELLA: GRADUALIT\u00c0 E COLLABORAZIONE<\/strong><\/p>\n<p style=\"text-align: justify;\">In ogni caso, ci\u00f2 che davvero spinge allo scoraggiamento \u00e8 il numero di persone realmente attive per far s\u00ec che l\u2019astrazione delle proposte \u2013 spesso davvero valide \u2013 possa tradursi in azione concreta; anzi, spesso capita di lasciarsi rapire dalla fantasia e la rotta \u00e8 persa.<\/p>\n<p style=\"text-align: justify;\">Una direzione, chiara e lungimirante, l\u2019ha indicata Domenico Giannini: \u201cBuongiorno a tutti, siccome appare evidente la volont\u00e0 di costituire un comitato fisico \u00e8 bene chiarire che se si vuole andare in quella direzione ci sono degli step preliminari che bisogna affrontare prima di arrivare all&#8217;elezione del direttivo con annesso Presidente del comitato. Intanto bisognerebbe in una prima fase costituire un gruppo eterogeneo in rappresentanza di diversi soggetti protagonisti del centro storico come rappresentante degli abitanti, rappresentante delle attivit\u00e0 commerciali, rappresentante delle strutture ricettive, rappresentante delle associazioni con attinenza al centro storico e altri soggetti che si possono individuare e che saranno gli stessi che secondo me dovrebbero far parte anche del direttivo. Questo gruppo iniziale dovrebbe stilare una bozza di statuto attraverso il quale costituire in maniera Legale il comitato. All&#8217;interno dello statuto bisogner\u00e0 descrivere in maniera chiara gli obiettivi e le funzioni del Comitato, dovr\u00e0 regolamentarne le attivit\u00e0 e dovr\u00e0 determinare da quanti membri dovr\u00e0 essere composto, le loro funzioni, le cariche previste al suo interno (segretario, tesoriere, addetto alle relazioni esterne ecc). Dovr\u00e0 contenere anche le modalit\u00e0 di affiliazione di tutti gli altri membri (soggetti aventi diritto alle votazioni) che evidentemente non potr\u00e0 essere semplicemente una sottoscrizione ad un gruppo facebook. Fatto questo lavoro si potr\u00e0 procedere alle candidature e alle successive elezioni. Il lavoro preliminare \u00e8 importante e fondamentale per partire col piede giusto e non cadere nella pi\u00f9 completa confusione anche perch\u00e8 in questa fase prevale il sentimento di entusiasmo e voglia di riscatto verso un luogo a noi caro, ma sulla lunga distanza l&#8217;entusiasmo dei pi\u00f9 si spegner\u00e0 e chi avr\u00e0 dato disponibilit\u00e0 ad impegnarsi concretamente lo dovr\u00e0 fare impiegando il proprio tempo, le proprie energie, le proprie competenze. Siamo pronti e consapevoli di tutto questo?\u201d.<\/p>\n<p style=\"text-align: justify;\">Gli spunti offerti da Giannini trovano risonanza nelle parole di Michele Jamil Marzella, grande innamorato del nostro centro storico nel quale risiede gi\u00e0 da alcuni anni: \u201cBuon pomeriggio amici cari, non immaginate che gioia sto provando per la nascita di questo comitato: grazie a tutti quanti, bravo Leo; condivido ogni parola del buon Domenico, mi sembrano puntualizzazioni buone e giuste: va necessariamente fatto un incontro per individuare le varie figure. [\u2026] Gradirei che il comitato non avesse a che fare con la politica, ma che viceversa avesse belle teste creative ed illuminate, gi\u00e0 presenti nel gruppo, niente zavorre polemiche, che guardano al passato politico ecc. Bisogna nascere guardando all\u2019eminente presente con lo sguardo al futuro. Questi devono essere necessariamente i presupposti, creare rete e squadra se no siamo morti sul nascere, e cadiamo nei medesimi &#8220;errori turesi egoici&#8221;. E\u2019 necessario guardare alla bellezza per ridarne luce e valore che merita. Grazie, un caro abbraccio a tutti.\u201d.<\/p>\n<p style=\"text-align: justify;\"><strong>LA POLITICA E L\u2019INCONTRO DEL 31 AGOSTO<\/strong><\/p>\n<p style=\"text-align: justify;\">In realt\u00e0, escludere tout court la politica dai passi che il comitato \u2013 se Dio vorr\u00e0 \u2013 andr\u00e0 a compiere non \u00e8 una prospettiva aderente alla realt\u00e0, giacch\u00e9 il comitato in s\u00e9 ha la funzione di riunire al suo interno una sorta di interlocutore collettivo; interlocutore che deve confrontarsi necessariamente con l\u2019Amministrazione. Evidentemente, per\u00f2, l\u2019appello rivolto da Marzella e da tanti altri turesi concerne l\u2019esclusione di quelle ingerenze politiche che andrebbero a minare l\u2019interesse della collettivit\u00e0 \u2013 sempre ammesso che il comitato, a partire dalla sua fondazione fisica, voglia nei fatti favorire la pluralit\u00e0, piuttosto che i singoli. In ogni caso, la politica ha gi\u00e0 fatto sentire la propria presenza all\u2019interno del gruppo, grazie agli interventi di Stefano Dell\u2019Aera, Angelo Palmisano, Lilli Susca e Giannalisa Zaccheo. Cosa succeder\u00e0 pi\u00f9 in avanti? Difficile dirlo. Per adesso Pasquale Florio ed alcuni cittadini hanno indetto una prima assemblea conoscitiva generale, aperta a tutti, fissata alle ore 19.00 di luned\u00ec 31 agosto. Il luogo dell\u2019incontro sar\u00e0 in via San Pompilio Maria Pirrotti, 9A.<\/p>\n<p style=\"text-align: right;\"><strong>LEONARDO FLORIO<\/strong><\/p>\n","protected":false},"excerpt":{"rendered":"<p><img loading=\"lazy\" decoding=\"async\" src=\"https:\/\/live.staticflickr.com\/65535\/50280469417_21f3941d8b_n.jpg\" alt=\"centro storico\" width=\"225\" height=\"320\" \/><\/p>\n","protected":false},"author":1,"featured_media":0,"comment_status":"open","ping_status":"closed","sticky":false,"template":"","format":"standard","meta":{"colormag_page_container_layout":"default_layout","colormag_page_sidebar_layout":"default_layout","footnotes":""},"categories":[7],"tags":[],"class_list":["post-17805","post","type-post","status-publish","format-standard","hentry","category-attualita"],"_links":{"self":[{"href":"https:\/\/archivioturi.lavocedelpaese.info\/index.php\/wp-json\/wp\/v2\/posts\/17805","targetHints":{"allow":["GET"]}}],"collection":[{"href":"https:\/\/archivioturi.lavocedelpaese.info\/index.php\/wp-json\/wp\/v2\/posts"}],"about":[{"href":"https:\/\/archivioturi.lavocedelpaese.info\/index.php\/wp-json\/wp\/v2\/types\/post"}],"author":[{"embeddable":true,"href":"https:\/\/archivioturi.lavocedelpaese.info\/index.php\/wp-json\/wp\/v2\/users\/1"}],"replies":[{"embeddable":true,"href":"https:\/\/archivioturi.lavocedelpaese.info\/index.php\/wp-json\/wp\/v2\/comments?post=17805"}],"version-history":[{"count":0,"href":"https:\/\/archivioturi.lavocedelpaese.info\/index.php\/wp-json\/wp\/v2\/posts\/17805\/revisions"}],"wp:attachment":[{"href":"https:\/\/archivioturi.lavocedelpaese.info\/index.php\/wp-json\/wp\/v2\/media?parent=17805"}],"wp:term":[{"taxonomy":"category","embeddable":true,"href":"https:\/\/archivioturi.lavocedelpaese.info\/index.php\/wp-json\/wp\/v2\/categories?post=17805"},{"taxonomy":"post_tag","embeddable":true,"href":"https:\/\/archivioturi.lavocedelpaese.info\/index.php\/wp-json\/wp\/v2\/tags?post=17805"}],"curies":[{"name":"wp","href":"https:\/\/api.w.org\/{rel}","templated":true}]}}