{"id":17800,"date":"2020-08-22T06:08:50","date_gmt":"2020-08-22T06:08:50","guid":{"rendered":"https:\/\/archivioturi.lavocedelpaese.info\/index.php\/2020\/08\/22\/alcol-e-vandalismo-lordinanza-del-sindaco-mette-ordine\/"},"modified":"2020-08-22T06:08:50","modified_gmt":"2020-08-22T06:08:50","slug":"alcol-e-vandalismo-lordinanza-del-sindaco-mette-ordine","status":"publish","type":"post","link":"https:\/\/archivioturi.lavocedelpaese.info\/index.php\/2020\/08\/22\/alcol-e-vandalismo-lordinanza-del-sindaco-mette-ordine\/","title":{"rendered":"Alcol e vandalismo, l\u2019ordinanza del sindaco mette ordine"},"content":{"rendered":"<p><img loading=\"lazy\" decoding=\"async\" src=\"https:\/\/live.staticflickr.com\/65535\/50254175997_5da048b222_n.jpg\" alt=\"bottiglie-vetro-strada-h\" width=\"320\" height=\"224\" \/><\/p>\n<p style=\"text-align: center;\"><strong>Fino al 6 settembre, niente alcolici su suolo pubblico e divieto di vendita di bevande in contenitori di vetro e in lattina<\/strong><\/p>\n<p style=\"text-align: justify;\">L\u2019ordinanza emanata dal sindaco Tina Resta dispone che, fino al 6 settembre, sia vietata la somministrazione e vendita di bevande e alimenti in contenitori di vetro e in lattine di alluminio, prevedendo la somministrazione in contenitori di carta o plastica.<\/p>\n<p style=\"text-align: justify;\">Il divieto, valido dalle ore 19.00 alle ore 6.00, \u00e8 esteso a tutti i pubblici esercizi compresi i distributori automatici h24, alle attivit\u00e0 commerciali in sede fissa e in forma ambulante, alle attivit\u00e0 artigianali di vendita di beni alimentari e di produzione propria, alle associazioni e ai soggetti privati in qualit\u00e0 di organizzatori di manifestazioni o eventi nel territorio comunale.<\/p>\n<p style=\"text-align: justify;\">In secondo luogo, il provvedimento proibisce, a chiunque e in qualsiasi orario, di consumare o detenere su area pubblica bevande alcoliche e superalcoliche in contenitori di vetro o in lattine di alluminio.<\/p>\n<p style=\"text-align: justify;\">L\u2019inosservanza delle prescrizioni, laddove non costituisca altro reato, verr\u00e0 punita con una multa da 25 a 500 euro.<\/p>\n<p style=\"text-align: justify;\"><strong>I precedenti<\/strong><\/p>\n<p style=\"text-align: justify;\">L\u2019ordinanza trova la sua essenza nella volont\u00e0 dell\u2019Amministrazione di \u201ctutelare la sicurezza e la pubblica incolumit\u00e0 dei cittadini\u201d. Difatti, nel corpo del provvedimento, vengono richiamati tre episodi emblematici che hanno sollecitato l&#8217;intervento restrittivo del governo cittadino.<\/p>\n<p style=\"text-align: justify;\">Il primo, accertato dagli agenti della Polizia Locale, risale al 14 luglio e riferisce di \u201cun alterco tra cittadini non europei\u201d, verificatosi in Villa Comunale, che degenerava fino a vedere i litiganti \u201clanciarsi addosso bottiglie di vetro\u201d.<\/p>\n<p style=\"text-align: justify;\">Il secondo episodio \u00e8 riassunto dalla nota del 19 luglio a firma del Comandante della Stazione dei Carabinieri di Turi: nell\u2019informativa si segnalano tra l\u2019altro \u201clamentele da parte di taluni cittadini circa la presenza di bottiglie di vetro vuote, prevalentemente di birra\u201d e \u201cin taluni casi di cocci di vetro\u201d.<\/p>\n<p style=\"text-align: justify;\">Infine, il terzo episodio \u00e8 la rissa scoppiata nella serata del 19 agosto e proseguita anche nelle ore notturne: durante lo svolgimento di un evento pubblico, si \u00e8 assistito a \u201cun&#8217;aggressione da parte di un soggetto non europeo, in stato di ubriachezza, nei confronti di un altro soggetto non europeo, che ha determinato un \u2018fuggi fuggi\u2019 generale, destando nella comunit\u00e0 un grave allarme sociale ed una percezione di forte insicurezza\u201d.<\/p>\n<p style=\"text-align: justify;\"><strong>Sicurezza e decoro<\/strong><\/p>\n<p style=\"text-align: justify;\">La decisione del primo cittadino, dunque, poggia sulla necessit\u00e0 di \u201cprevenire possibili episodi di vandalismo connessi all&#8217;abbandono, dopo l&#8217;uso, di contenitori di bevande di vetro e lattine di alluminio\u201d. Difatti, le bottiglie di vetro \u201crischiano di diventare oggetti di offesa in caso di colluttazioni\u201d e \u201cil loro stesso abbandono costituisce pericolo, laddove si verifichino movimenti incontrollati di folla\u201d. Inoltre, l\u2019eventuale dispersione a terra dei frammenti di vetro, oltre a rappresentare un rischio, rende difficoltose le operazioni di pulizia al termine delle manifestazioni.<\/p>\n<p style=\"text-align: justify;\">A queste premesse, si aggiunge una riflessione generale sull\u2019abuso di alcol che \u201cgenera comportamenti irriguardosi verso lo spazio pubblico, in termini di pulizia, igiene, attenzione verso gli arredi urbani, provocando una situazione avvilente per i residenti e per gli stessi frequentatori, cosa che impegna il Comune a commissionare interventi straordinari di manutenzione e pulizia\u201d.<\/p>\n","protected":false},"excerpt":{"rendered":"<p><img loading=\"lazy\" decoding=\"async\" src=\"https:\/\/live.staticflickr.com\/65535\/50254175997_5da048b222_n.jpg\" alt=\"bottiglie-vetro-strada-h\" width=\"320\" height=\"224\" \/><\/p>\n","protected":false},"author":1,"featured_media":0,"comment_status":"open","ping_status":"closed","sticky":false,"template":"","format":"standard","meta":{"colormag_page_container_layout":"default_layout","colormag_page_sidebar_layout":"default_layout","footnotes":""},"categories":[7],"tags":[],"class_list":["post-17800","post","type-post","status-publish","format-standard","hentry","category-attualita"],"_links":{"self":[{"href":"https:\/\/archivioturi.lavocedelpaese.info\/index.php\/wp-json\/wp\/v2\/posts\/17800","targetHints":{"allow":["GET"]}}],"collection":[{"href":"https:\/\/archivioturi.lavocedelpaese.info\/index.php\/wp-json\/wp\/v2\/posts"}],"about":[{"href":"https:\/\/archivioturi.lavocedelpaese.info\/index.php\/wp-json\/wp\/v2\/types\/post"}],"author":[{"embeddable":true,"href":"https:\/\/archivioturi.lavocedelpaese.info\/index.php\/wp-json\/wp\/v2\/users\/1"}],"replies":[{"embeddable":true,"href":"https:\/\/archivioturi.lavocedelpaese.info\/index.php\/wp-json\/wp\/v2\/comments?post=17800"}],"version-history":[{"count":0,"href":"https:\/\/archivioturi.lavocedelpaese.info\/index.php\/wp-json\/wp\/v2\/posts\/17800\/revisions"}],"wp:attachment":[{"href":"https:\/\/archivioturi.lavocedelpaese.info\/index.php\/wp-json\/wp\/v2\/media?parent=17800"}],"wp:term":[{"taxonomy":"category","embeddable":true,"href":"https:\/\/archivioturi.lavocedelpaese.info\/index.php\/wp-json\/wp\/v2\/categories?post=17800"},{"taxonomy":"post_tag","embeddable":true,"href":"https:\/\/archivioturi.lavocedelpaese.info\/index.php\/wp-json\/wp\/v2\/tags?post=17800"}],"curies":[{"name":"wp","href":"https:\/\/api.w.org\/{rel}","templated":true}]}}