{"id":17795,"date":"2020-08-18T05:45:28","date_gmt":"2020-08-18T05:45:28","guid":{"rendered":"https:\/\/archivioturi.lavocedelpaese.info\/index.php\/2020\/08\/18\/volontari-per-lambiente\/"},"modified":"2020-08-18T05:45:28","modified_gmt":"2020-08-18T05:45:28","slug":"volontari-per-lambiente","status":"publish","type":"post","link":"https:\/\/archivioturi.lavocedelpaese.info\/index.php\/2020\/08\/18\/volontari-per-lambiente\/","title":{"rendered":"\u201cVolontari per l\u2019Ambiente\u201d"},"content":{"rendered":"<p><img loading=\"lazy\" decoding=\"async\" src=\"https:\/\/live.staticflickr.com\/65535\/50145396013_08dc9fa28a_n.jpg\" alt=\"Municipio Turi\" width=\"320\" height=\"240\" \/><\/p>\n<p style=\"text-align: center;\"><strong>Pubblicato l\u2019Avviso per selezionare un operatore del Terzo Settore che potenzier\u00e0 la tutela e il controllo del territorio turese<\/strong><\/p>\n<p style=\"text-align: justify;\">Con determinazione del Comandante della Polizia Locale, dott. Raffaele Campanella, si \u00e8 dato seguito alla delibera di Giunta dell&#8217;11 agosto che esprimeva la volont\u00e0 di avviare, tramite convenzione, una collaborazione con le associazioni del Terzo Settore. Obiettivo di questa sinergia \u00e8 potenziare gli interventi volti alla salvaguardia e al miglioramento delle condizioni dell&#8217;ambiente. In particolare, si prevede di affiancare i volontari alla Polizia Locale e alle Forze dell\u2019Ordine sia nelle ordinarie operazioni di tutela del territorio che nelle attivit\u00e0 di contenimento e gestione dell\u2019emergenza epidemiologica da Covid-19, soprattutto in prossimit\u00e0 dei plessi scolastici. I volontari, inoltre, potranno essere impiegati anche per fornire \u201cassistenza civica\/ambientale alla cittadinanza, garantendo un sereno svolgimento della vita dei consociati\u201d, e per preservare l\u2019ambiente da atti vandalici e illeciti ambientali, segnalando le criticit\u00e0 alle autorit\u00e0 competenti.<\/p>\n<p style=\"text-align: justify;\">L\u2019opportunit\u00e0 di avvalersi di tale collaborazione, come annota il Comandante Campanella, permetter\u00e0 di conseguire \u201ceconomie di bilancio rispetto ad altre modalit\u00e0 operative previste dall\u2019ordinamento giuridico\u201d. In pi\u00f9, \u00e8 una strategia ottimale, almeno nel breve periodo, per rispondere alla cronica carenza degli agenti in servizio presso il Comando della Polizia Locale. Carenza divenuta ancora pi\u00f9 pesante all\u2019indomani della pandemia, poich\u00e9, a fronte del maggiore impegno richiesto, il numero delle risorse umane disponibili \u00e8 rimasto invariato.<\/p>\n<p style=\"text-align: justify;\">Ritornando al provvedimento, la scelta dell\u2019operatore del Terzo Settore avverr\u00e0 tramite procedura comparativa tra le manifestazioni di interesse che arriveranno in risposta all\u2019avviso pubblico, consultabile nella sezione \u201cAmministrazione Trasparente\u201d (sottosezione \u201cBandi di gara e contratti\u201d) del sito istituzionale del Comune di Turi.<\/p>\n<p style=\"text-align: justify;\">Infine, una volta individuata l\u2019associazione, si provveder\u00e0 a sottoscrivere apposita convenzione che avr\u00e0 la durata di due mesi, anche non continuativi, e contempler\u00e0 una spesa presunta massima di 2.400 euro (1.200 euro mensili) a titolo di rimborso delle spese eventualmente sostenute e documentate.<\/p>\n","protected":false},"excerpt":{"rendered":"<p><img loading=\"lazy\" decoding=\"async\" src=\"https:\/\/live.staticflickr.com\/65535\/50145396013_08dc9fa28a_n.jpg\" alt=\"Municipio Turi\" width=\"320\" height=\"240\" \/><\/p>\n","protected":false},"author":1,"featured_media":0,"comment_status":"open","ping_status":"closed","sticky":false,"template":"","format":"standard","meta":{"colormag_page_container_layout":"default_layout","colormag_page_sidebar_layout":"default_layout","footnotes":""},"categories":[7],"tags":[],"class_list":["post-17795","post","type-post","status-publish","format-standard","hentry","category-attualita"],"_links":{"self":[{"href":"https:\/\/archivioturi.lavocedelpaese.info\/index.php\/wp-json\/wp\/v2\/posts\/17795","targetHints":{"allow":["GET"]}}],"collection":[{"href":"https:\/\/archivioturi.lavocedelpaese.info\/index.php\/wp-json\/wp\/v2\/posts"}],"about":[{"href":"https:\/\/archivioturi.lavocedelpaese.info\/index.php\/wp-json\/wp\/v2\/types\/post"}],"author":[{"embeddable":true,"href":"https:\/\/archivioturi.lavocedelpaese.info\/index.php\/wp-json\/wp\/v2\/users\/1"}],"replies":[{"embeddable":true,"href":"https:\/\/archivioturi.lavocedelpaese.info\/index.php\/wp-json\/wp\/v2\/comments?post=17795"}],"version-history":[{"count":0,"href":"https:\/\/archivioturi.lavocedelpaese.info\/index.php\/wp-json\/wp\/v2\/posts\/17795\/revisions"}],"wp:attachment":[{"href":"https:\/\/archivioturi.lavocedelpaese.info\/index.php\/wp-json\/wp\/v2\/media?parent=17795"}],"wp:term":[{"taxonomy":"category","embeddable":true,"href":"https:\/\/archivioturi.lavocedelpaese.info\/index.php\/wp-json\/wp\/v2\/categories?post=17795"},{"taxonomy":"post_tag","embeddable":true,"href":"https:\/\/archivioturi.lavocedelpaese.info\/index.php\/wp-json\/wp\/v2\/tags?post=17795"}],"curies":[{"name":"wp","href":"https:\/\/api.w.org\/{rel}","templated":true}]}}