{"id":17786,"date":"2020-08-07T07:00:00","date_gmt":"2020-08-07T07:00:00","guid":{"rendered":"https:\/\/archivioturi.lavocedelpaese.info\/index.php\/2020\/08\/07\/cerano-una-volta-gli-indipendenti\/"},"modified":"2020-08-07T07:00:00","modified_gmt":"2020-08-07T07:00:00","slug":"cerano-una-volta-gli-indipendenti","status":"publish","type":"post","link":"https:\/\/archivioturi.lavocedelpaese.info\/index.php\/2020\/08\/07\/cerano-una-volta-gli-indipendenti\/","title":{"rendered":"C\u2019erano una volta gli Indipendenti\u2026"},"content":{"rendered":"<p><img loading=\"lazy\" decoding=\"async\" src=\"https:\/\/live.staticflickr.com\/65535\/50045316856_9d30600d08_n.jpg\" alt=\"consiglio turi\" width=\"320\" height=\"213\" \/><\/p>\n<p style=\"text-align: center;\"><strong>Dietrofront del consigliere Teresita De Florio e del vicesindaco Fabio Topputi che prendono le distanze dal documento contro il sindaco e abbandonano il Coordinamento degli Indipendenti<\/strong><\/p>\n<p style=\"text-align: justify;\">\u201cC\u2019erano una volta gli Indipendenti\u2026\u201d. Questo potrebbe essere l\u2019epitaffio del siparietto politico che si \u00e8 consumato a fine luglio.<\/p>\n<p style=\"text-align: justify;\">Come ricorderete, la diatriba a Palazzo di Citt\u00e0 si \u00e8 aperta all\u2019indomani di una riunione allargata tra le forze politiche che costituiscono la coalizione \u201cTuRinasce\u201d; riunione convocata appositamente per giungere a un\u2019intesa sulla vicenda dell\u2019istituzione della carica di Presidente del Consiglio comunale. Tuttavia, durante quell\u2019incontro, il vicesindaco Fabio Topputi, a nome del Coordinamento degli Indipendenti, tirava fuori dal cilindro un documento in cui, ben lungi dal disquisire di Presidenza, si sferrava un rancoroso attacco contro l\u2019operato del sindaco Tina Resta.<\/p>\n<p style=\"text-align: justify;\">Un\u2019operazione calata dal nulla \u2013 evidentemente ispirata dal referente del gruppo, il prof. Onofrio Resta \u2013 che avrebbe puntato a spingere il sindaco a \u201cgiocare in difesa\u201d, evitando di mettere mano alla Giunta per sostituire un paio di assessori rivelatisi inadeguati al ruolo preteso.<\/p>\n<p style=\"text-align: justify;\">Una furia francese cui \u00e8 seguita la proverbiale ritirata spagnola: il Coordinamento degli Indipendenti, che con tanto ardore sembrava determinato a mettere alle strette il primo cittadino, ha abbandonato l\u2019impresa non appena si sono addensate le prime nuvole, dimostrandosi il classico gigante dai piedi d\u2019argilla, tenuto insieme dal frastuono inebriante della conta dei voti e pronto a sgretolarsi quando, passata la sbornia, si \u00e8 compreso di aver imboccato un vicolo cieco.<\/p>\n<p style=\"text-align: justify;\"><strong>Il dietrofront di Teresita De Florio<\/strong><\/p>\n<p style=\"text-align: justify;\">Difatti, nel Consiglio comunale del 31 luglio, nonostante i tentativi del prof. Resta di nascondere la polvere sotto il tappeto, la verit\u00e0 \u00e8 venuta fuori proprio per bocca del primo cittadino. Il sindaco, insofferente dinanzi alla mistificazione dei fatti che stava andando in scena nel piccolo emiciclo, ha rivelato i contenuti del documento politico, rendendo evidente tutta la fragilit\u00e0 delle motivazioni addotte dai firmatari.<\/p>\n<p style=\"text-align: justify;\">Appigli tanto pretestuosi da essere rinnegati, nella stessa assise, dal consigliere Teresita De Florio che, con una dichiarazione ufficiale, ha abbandonato il Coordinamento degli Indipendenti in aperta polemica con Onofrio Resta e ha \u201critirato\u201d la propria firma da quel documento, spiegando che si era travisato lo spirito originario del messaggio da indirizzare al sindaco, ovvero esprimere contrariet\u00e0 all\u2019istituzione della Presidenza del Consiglio comunale.<\/p>\n<p style=\"text-align: justify;\">Dunque, gli Indipendenti scendono a quota tre (Teresa De Carolis, Onofrio Resta e Fabio Topputi). Ed Onofrio Resta, vittima di un\u2019ingenuit\u00e0 politica che da un navigatore esperto come lui non ci saremmo aspettati, prende atto della disfatta e si dimette da capogruppo di maggioranza. Non prima di aver confermato \u201cla fiducia nel sindaco\u201d, una postilla al limite della slogatura cerebrale che \u00e8 diventata giaculatoria semiseria di ogni dichiarazione resa nel generale spettacolo dell\u2019assurdo.<\/p>\n<p style=\"text-align: justify;\"><strong>L\u2019abiura di Fabio Topputi<\/strong><\/p>\n<p style=\"text-align: justify;\">A distanza di una settimana, arriva anche la seconda defezione, quella di Fabio Topputi. In un comunicato diramato alla stampa, il vicesindaco interviene per chiarire di non aver avuto \u00abnessuna intenzione di sfiduciare il sindaco\u00bb, precisando che \u00absarebbe stato auspicabile un dialogo costruttivo per un maggior confronto e chiarezza\u00bb. Infine, la candida ammissione con relativa abiura del \u201ccerchio magico\u201d di Onofrio Resta: \u00abIl documento ostile al sindaco, da me sottoscritto insieme al gruppo degli Indipendenti, \u00e8 stato, per quanto mi riguarda, un errore! Colgo l\u2019occasione per rinnovare la fiducia al sindaco e la mia estraneit\u00e0 da qualsiasi gruppo\u00bb.<\/p>\n<p style=\"text-align: justify;\">La corazzata degli Indipendenti perde quindi un altro pezzo; restano a reggerne le magnifiche e progressive sorti Onofrio Resta e Teresa De Carolis, disperdendo malamente il consenso elettorale che li aveva acclamati (almeno numericamente) forza portante della coalizione.<\/p>\n<p style=\"text-align: justify;\"><strong>Rimpasto in vista\u2026<\/strong><\/p>\n<p style=\"text-align: justify;\">Alla fine della messinscena, si realizza di aver sperimentato il classico esempio di \u201ceterogenesi dei fini\u201d: il corso degli eventi porta a risultati del tutto differenti dagli obiettivi che si intendeva perseguire in origine. Chiariamo: se lo scopo dell\u2019improvvido braccio di ferro era mettere in minoranza il sindaco, si \u00e8 avuta prova che Tina Resta pu\u00f2 contare su un ampio consenso all\u2019interno della maggioranza, che le riconosce gli sforzi per provare a cambiare Turi nonostante la tara di una squadra troppo acerba. E se l\u2019auspicato finale era \u201csalvare\u201d due assessori dal licenziamento per giusta causa, ora \u00e8 quasi certo che un rimpasto di Giunta ci sar\u00e0 ben prima del giro di boa. E a contare non potranno pi\u00f9 essere i consensi delle urne, le raccomandazioni dei \u201cnotabili\u201d delle segreterie provinciali o le telefonate dei pezzi da novanta di via Capruzzi; a contare dovr\u00e0 essere una rigorosa analisi dei risultati portati a casa in un anno di amministrazione.<\/p>\n<p style=\"text-align: right;\"><strong>Fabio D\u2019Aprile<\/strong><\/p>\n","protected":false},"excerpt":{"rendered":"<p><img loading=\"lazy\" decoding=\"async\" src=\"https:\/\/live.staticflickr.com\/65535\/50045316856_9d30600d08_n.jpg\" alt=\"consiglio turi\" width=\"320\" height=\"213\" \/><\/p>\n","protected":false},"author":1,"featured_media":0,"comment_status":"open","ping_status":"closed","sticky":false,"template":"","format":"standard","meta":{"colormag_page_container_layout":"default_layout","colormag_page_sidebar_layout":"default_layout","footnotes":""},"categories":[4],"tags":[],"class_list":["post-17786","post","type-post","status-publish","format-standard","hentry","category-politica"],"_links":{"self":[{"href":"https:\/\/archivioturi.lavocedelpaese.info\/index.php\/wp-json\/wp\/v2\/posts\/17786","targetHints":{"allow":["GET"]}}],"collection":[{"href":"https:\/\/archivioturi.lavocedelpaese.info\/index.php\/wp-json\/wp\/v2\/posts"}],"about":[{"href":"https:\/\/archivioturi.lavocedelpaese.info\/index.php\/wp-json\/wp\/v2\/types\/post"}],"author":[{"embeddable":true,"href":"https:\/\/archivioturi.lavocedelpaese.info\/index.php\/wp-json\/wp\/v2\/users\/1"}],"replies":[{"embeddable":true,"href":"https:\/\/archivioturi.lavocedelpaese.info\/index.php\/wp-json\/wp\/v2\/comments?post=17786"}],"version-history":[{"count":0,"href":"https:\/\/archivioturi.lavocedelpaese.info\/index.php\/wp-json\/wp\/v2\/posts\/17786\/revisions"}],"wp:attachment":[{"href":"https:\/\/archivioturi.lavocedelpaese.info\/index.php\/wp-json\/wp\/v2\/media?parent=17786"}],"wp:term":[{"taxonomy":"category","embeddable":true,"href":"https:\/\/archivioturi.lavocedelpaese.info\/index.php\/wp-json\/wp\/v2\/categories?post=17786"},{"taxonomy":"post_tag","embeddable":true,"href":"https:\/\/archivioturi.lavocedelpaese.info\/index.php\/wp-json\/wp\/v2\/tags?post=17786"}],"curies":[{"name":"wp","href":"https:\/\/api.w.org\/{rel}","templated":true}]}}