{"id":17781,"date":"2020-08-06T09:04:46","date_gmt":"2020-08-06T09:04:46","guid":{"rendered":"https:\/\/archivioturi.lavocedelpaese.info\/index.php\/2020\/08\/06\/cambio-ai-vertici-della-nuova-pro-loco\/"},"modified":"2020-08-06T09:04:46","modified_gmt":"2020-08-06T09:04:46","slug":"cambio-ai-vertici-della-nuova-pro-loco","status":"publish","type":"post","link":"https:\/\/archivioturi.lavocedelpaese.info\/index.php\/2020\/08\/06\/cambio-ai-vertici-della-nuova-pro-loco\/","title":{"rendered":"Cambio ai vertici della Nuova Pro Loco"},"content":{"rendered":"<p><img loading=\"lazy\" decoding=\"async\" src=\"https:\/\/live.staticflickr.com\/65535\/50186158898_d9f9e1b5c7_n.jpg\" alt=\"rina spinelli pro loco 20201 (2)\" width=\"320\" height=\"240\" \/><\/p>\n<p style=\"text-align: center;\"><strong>Rina Spinelli, a sei anni dal suo mandato, ritorna alla guida dell\u2019associazione turese<\/strong><\/p>\n<p style=\"text-align: justify;\">Il calendario estivo \u201ceVenti d\u2019Estate\u201d, promosso dal Comune di Turi e dall\u2019Ass. Nuova Pro Loco, \u00e8 ormai entrato nel pieno. In questi tempi cos\u00ec incerti, la Pro Loco turese si \u00e8 trovata alle prese con il rinnovo del direttivo e con l\u2019organizzazione di una programmazione estiva particolarmente problematica. Come \u00e8 andata, come sta andando e come andr\u00e0? Lo abbiamo chiesto a Rina Spinelli, neoeletta presidente a sei anni dal suo ultimo mandato.<\/p>\n<p style=\"text-align: justify;\"><strong>Un rinnovo all\u2019insegna della continuit\u00e0<\/strong><\/p>\n<p><img loading=\"lazy\" decoding=\"async\" src=\"https:\/\/live.staticflickr.com\/65535\/50186705846_94c1ba13a5_n.jpg\" alt=\"rina spinelli pro loco 20201 (1)\" style=\"margin: 6px; float: right;\" width=\"320\" height=\"240\" \/><\/p>\n<p style=\"text-align: justify;\">\u00abNon posso che essere grata per la fiducia che i soci dell\u2019assemblea e del direttivo, a volere unanime, hanno riposto in me. Ci tengo per\u00f2 a precisare fin da subito che non \u00e8 il ruolo a determinare il lavoro del socio all\u2019interno dell\u2019associazione; per quanto mi riguarda, non \u00e8 cambiato nulla dal 2009, l\u2019anno di fondazione della Nuova Pro Loco, nonostante i vari avvicendamenti e alcuni momenti di crisi, sono sempre in prima linea nell\u2019organizzazione. La scelta del presidente da parte del direttivo avviene sulla base della propensione all\u2019attivit\u00e0 associativa del singolo, ma anche sulla disponibilit\u00e0 temporale necessaria per assicurare il proprio impegno. Questo non significa per\u00f2 annullarsi; vivo per la famiglia, per il lavoro, anche per gli eventi grazie ai quali sono nati molti rapporti di stima e di amicizia che dovrebbero essere alla base della vita associativa. Sono i piccoli gesti di gratificazione personale, a prescindere da quello che si dice sui giornali o sugli scranni, ad alimentare la mia forza e a dare un senso ad intere giornate di telefonate e scartoffie. Si tratta quindi di un rinnovo di direttivo all\u2019insegna della piena continuit\u00e0; l\u2019unica vera differenza \u00e8 la distribuzione delle responsabilit\u00e0 civili e penali che ricadono interamente sul presidente, un peso non indifferente, soprattutto di questi tempi\u00bb.<\/p>\n<p style=\"text-align: justify;\"><strong>Il rapporto delicato tra associazionismo e politica<\/strong><\/p>\n<p style=\"text-align: justify;\">\u00abLa Pro Loco dovrebbe essere l\u2019associazione che pi\u00f9 di tutte collabora a stretto contatto con l\u2019amministrazione; dovrebbe, perch\u00e9 questo rapporto \u00e8 negli anni diventato sempre pi\u00f9 fatiscente. Da parte delle prime amministrazioni c\u2019era una piena fiducia e un riconoscimento del lavoro svolto e dell\u2019impegno profuso; nel tempo per\u00f2 personalismi hanno minato questa fiducia. \u00c8 vero che la Pro Loco costituisce un braccio dell\u2019amministrazione, ma la politica deve sempre rimanere fuori; non importa se di destra o di sinistra, sono sempre stata pronta a collaborare con qualunque amministrazione. Quel che importa \u00e8 fare bene per il paese, facendo le cose per bene.<\/p>\n<p style=\"text-align: justify;\">Tra le molte peculiarit\u00e0 della Pro Loco vi \u00e8, infatti, una trasparenza totale, in quanto sottoposta ad un controllo pi\u00f9 forte rispetto alle altre associazioni per via dell\u2019affiliazione con l\u2019UNPLI, l\u2019Unione Nazionale Pro Loco d\u2019Italia, che esercita una supervisione sia a livello regionale che nazionale. Inoltre, i probiviri e i revisori dei conti del luogo saranno a breve sostituiti da figure di controllo regionali per una maggiore imparzialit\u00e0\u00bb.<\/p>\n<p style=\"text-align: justify;\"><strong>Calendario estivo: la macchina organizzativa non ha funzionato<\/strong><\/p>\n<p style=\"text-align: justify;\">\u00abSiamo onorati che l\u2019amministrazione Resta abbia scelto anche quest\u2019anno la Pro Loco come associazione capofila dell\u2019estate turese di questo 2020 che, come mai prima, ha messo a dura prova l\u2019organizzazione di eventi non solo in Italia, ma in tutto il mondo. Avremmo per\u00f2 preferito un affidamento diretto del calendario estivo alla Pro Loco fin dalle prime fasi di lavoro e non a pacchetto ultimato; infatti, non abbiamo potuto scegliere gli eventi del calendario che, sotto la nostra direzione, sarebbe stato diverso. In questo momento storico avrei personalmente evitato alcuni eventi, non per l\u2019evento in quanto tale, ma per le problematiche normative collegate, optando per tipologie di eventi pi\u00f9 tranquilli e statici, come le proiezioni cinematografiche all\u2019aperto che richiedono gi\u00e0 normalmente un controllo degli ingressi e una permanenza statica del pubblico per tutta la durata dell\u2019evento.<\/p>\n<p style=\"text-align: justify;\">\u00c8 evidente che qualcosa non abbia funzionato all\u2019interno della macchina organizzativa; idee poco chiare, problemi di comunicazione e contrasti interni hanno portato ad un ritardo generale: abbiamo firmato il patto di collaborazione oltre i tempi previsti, non abbiamo avuto fin da subito a disposizione un locale ad uso deposito e siamo stati costretti a procurarci dei gruppi elettrogeni per pi\u00f9 di una serata, con un considerevole aumento dei tempi e dei costi.<\/p>\n<p style=\"text-align: justify;\">A causa del nostro tardivo coinvolgimento e dell\u2019improvviso taglio di budget sopraggiunto in corso d\u2019opera, a pochi giorni dalla chiusura del programma, non abbiamo avuto la possibilit\u00e0 di realizzare una serata a cui io per prima tengo particolarmente: una \u201cnotte bianca\u201d, a partire dalle 18, dedicata interamente ai bambini che pi\u00f9 di tutti hanno sofferto la quarantena.<\/p>\n<p style=\"text-align: justify;\">Sento spesso confronti con i calendari degli altri comuni; quel che importa \u00e8 che noi stiamo procedendo in pieno rispetto delle norme nazionali e locali anti-Covid, adottando misure che possono apparire seccanti ed esagerate, ma che sono assolutamente necessarie per la realizzazione di qualunque evento: mi riferisco al delimitare la zona del palco e della platea, contingentare gli ingressi, misurare la temperatura corporea, conservare i dati personali, mantenere le distanze e indossare i dispositivi di protezione individuale. Per andare incontro ai cittadini stiamo studiando nuove modalit\u00e0 che possano semplificare la partecipazione, ad esempio attraverso un meccanismo di prenotazione, senza sacrificare n\u00e9 la sicurezza, n\u00e9 il divertimento\u00bb.<\/p>\n<p style=\"text-align: justify;\"><strong>Biciclettata: non un addio, ma un arrivederci<\/strong><\/p>\n<p style=\"text-align: justify;\">\u00abPer questo motivo siamo stati costretti a rimandare a data da destinarsi la biciclettata inizialmente prevista il 18 luglio, in contrasto con il DPCM 11 giugno 2020, successivamente prorogato fino al 31 luglio dal DPCM 14 luglio 2020, che vieta le manifestazioni dinamiche. Speriamo che il nuovo DPCM che entrer\u00e0 in vigore dal 1\u00b0 agosto sia pi\u00f9 permissivo e ci permetta di ripianificare l\u2019evento nelle prossime settimane. In caso contrario, cercheremo comunque di realizzare la biciclettata con una diversa organizzazione, ad esempio in pi\u00f9 scaglioni, costituiti esclusivamente da familiari e frequentatori abituali; in questo caso per\u00f2 la difficolt\u00e0 organizzativa diverrebbe piuttosto importante\u00bb.<\/p>\n<p style=\"text-align: justify;\"><strong>Questa \u201csagra permanente\u201d non s&#8217;ha da fare<\/strong><\/p>\n<p style=\"text-align: justify;\">\u00abSia l\u2019amministrazione, sia la Pro Loco hanno accolto e seguito con interesse la proposta di una sagra permanente, cavallo di battaglia di \u201cPatto per Turi\u201d, che ha per\u00f2 incontrato ostacoli normativi che ne hanno decretato l\u2019irrealizzabilit\u00e0. Fin da subito, mi sono messa a pieno servizio per verificare la fattibilit\u00e0 del progetto che ha pi\u00f9 volte subito dei rimaneggiamenti nel tentativo di soddisfare i requisiti richiesti dalla norma nazionale e locale in materia di sagre, oltre che dalle disposizioni di contenimento della pandemia.<\/p>\n<p style=\"text-align: justify;\">L\u2019ultimo passaggio di questo lungo percorso si \u00e8 tenuto lo scorso gioved\u00ec 23 luglio, alla presenza di Lilli Susca, Angelo Palmisano, Graziano Gigantelli e della sottoscritta; in questa sede, il direttore del SIAN Bari-Sud Francesco Vino, che ringrazio personalmente per la disponibilit\u00e0, e il suo collaboratore Antonio Palmisano, hanno dato parere negativo in seguito al sopralluogo, soprattutto in considerazione del momento storico, ma anche per problematiche permanenti come la mancanza di bagni e di acqua corrente, necessari per la somministrazione e il consumo delle bevande\u00bb.<\/p>\n<p style=\"text-align: justify;\"><strong>Una inedita Sagra del Borgo Antico<\/strong><\/p>\n<p style=\"text-align: justify;\">\u00abPurtroppo, per ovvi motivi, quest\u2019anno non sar\u00e0 possibile organizzare e vivere la Sagra del Borgo Antico come siamo abituati, ma non ci siamo persi d\u2019animo. Per la prima volta gli appuntamenti non saranno tutti concentrati nella giornata dell\u20198 settembre, bens\u00ec distribuiti sull\u2019intera settimana in una serie di serate tematiche, ognuna con un\u2019impronta e un target ben specifico per poter abbracciare un pubblico vasto, dai pi\u00f9 piccoli ai pi\u00f9 grandi.<\/p>\n<p style=\"text-align: justify;\">Ovviamente, cos\u00ec come per l\u2019estate turese, tutti gli eventi dovranno essere organizzati in ottemperanza alle norme anti-Covid, con tutte le limitazioni che ci\u00f2 comporta: gli eventi si terranno in forma statica, sui palchi o per le piazze, mentre gli spettatori dovranno mantenere la distanza di sicurezza. Come per gli altri anni, renderemo noto a breve il programma della sagra, con la volont\u00e0 di offrire al paese un intrattenimento anche nei giorni settembrini in quella che, con il ritorno nelle aule fissato per il 24, si preannuncia essere una lunga, insolita, estate\u00bb<\/p>\n<p style=\"text-align: right;\"><strong>Damiano Barbieri<\/strong><\/p>\n","protected":false},"excerpt":{"rendered":"<p><img loading=\"lazy\" decoding=\"async\" src=\"https:\/\/live.staticflickr.com\/65535\/50186158898_d9f9e1b5c7_n.jpg\" alt=\"rina spinelli pro loco 20201 (2)\" width=\"320\" height=\"240\" \/><\/p>\n","protected":false},"author":1,"featured_media":0,"comment_status":"open","ping_status":"closed","sticky":false,"template":"","format":"standard","meta":{"colormag_page_container_layout":"default_layout","colormag_page_sidebar_layout":"default_layout","footnotes":""},"categories":[6],"tags":[],"class_list":["post-17781","post","type-post","status-publish","format-standard","hentry","category-cultura"],"_links":{"self":[{"href":"https:\/\/archivioturi.lavocedelpaese.info\/index.php\/wp-json\/wp\/v2\/posts\/17781","targetHints":{"allow":["GET"]}}],"collection":[{"href":"https:\/\/archivioturi.lavocedelpaese.info\/index.php\/wp-json\/wp\/v2\/posts"}],"about":[{"href":"https:\/\/archivioturi.lavocedelpaese.info\/index.php\/wp-json\/wp\/v2\/types\/post"}],"author":[{"embeddable":true,"href":"https:\/\/archivioturi.lavocedelpaese.info\/index.php\/wp-json\/wp\/v2\/users\/1"}],"replies":[{"embeddable":true,"href":"https:\/\/archivioturi.lavocedelpaese.info\/index.php\/wp-json\/wp\/v2\/comments?post=17781"}],"version-history":[{"count":0,"href":"https:\/\/archivioturi.lavocedelpaese.info\/index.php\/wp-json\/wp\/v2\/posts\/17781\/revisions"}],"wp:attachment":[{"href":"https:\/\/archivioturi.lavocedelpaese.info\/index.php\/wp-json\/wp\/v2\/media?parent=17781"}],"wp:term":[{"taxonomy":"category","embeddable":true,"href":"https:\/\/archivioturi.lavocedelpaese.info\/index.php\/wp-json\/wp\/v2\/categories?post=17781"},{"taxonomy":"post_tag","embeddable":true,"href":"https:\/\/archivioturi.lavocedelpaese.info\/index.php\/wp-json\/wp\/v2\/tags?post=17781"}],"curies":[{"name":"wp","href":"https:\/\/api.w.org\/{rel}","templated":true}]}}