{"id":17780,"date":"2020-08-05T13:02:47","date_gmt":"2020-08-05T13:02:47","guid":{"rendered":"https:\/\/archivioturi.lavocedelpaese.info\/index.php\/2020\/08\/05\/q-race-tutto-pronto-per-la-caccia-ai-qr\/"},"modified":"2020-08-05T13:02:47","modified_gmt":"2020-08-05T13:02:47","slug":"q-race-tutto-pronto-per-la-caccia-ai-qr","status":"publish","type":"post","link":"https:\/\/archivioturi.lavocedelpaese.info\/index.php\/2020\/08\/05\/q-race-tutto-pronto-per-la-caccia-ai-qr\/","title":{"rendered":"\u201cQ-Race\u201d, tutto pronto per la \u201cCaccia ai QR\u201d"},"content":{"rendered":"<p><img loading=\"lazy\" decoding=\"async\" src=\"https:\/\/live.staticflickr.com\/65535\/50186954832_bd1fcdd0f3_n.jpg\" alt=\"qr\" width=\"228\" height=\"320\" \/><\/p>\n<p style=\"text-align: center;\"><strong>L\u2019inaugurazione si terr\u00e0 gioved\u00ec 6 agosto in Piazza Pertini. <br \/>Le iscrizioni sono aperte ogni giorno, dalle 17 alle 20, presso Casa delle Idee<\/strong><\/p>\n<p style=\"text-align: justify;\">Torna la \u201cQRACE \u2013 Caccia ai QR\u201d, la caccia tecnologica organizzata dall\u2019Associazione Culturale Casa delle Idee, parte del calendario estivo d\u2019agosto \u201ceVenti d\u2019Estate\u201d promosso dal Comune di Turi e dall\u2019Associazione Nuova Pro Loco. Abbiamo chiesto ai giovani organizzatori di raccontarci l\u2019evento e come questo \u00e8 cambiato per questa seconda edizione ai tempi della pandemia.<\/p>\n<p style=\"text-align: justify;\">\u00abSulla scorta del grande successo, in parte inaspettato, dello scorso anno, abbiamo deciso di riproporre la caccia pi\u00f9 grande mai realizzata nel nostro paese, nonostante le mille difficolt\u00e0 legate alla pandemia. QRACE \u2013 Caccia ai QR nasce con l\u2019obiettivo di incentivare la conoscenza del territorio attraverso il gioco e la sana competizione. Inoltre, il gioco rappresenta per le famiglie l\u2019occasione perfetta per rafforzare il senso di coesione familiare e di scambio intergenerazionale grazie al raggiungimento di un obiettivo comune.<\/p>\n<p style=\"text-align: justify;\">Come lo scorso anno infatti, le squadre si formano su proposta dei partecipanti, nel numero massimo di quattro per squadra, che in ottemperanza alle norme devono essere tra loro congiunti o frequentatori abituali, in parole povere parenti o amici. Alla base della meccanica di gioco vi sono infatti le abitudini quotidiane come andare a fare la spesa, uscire con gli amici o con la famiglia. Non vi sono limiti di et\u00e0 o di qualunque altra natura: ogni squadra potr\u00e0 andare alla ricerca dei QR in qualunque orario compreso nei giorni della caccia e con qualunque mezzo; ovviamente sar\u00e0 pi\u00f9 facile trovare gli adesivi nascosti andando a piedi o in bici, una scelta salutista ed ecologica.\u00bb<\/p>\n<p style=\"text-align: justify;\"><strong>Novit\u00e0 e rinunce ai tempi del Covid<\/strong><\/p>\n<p style=\"text-align: justify;\">\u00abLa dinamica alla base dell\u2019evento, la ricerca dei 500 codici QR nascosti per il paese, \u00e8 rimasta invariata, mentre abbiamo purtroppo dovuto eliminare i giochi di apertura e di chiusura e i QR leggendari, nonch\u00e9 il consumo di cibo e bevande, perch\u00e9 avrebbero costituito un\u2019occasione di assembramento.<\/p>\n<p style=\"text-align: justify;\">Per mantenere viva la competizione abbiamo quindi deciso di puntare sulla componente informatica dell\u2019evento, implementando \u201cqr cattivi\u201d, trofei, missioni e contest social utili per ottenere un punteggio bonus (o malus) che smuover\u00e0 gli equilibri, rendendo il gioco pi\u00f9 avvincente e imprevedibile.\u00bb<\/p>\n<p style=\"text-align: justify;\"><strong>Gli appuntamenti di quest\u2019anno<\/strong><\/p>\n<p style=\"text-align: justify;\">\u00abLa serata di inaugurazione e di presentazione della caccia e delle squadre si terr\u00e0 gioved\u00ec 6 agosto 2020, alle ore 19.00 sul palco allestito in Piazza Sandra Pertini, dove sar\u00e0 necessario mantenere la distanza e indossare i dispositivi di sicurezza per garantire il pieno rispetto delle norme nazionali e locali. Secondo le stesse regole, domenica 9 agosto allo stesso orario si terr\u00e0 la cerimonia di chiusura della caccia e di premiazione delle squadre vincitrici.<\/p>\n<p style=\"text-align: justify;\">Per le iscrizioni e per ulteriori informazioni venite a trovarci tutti i pomeriggi, dalle 17 alle 20, presso Casa delle Idee, ingresso da via Santa Chiara, o scriveteci sulla pagina Facebook e Instagram dell\u2019evento. La manifestazione, la cui partecipazione \u00e8 totalmente gratuita, \u00e8 resa possibile, come lo scorso anno, grazie al supporto delle attivit\u00e0 commerciali del nostro paese a cui va tutta la nostra riconoscenza per averci sostenuto anche quest\u2019anno particolarmente difficile\u00bb.<\/p>\n","protected":false},"excerpt":{"rendered":"<p><img loading=\"lazy\" decoding=\"async\" src=\"https:\/\/live.staticflickr.com\/65535\/50186954832_bd1fcdd0f3_n.jpg\" alt=\"qr\" width=\"228\" height=\"320\" \/><\/p>\n","protected":false},"author":1,"featured_media":0,"comment_status":"open","ping_status":"closed","sticky":false,"template":"","format":"standard","meta":{"colormag_page_container_layout":"default_layout","colormag_page_sidebar_layout":"default_layout","footnotes":""},"categories":[6],"tags":[],"class_list":["post-17780","post","type-post","status-publish","format-standard","hentry","category-cultura"],"_links":{"self":[{"href":"https:\/\/archivioturi.lavocedelpaese.info\/index.php\/wp-json\/wp\/v2\/posts\/17780","targetHints":{"allow":["GET"]}}],"collection":[{"href":"https:\/\/archivioturi.lavocedelpaese.info\/index.php\/wp-json\/wp\/v2\/posts"}],"about":[{"href":"https:\/\/archivioturi.lavocedelpaese.info\/index.php\/wp-json\/wp\/v2\/types\/post"}],"author":[{"embeddable":true,"href":"https:\/\/archivioturi.lavocedelpaese.info\/index.php\/wp-json\/wp\/v2\/users\/1"}],"replies":[{"embeddable":true,"href":"https:\/\/archivioturi.lavocedelpaese.info\/index.php\/wp-json\/wp\/v2\/comments?post=17780"}],"version-history":[{"count":0,"href":"https:\/\/archivioturi.lavocedelpaese.info\/index.php\/wp-json\/wp\/v2\/posts\/17780\/revisions"}],"wp:attachment":[{"href":"https:\/\/archivioturi.lavocedelpaese.info\/index.php\/wp-json\/wp\/v2\/media?parent=17780"}],"wp:term":[{"taxonomy":"category","embeddable":true,"href":"https:\/\/archivioturi.lavocedelpaese.info\/index.php\/wp-json\/wp\/v2\/categories?post=17780"},{"taxonomy":"post_tag","embeddable":true,"href":"https:\/\/archivioturi.lavocedelpaese.info\/index.php\/wp-json\/wp\/v2\/tags?post=17780"}],"curies":[{"name":"wp","href":"https:\/\/api.w.org\/{rel}","templated":true}]}}