{"id":17773,"date":"2020-07-28T14:41:22","date_gmt":"2020-07-28T14:41:22","guid":{"rendered":"https:\/\/archivioturi.lavocedelpaese.info\/index.php\/2020\/07\/28\/piogge-torrenziali-ed-allagamenti-cronici\/"},"modified":"2020-07-28T14:41:22","modified_gmt":"2020-07-28T14:41:22","slug":"piogge-torrenziali-ed-allagamenti-cronici","status":"publish","type":"post","link":"https:\/\/archivioturi.lavocedelpaese.info\/index.php\/2020\/07\/28\/piogge-torrenziali-ed-allagamenti-cronici\/","title":{"rendered":"Piogge torrenziali ed allagamenti cronici"},"content":{"rendered":"<p><img loading=\"lazy\" decoding=\"async\" src=\"https:\/\/live.staticflickr.com\/65535\/50146194902_84db426d23_n.jpg\" alt=\"Strade allagate durante la pioggia della scorsa settimana (1)\" width=\"227\" height=\"320\" \/><\/p>\n<p style=\"text-align: center;\"><strong>A distanza di un anno esatto, la nostra citt\u00e0 \u00e8 stata nuovamente colpita da un violento acquazzone: strade allagate e disagi per molti turesi. Le preghiere non bastano pi\u00f9<\/strong><\/p>\n<p style=\"text-align: justify;\">Com\u2019\u00e8 ormai noto da almeno un decennio, il clima sta mutando: \u201cNon ci sono pi\u00f9 le mezze stagioni\u201d \u2013 direbbe qualcuno. In taluni casi, alla luce di fenomeni metereologici davvero insoliti \u2013 se non addirittura nefasti \u2013 rispetto al periodo dell\u2019anno in cui con sempre pi\u00f9 frequenza tendono a verificarsi, ci si spinge oltre, parlando in termini di \u201cclima impazzito\u201d.<\/p>\n<p style=\"text-align: justify;\">Ciononostante, da un\u2019analisi pi\u00f9 attenta e ad ampio spettro, \u00e8 possibile accorgersi di quanta regolarit\u00e0 possa esserci in questa follia: si pensi, soprattutto, agli acquazzoni e alle grandinate che negli ultimi 15 anni hanno, troppo spesso, minato il raccolto cerasicolo dei turesi.<\/p>\n<p><img loading=\"lazy\" decoding=\"async\" src=\"https:\/\/live.staticflickr.com\/65535\/50145411518_fbd4f5fd4c_n.jpg\" alt=\"Strade allagate durante la pioggia della scorsa settimana (3)\" style=\"margin: 6px; float: right;\" width=\"219\" height=\"320\" \/><\/p>\n<p style=\"text-align: justify;\">Pur non trattandosi di fenomeni isolati, queste perturbazioni sono ancora oggi accolte come qualcosa che va al di l\u00e0 dell\u2019ordinario; di straordinario, tuttavia, c\u2019\u00e8 ben poco e dunque all\u2019uomo non resta che adattarsi, in ossequio a quel principio darwiniano che porta il nome di \u201cevoluzione\u201d: i cambiamenti, specie quelli drastici, non vanno ignorati, ma affrontati, per far s\u00ec che il loro impatto non sia disastroso. Cos\u00ec facendo, inoltre, l\u2019essere umano riesce ad emanciparsi, ad acquisire indipendenza o, in altre parole, a liberarsi dalla soggezione esercitata da madre natura e dunque a progredire. Non per altro, con l\u2019avanzare dei secoli, l\u2019uomo ha sviluppato tecnologie sempre pi\u00f9 utili alla propria sopravvivenza.<\/p>\n<p style=\"text-align: justify;\">Tralasciando le ciliegie, un altro esempio immediato ci viene fornito dal Coronavirus, il quale ha costretto tutti noi a rivedere le nostre routine, le nostre abitudini: talvolta in meglio, poich\u00e9, se non fosse arrivata una pandemia globale, forse nessuno di noi italiani avrebbe mai potuto imparare il senso di rispettare la fila davanti alla cassa dei supermercati. Ironie amare a parte, ci\u00f2 che appare ineccepibile \u00e8 la necessit\u00e0 di perfezionarsi, perch\u00e9 ignorare un problema non vuol dire risolverlo, n\u00e9 tantomeno estinguerlo secondo il proverbiale \u201clontano dagli occhi, lontano dal cuore\u201d: si pensi, ad esempio, ad un debito finanziario o ad un arretrato scolastico.<\/p>\n<p style=\"text-align: justify;\"><strong>ALLAGAMENTI CRONICI<\/strong><\/p>\n<p><img loading=\"lazy\" decoding=\"async\" src=\"https:\/\/live.staticflickr.com\/65535\/50146194917_11c8413ed6_n.jpg\" alt=\"Strade allagate durante la pioggia della scorsa settimana (2)\" style=\"margin: 6px; float: left;\" width=\"267\" height=\"320\" \/><\/p>\n<p style=\"text-align: justify;\">Ebbene, con la premessa di cui sopra, vogliamo adesso introdurvi ad una problematica piuttosto seria. Mercoled\u00ec scorso, a distanza di un anno esatto, la nostra citt\u00e0 \u00e8 stata letteralmente travolta da una bomba d\u2019acqua: nel giro di poche ore diversi centimetri di pioggia hanno inondato le vie di Turi, causando non pochi disagi. A tal proposito, vogliamo rassicurare i nostri lettori chiarendo che le foto pi\u00f9 preoccupanti in allegato al presente articolo si riferiscono al nubifragio del luglio 2019, in seguito al quale molti cittadini dovettero ricorrere all\u2019intervento dei Vigili di Fuoco: garage letteralmente allagati da sgomberare, automobili danneggiate ecc. Perch\u00e9 mai, allora, riproporvi questi scatti? La motivazione \u00e8 semplice: nonostante mercoled\u00ec la portata dei danni sia stata significativamente minore rispetto a quelli registrati un anno fa, il disagio non \u00e8 stato affatto da meno per molti turesi, specie per coloro i quali risiedono nella zona di via Conversano, via Casamassima e, soprattutto, via Mazzini.<\/p>\n<p style=\"text-align: justify;\">\u00abDopo la pioggia torrenziale di mercoled\u00ec \u2013 scrive un turese sui social \u2013 i tombini su via Casamassima erano otturati di foglie e sporcizia varia trasportata dalla pioggia&#8230; e noi poveracci ci allaghiamo i garage e le tavernette\u00bb. Oppure: \u00abPassano gli anni, si succedono le varie Amministrazioni comunali, ma via Mazzini \u00e8 sempre chiusa! E ogni volta che piove preghiamo\u00bb.<\/p>\n<p style=\"text-align: justify;\">Ecco il punto: le preghiere; le stesse che con ostinazione rivolgiamo ogni anno al cielo, sperando che siano ascoltate affinch\u00e9 il maltempo possa risparmiare le nostre ciliegie.<\/p>\n<p style=\"text-align: justify;\">La fede, per\u00f2, c\u2019entra ben poco ed il tempo scorre, senza aver premura di aspettare nessuno. Scorre, come un fiume in piena, anche per i residenti sopra citati, in particolar modo per i turesi di via Mazzini, un vicolo cieco che alla prossima pioggia torrenziale potrebbe trasformarsi ancora una volta in un lago artificiale. Due sono le alternative: lasciare che il tempo faccia il suo corso e che la natura si riprenda i suoi spazi, oppure attivarsi immediatamente per porre rimedio ad una situazione incresciosa che, ogni anno, tende sempre pi\u00f9 a ripetersi, configurandosi come una patologia cronica, come un fatto ordinario con il quale convivere; come se fosse normale, in buona sostanza.<\/p>\n<p style=\"text-align: right;\"><strong>LEONARDO FLORIO<\/strong><\/p>\n","protected":false},"excerpt":{"rendered":"<p><img loading=\"lazy\" decoding=\"async\" src=\"https:\/\/live.staticflickr.com\/65535\/50146194902_84db426d23_n.jpg\" alt=\"Strade allagate durante la pioggia della scorsa settimana (1)\" width=\"227\" height=\"320\" \/><\/p>\n","protected":false},"author":1,"featured_media":0,"comment_status":"open","ping_status":"closed","sticky":false,"template":"","format":"standard","meta":{"colormag_page_container_layout":"default_layout","colormag_page_sidebar_layout":"default_layout","footnotes":""},"categories":[7],"tags":[],"class_list":["post-17773","post","type-post","status-publish","format-standard","hentry","category-attualita"],"_links":{"self":[{"href":"https:\/\/archivioturi.lavocedelpaese.info\/index.php\/wp-json\/wp\/v2\/posts\/17773","targetHints":{"allow":["GET"]}}],"collection":[{"href":"https:\/\/archivioturi.lavocedelpaese.info\/index.php\/wp-json\/wp\/v2\/posts"}],"about":[{"href":"https:\/\/archivioturi.lavocedelpaese.info\/index.php\/wp-json\/wp\/v2\/types\/post"}],"author":[{"embeddable":true,"href":"https:\/\/archivioturi.lavocedelpaese.info\/index.php\/wp-json\/wp\/v2\/users\/1"}],"replies":[{"embeddable":true,"href":"https:\/\/archivioturi.lavocedelpaese.info\/index.php\/wp-json\/wp\/v2\/comments?post=17773"}],"version-history":[{"count":0,"href":"https:\/\/archivioturi.lavocedelpaese.info\/index.php\/wp-json\/wp\/v2\/posts\/17773\/revisions"}],"wp:attachment":[{"href":"https:\/\/archivioturi.lavocedelpaese.info\/index.php\/wp-json\/wp\/v2\/media?parent=17773"}],"wp:term":[{"taxonomy":"category","embeddable":true,"href":"https:\/\/archivioturi.lavocedelpaese.info\/index.php\/wp-json\/wp\/v2\/categories?post=17773"},{"taxonomy":"post_tag","embeddable":true,"href":"https:\/\/archivioturi.lavocedelpaese.info\/index.php\/wp-json\/wp\/v2\/tags?post=17773"}],"curies":[{"name":"wp","href":"https:\/\/api.w.org\/{rel}","templated":true}]}}