{"id":17770,"date":"2020-07-28T06:27:18","date_gmt":"2020-07-28T06:27:18","guid":{"rendered":"https:\/\/archivioturi.lavocedelpaese.info\/index.php\/2020\/07\/28\/e-la-chiamano-estate\/"},"modified":"2020-07-28T06:27:18","modified_gmt":"2020-07-28T06:27:18","slug":"e-la-chiamano-estate","status":"publish","type":"post","link":"https:\/\/archivioturi.lavocedelpaese.info\/index.php\/2020\/07\/28\/e-la-chiamano-estate\/","title":{"rendered":"\u201cE la chiamano estate\u2026\u201d"},"content":{"rendered":"<p><img loading=\"lazy\" decoding=\"async\" src=\"https:\/\/live.staticflickr.com\/65535\/50146189812_2f1669d967_n.jpg\" alt=\"Lilli Susca\" width=\"320\" height=\"320\" \/><\/p>\n<p style=\"text-align: center;\"><strong>Lilli Susca: \u201cL\u2019assessore De Carolis ha abdicato al suo ruolo\u201d. <\/strong><br \/><strong>Sulla \u2018sagra permanente\u2019 si attende una risposta da Pro Loco e Amministrazione<\/strong><\/p>\n<p style=\"text-align: justify;\">Tra alti e bassi, qualche incomprensione e ritardi pi\u00f9 o meno comprensibili, la proposta per l\u2019estate turese \u00e8 stata ufficializzata la scorsa settimana. Dopo avervi proposto il comunicato dell\u2019assessore Teresa De Carolis, questa settimana abbiamo voluto raccogliere il punto di vista del consigliere di minoranza Lilli Susca che, correttamente, sospende ogni giudizio fino al termine delle manifestazioni, quando sar\u00e0 possibile fare un bilancio ponderato, anche in considerazione dei riscontri che il cartellone estivo sortir\u00e0 su cittadini ed esercenti.<\/p>\n<p style=\"text-align: justify;\">Prima di congedarci, ci siamo soffermati sulla sua proposta di allestire una \u201csagra permanente\u201d, presentata da \u201cPatto per Turi\u201d fin da giugno. Apprendiamo che, dopo vari rimaneggiamenti per ottemperare alle disposizioni anti-Covid, l\u2019interessante progetto, definito \u201cmeritevole di attenzione\u201d da parte del sindaco Tina Resta, \u00e8 ancora sul tavolo; si attende il placet da parte della Pro Loco, in qualit\u00e0 di associazione capofila, e dell\u2019Amministrazione.<\/p>\n<p style=\"text-align: justify;\"><strong>Un parere sulle modalit\u00e0 con cui si \u00e8 arrivati alla stesura del calendario?<\/strong><\/p>\n<p style=\"text-align: justify;\">\u00abL\u2019estate, nonostante tutto e anche senza una vera primavera, \u00e8 arrivata. E con la bella stagione sono arrivati gli immancabili cartelloni delle iniziative concepite per ravvivare il paese. E Turi non fa eccezione. Diverse associazioni e alcuni privati hanno risposto all\u2019appello, garantendo una partecipazione su base volontaria e, gi\u00e0 solo per questo motivo, meritevole di riconoscenza da parte della cittadinanza.<\/p>\n<p style=\"text-align: justify;\">Ma all\u2019appello di chi hanno risposto i generosi volontari? All\u2019appello della maestra Tina, oggi sindaco del nostro paese? Non di certo. Non rientra nelle sue competenze. Quando era assessore alla cultura\u2026 allora s\u00ec che chiamava all\u2019appello le associazioni e insieme a loro imbastiva un calendario di eventi con i fondi, sempre risicati, messi a budget. Quest\u2019anno quindi l\u2019appello dev\u2019essere stato fatto dall\u2019attuale assessore alla cultura, dott.ssa Teresa De Carolis. Cos\u00ec penserete sia andata. E invece no. L\u2019assessore alla cultura, che noi cittadini paghiamo anche e soprattutto per coordinare le attivit\u00e0 culturali e ricreative proposte dalle associazioni locali e per programmare eventi di particolare interesse presentati anche da soggetti esterni alla nostra comunit\u00e0, ha abdicato al suo ruolo. Non se l\u2019\u00e8 sentita? Troppo complicato? Non so cosa pensare. Fatto sta che una ventina di giorni fa \u00e8 stato individuato un responsabile esterno ai ranghi dell\u2019Amministrazione e peraltro vicino ai consiglieri di minoranza. Mossa furba o troppo stupida? Chi ha imparato a conoscerci in questi mesi sa bene per quale alternativa propendere, e questa intervista ne \u00e8 la riprova\u00bb.<\/p>\n<p style=\"text-align: justify;\"><strong>Un giudizio di merito sulla programmazione?<\/strong><\/p>\n<p style=\"text-align: justify;\">\u00abPreferisco non entrare nel merito della programmazione in s\u00e9. Sospendo qualsiasi giudizio anche perch\u00e9 quest\u2019anno \u00e8 sicuramente tutto pi\u00f9 difficile, considerate le direttive sul distanziamento sociale di cui gli organizzatori hanno dovuto tener conto. Il ruolo della Pro Loco, chiamata a fare da supervisore e da organizzatore tecnico degli eventi, non \u00e8 assolutamente facile, soprattutto se ci si vede costretti a negare a qualcuno la possibilit\u00e0 di partecipare con un\u2019iniziativa se quest\u2019ultima non \u00e8 confacente alle linee guida da seguire per evitare richiami o contestazioni da parte degli enti preposti al controllo. Voglio per\u00f2 ringraziare, come cittadina, le associazioni e i privati che si sono messi a disposizione sapendo di dover impegnare parte della propria estate nella realizzazione di uno o pi\u00f9 eventi\u00bb.<\/p>\n<p style=\"text-align: justify;\"><strong>Che fine ha fatto la proposta di una &#8220;sagra permanente&#8221;?<\/strong><\/p>\n<p style=\"text-align: justify;\">\u00abBella domanda\u2026 Io ho tanti difetti, ma ne ho uno in particolare: sono cocciuta. Durante la chiusura, quando ci si interrogava sul futuro delle attivit\u00e0 ristorative e su come sostenere la loro ripresa, insieme al gruppo \u201cPatto per Turi\u201d ho ideato il progetto \u201cSagra permanente\u201d e l\u2019ho lanciato sulla pagina Facebook del \u201cPatto\u201d. L\u2019idea era di creare dei punti sagra nel centro storico per sopperire alla mancanza di spazi all\u2019aperto per quelle imprese ristorative turesi che fossero risultate logisticamente svantaggiate e per fornire degli spazi di aggregazione a costo zero per i turesi, soprattutto la fascia pi\u00f9 giovanile, costretti a rimanere a Turi. Col tempo, per fortuna le esigenze sono cambiate grazie ad un netto allentamento della morsa dei contagi e cos\u00ec l\u2019idea iniziale ha subito diversi rimaneggiamenti. Ma non ho mollato perch\u00e9 resto convinta, insieme al mio gruppo, che questa sia una buona idea e che possa rendere l\u2019estate turese molto pi\u00f9 gradevole e attrattiva per un\u2019intera fascia di cittadini turesi che scelgano di restare a Turi la sera anche se non pi\u00f9 obbligati dalle restrizioni.<\/p>\n<p style=\"text-align: justify;\">A seguito della mozione specifica, protocollata il 30 giugno, in cui proponevo l\u2019\u201cAllestimento di due aree adibite a \u201csagra permanente\u201d con panche e tavoli in legno e con illuminazione da sagra (fili con lampadine)\u201d da utilizzare per la consumazione di cibo da asporto, il sindaco scriveva in data 6 luglio ai consiglieri del \u201cPatto\u201d e alla presidente della Pro Loco una mail ufficiale in cui definiva la nostra proposta \u201cmeritevole di attenzione\u201d e invitava la presidente, Rina Spinelli, a mettersi in contatto con la sottoscritta.<\/p>\n<p style=\"text-align: justify;\">A partire da quel momento sono emersi una serie di impedimenti che parevano dover stroncare l\u2019idea in partenza. Primo fra tutti il parere negativo del medico responsabile in loco del SIAN, che faceva notare che fosse necessaria l\u2019assunzione di responsabilit\u00e0 da parte di un solo esercente e il rispetto di tutta una serie di protocolli imposti dalla legge regionale relativa alle sagre. A questo punto avremmo dovuto semplicemente tirare i remi in barca. Invece abbiamo provato a capire se ci fossero delle soluzioni. Cos\u00ec, dopo aver consultato altri esperti e aver compreso anche grazie a loro che ci potessero essere strade percorribili alternative, abbiamo nuovamente rimaneggiato il progetto e siamo in attesa di una risposta definitiva da parte della Pro Loco e dell\u2019Amministrazione.<\/p>\n<p style=\"text-align: justify;\">Questa la nuova idea: allestire un\u2019area con panche e tavoli in legno nella piazzetta dove sorgeva il cinema Zaccheo e chiamare quell\u2019area e il relativo progetto \u201cSpazio Lumiere\u201d. Dotarlo di bidoni per la raccolta differenziata in modo tale che, chi consumi l\u00ec, possa lasciare lo spazio pulito e in ordine. E magari proiettare un film a settimana, coinvolgendo nella scelta proprio i ragazzi che quella piazzetta la frequentano quotidianamente. Sono romantica e troppo ottimista, lo so. Ma se questo progetto si realizzer\u00e0 sar\u00f2 felice per quei ragazzi e per quelli che come me, in quello stesso spazio, pi\u00f9 o meno quarant\u2019anni fa, hanno visto un gigantesco cane volare con in groppa un bambino felice\u00bb.<\/p>\n<p style=\"text-align: right;\"><strong>Fabio D\u2019Aprile<\/strong><\/p>\n","protected":false},"excerpt":{"rendered":"<p><img loading=\"lazy\" decoding=\"async\" src=\"https:\/\/live.staticflickr.com\/65535\/50146189812_2f1669d967_n.jpg\" alt=\"Lilli Susca\" width=\"320\" height=\"320\" \/><\/p>\n","protected":false},"author":1,"featured_media":0,"comment_status":"open","ping_status":"closed","sticky":false,"template":"","format":"standard","meta":{"colormag_page_container_layout":"default_layout","colormag_page_sidebar_layout":"default_layout","footnotes":""},"categories":[4],"tags":[],"class_list":["post-17770","post","type-post","status-publish","format-standard","hentry","category-politica"],"_links":{"self":[{"href":"https:\/\/archivioturi.lavocedelpaese.info\/index.php\/wp-json\/wp\/v2\/posts\/17770","targetHints":{"allow":["GET"]}}],"collection":[{"href":"https:\/\/archivioturi.lavocedelpaese.info\/index.php\/wp-json\/wp\/v2\/posts"}],"about":[{"href":"https:\/\/archivioturi.lavocedelpaese.info\/index.php\/wp-json\/wp\/v2\/types\/post"}],"author":[{"embeddable":true,"href":"https:\/\/archivioturi.lavocedelpaese.info\/index.php\/wp-json\/wp\/v2\/users\/1"}],"replies":[{"embeddable":true,"href":"https:\/\/archivioturi.lavocedelpaese.info\/index.php\/wp-json\/wp\/v2\/comments?post=17770"}],"version-history":[{"count":0,"href":"https:\/\/archivioturi.lavocedelpaese.info\/index.php\/wp-json\/wp\/v2\/posts\/17770\/revisions"}],"wp:attachment":[{"href":"https:\/\/archivioturi.lavocedelpaese.info\/index.php\/wp-json\/wp\/v2\/media?parent=17770"}],"wp:term":[{"taxonomy":"category","embeddable":true,"href":"https:\/\/archivioturi.lavocedelpaese.info\/index.php\/wp-json\/wp\/v2\/categories?post=17770"},{"taxonomy":"post_tag","embeddable":true,"href":"https:\/\/archivioturi.lavocedelpaese.info\/index.php\/wp-json\/wp\/v2\/tags?post=17770"}],"curies":[{"name":"wp","href":"https:\/\/api.w.org\/{rel}","templated":true}]}}