{"id":17766,"date":"2020-07-27T06:29:45","date_gmt":"2020-07-27T06:29:45","guid":{"rendered":"https:\/\/archivioturi.lavocedelpaese.info\/index.php\/2020\/07\/27\/gli-indipendenti-attaccano-il-sindaco\/"},"modified":"2020-07-27T06:29:45","modified_gmt":"2020-07-27T06:29:45","slug":"gli-indipendenti-attaccano-il-sindaco","status":"publish","type":"post","link":"https:\/\/archivioturi.lavocedelpaese.info\/index.php\/2020\/07\/27\/gli-indipendenti-attaccano-il-sindaco\/","title":{"rendered":"Gli indipendenti attaccano il sindaco"},"content":{"rendered":"<p><img loading=\"lazy\" decoding=\"async\" src=\"https:\/\/live.staticflickr.com\/65535\/50146184882_5ffff0cdba_n.jpg\" alt=\"indipendenti\" width=\"320\" height=\"180\" \/><\/p>\n<p style=\"text-align: center;\"><strong>In un documento politico il \u201cCoordinamento Civico\u201d critica duramente l\u2019operato del primo cittadino<\/strong><\/p>\n<p style=\"text-align: justify;\">Mentre siamo in chiusura del nostro settimanale, apprendiamo che nella serata di mercoled\u00ec 22 luglio, si \u00e8 tenuta una riunione politica cui hanno partecipato i tre partiti di centrodestra (Forza Italia, Fratelli d&#8217;Italia e Lega) e il \u201cCoordinamento Civico\u201d, ovvero il gruppo degli indipendenti costituito da Teresa De Carolis, Teresita De Florio, Fabio Topputi e Onofrio Resta.<\/p>\n<p style=\"text-align: justify;\">Oggetto originario del confronto avrebbe riguardato la valutazione sull\u2019opportunit\u00e0 di istituire la Presidenza del Consiglio; tuttavia, l\u2019incontro avrebbe assunto una piega inattesa: Fabio Topputi avrebbe presentato a nome del suo gruppo di riferimento un documento politico in cui si criticherebbe duramente l\u2019operato del sindaco.<\/p>\n<p style=\"text-align: justify;\">Varie le motivazioni che sarebbero state addotte in questo \u201cj\u2019accuse\u201d. Ad esempio, si parlerebbe di una mancata condivisione da parte del primo cittadino delle scelte prese; vale solo la pena ricordare che il \u201cCoordinamento Civico\u201d ha ben due rappresentanti in Giunta, uno dei quali riveste anche il ruolo di vicesindaco. Affermare che le scelte non siano \u201ccondivise\u201d, ci pare quantomeno ironico se non paradossale.<\/p>\n<p style=\"text-align: justify;\">Altra doglianza riguarderebbe i tempi di convocazione delle riunioni di Giunta, che avverrebbero pochi minuti prima e, dunque, non darebbero modo agli assessori di leggere gli atti. Se questa affermazione corrispondesse al vero, dovremmo concludere che Fabio Topputi e Teresa De Carolis, i due assessori in quota indipendente, avrebbero firmato \u201csenza leggere\u201d tutti i provvedimenti finora approvati. Tra l\u2019altro, ci risulta che le delibere siano a disposizione degli assessori almeno 24 ore prima della relativa riunione: non dovrebbe essere cos\u00ec complicato recarsi in Municipio in tempo utile per visionarle e approfondirle.<\/p>\n<p style=\"text-align: justify;\">Infine, a conclusione del documento, si ribadisce che permane il sostegno nei confronti del sindaco. E qui ci si accomoda nel finale di una farsa di second\u2019ordine: dopo aver condannato senza riserve le azioni del primo cittadino, appare ben oltre i limiti della coerenza rinnovare la propria fiducia. Soprattutto se si considera che la \u201cscenata\u201d \u00e8 stata fatta all\u2019interno di una riunione allargata e non in seno alla maggioranza, dove ci sarebbe stato tutto l\u2019agio possibile per fare sintesi e trovare un modo comune per superare le diversit\u00e0 di opinione.<\/p>\n<p style=\"text-align: justify;\">Come avrete notato, abbiamo dovuto far ricorso al condizionale. Difatti, abbiamo provato a contattare telefonicamente il capogruppo di maggioranza per raccogliere un resoconto dettagliato dell\u2019accaduto e dare pi\u00f9 consistenza alle informazioni trapelate; tuttavia, il prof. Resta ci ha risposto, per la verit\u00e0 abbastanza bruscamente, che \u201cnon era disponibile al momento\u201d. Attendiamo fiduciosi una sua comunicazione ufficiale.<\/p>\n<p style=\"text-align: justify;\">\u00c8 andata meglio con il primo cittadino Tina Resta che, con la consueta cordialit\u00e0, pur preferendo non entrare nei dettagli della vicenda, ha dichiarato di aver preso atto delle criticit\u00e0 esposte sul suo operato e si \u00e8 riservata di fare le conseguenti valutazioni.<\/p>\n<p style=\"text-align: justify;\">Per concludere, se volessimo azzardare quale sia la logica dietro questa improvvisa spaccatura, ci verrebbero in mente due opzioni: ci troviamo davanti alle proverbiali \u201cescandescenze\u201d del prof. Resta, innescate da chiss\u00e0 cosa; oppure, stiamo assistendo a un astuto gioco di scacchi. Se si ha il sentore che qualche assessore possa essere sfiduciato a seguito di una verifica dei risultati prodotti in un anno di amministrazione, forse \u00e8 meglio muovere per primi il \u201cpedone\u201d, sperando che la \u201cregina\u201d opti per giocare in difesa. Tuttavia, se in questo anno abbiamo imparato qualcosa del modo di amministrare del sindaco Tina Resta, temiamo che la strategia degli indipendenti sia inesorabilmente destinata a fallire o, peggio, si potrebbe trasformare in un boomerang.<\/p>\n<p style=\"text-align: right;\"><strong>Fabio D\u2019Aprile<\/strong><\/p>\n","protected":false},"excerpt":{"rendered":"<p><img loading=\"lazy\" decoding=\"async\" src=\"https:\/\/live.staticflickr.com\/65535\/50146184882_5ffff0cdba_n.jpg\" alt=\"indipendenti\" width=\"320\" height=\"180\" \/><\/p>\n","protected":false},"author":1,"featured_media":0,"comment_status":"open","ping_status":"closed","sticky":false,"template":"","format":"standard","meta":{"colormag_page_container_layout":"default_layout","colormag_page_sidebar_layout":"default_layout","footnotes":""},"categories":[4],"tags":[],"class_list":["post-17766","post","type-post","status-publish","format-standard","hentry","category-politica"],"_links":{"self":[{"href":"https:\/\/archivioturi.lavocedelpaese.info\/index.php\/wp-json\/wp\/v2\/posts\/17766","targetHints":{"allow":["GET"]}}],"collection":[{"href":"https:\/\/archivioturi.lavocedelpaese.info\/index.php\/wp-json\/wp\/v2\/posts"}],"about":[{"href":"https:\/\/archivioturi.lavocedelpaese.info\/index.php\/wp-json\/wp\/v2\/types\/post"}],"author":[{"embeddable":true,"href":"https:\/\/archivioturi.lavocedelpaese.info\/index.php\/wp-json\/wp\/v2\/users\/1"}],"replies":[{"embeddable":true,"href":"https:\/\/archivioturi.lavocedelpaese.info\/index.php\/wp-json\/wp\/v2\/comments?post=17766"}],"version-history":[{"count":0,"href":"https:\/\/archivioturi.lavocedelpaese.info\/index.php\/wp-json\/wp\/v2\/posts\/17766\/revisions"}],"wp:attachment":[{"href":"https:\/\/archivioturi.lavocedelpaese.info\/index.php\/wp-json\/wp\/v2\/media?parent=17766"}],"wp:term":[{"taxonomy":"category","embeddable":true,"href":"https:\/\/archivioturi.lavocedelpaese.info\/index.php\/wp-json\/wp\/v2\/categories?post=17766"},{"taxonomy":"post_tag","embeddable":true,"href":"https:\/\/archivioturi.lavocedelpaese.info\/index.php\/wp-json\/wp\/v2\/tags?post=17766"}],"curies":[{"name":"wp","href":"https:\/\/api.w.org\/{rel}","templated":true}]}}