{"id":17756,"date":"2020-07-22T06:32:16","date_gmt":"2020-07-22T06:32:16","guid":{"rendered":"https:\/\/archivioturi.lavocedelpaese.info\/index.php\/2020\/07\/22\/festa-di-santoronzo-lavori-in-corso\/"},"modified":"2020-07-22T06:32:16","modified_gmt":"2020-07-22T06:32:16","slug":"festa-di-santoronzo-lavori-in-corso","status":"publish","type":"post","link":"https:\/\/archivioturi.lavocedelpaese.info\/index.php\/2020\/07\/22\/festa-di-santoronzo-lavori-in-corso\/","title":{"rendered":"Festa di Sant\u2019Oronzo, lavori in corso"},"content":{"rendered":"<p><img loading=\"lazy\" decoding=\"async\" src=\"https:\/\/live.staticflickr.com\/65535\/50121141942_120804a6ed_n.jpg\" alt=\"Il Comitato Festa Patronale - agosto  2019\" width=\"320\" height=\"213\" \/><\/p>\n<p style=\"text-align: center;\"><strong>Il presidente Livio Lerede anticipa alcune decisioni maturate sul programma dei festeggiamenti religiosi<\/strong><\/p>\n<p style=\"text-align: justify;\">A un mese dall\u2019inizio dei festeggiamenti in onore di Sant\u2019Oronzo, abbiamo ascoltato Livio Lerede, presidente del Comitato Festa Patronale, chiamato nel suo secondo anno di reggenza a confrontarsi con una situazione nient\u2019affatto semplice.<\/p>\n<p style=\"text-align: justify;\">Se da un lato la Regione, allentando responsabilmente le misure anti Covid-19, porge una mano al variegato mondo che ruota attorno a Sagre e Feste Patronali; dall\u2019altro la Conferenza Episcopale Pugliese continua a mantenere una \u201clinea dura\u201d, ribadendo che bisogner\u00e0 limitarsi alle celebrazioni liturgiche, senza alcuno spazio per quelle civili. Inoltre, nell\u2019ambito stesso dei festeggiamenti religiosi, vengono fissati rigidi paletti e stringenti raccomandazioni: non \u00e8 possibile, infatti, organizzare processioni, trasferimenti pubblici di immagini sacre, fiaccolate o momenti di preghiera che favoriscano assembramento.<\/p>\n<p style=\"text-align: justify;\">\u00abRispetto il punto di vista dei Vescovi pugliesi \u2013 aveva commentato qualche settimana fa sulle nostre colonne il Presidente Lerede \u2013 ma temo che questa posizione di chiusura aprioristica rischi di non tenere conto dei tanti professionisti che per decine di anni hanno contribuito a rendere famosa la Puglia, portando in giro per il mondo la sua tradizione folkloristica e cultuale. Bande, giostrai, ditte di illuminazione e fuochi pirotecnici, sono solo alcune delle categorie di lavoratori che vivono dell\u2019indotto delle Festa Patronali e che non possono essere abbandonati al loro destino. Oggi deve prevalere un atteggiamento costruttivo, per questo ritengo pi\u00f9 giusto attendere l\u2019evolvere della situazione sanitaria e decidere il da farsi. Si pu\u00f2 lavorare a manifestazioni pi\u00f9 sobrie che, pur tenendo conto delle difficolt\u00e0 economiche che tutti stiamo vivendo, mantengano vivo il fulcro della tradizione\u00bb.<\/p>\n<p style=\"text-align: justify;\"><b>QUALCHE ANTICIPAZIONE<\/b><\/p>\n<p style=\"text-align: justify;\">Un quadro arduo, dicevamo; uno slalom tra divieti &#8211; a volte poco aderenti alla realt\u00e0 delle cose &#8211; che tuttavia non ha spento l\u2019entusiasmo e la devozione di Livio Lerede e della sua squadra, che si dicono \u00abpronti ad adoperarsi al meglio per fare il massimo consentito dalle leggi\u00bb.<\/p>\n<p style=\"text-align: justify;\">\u00abSono in corso colloqui costanti con Don Giovanni Amodio e il sindaco Tina Resta \u2013 dichiara il Presidente Lerede \u2013 per comprendere i margini d\u2019azione che ci saranno concessi per celebrare degnamente il nostro Santo Protettore. Al momento, abbiamo abbozzato un programma di massima per i festeggiamenti religiosi\u00bb.<\/p>\n<p style=\"text-align: justify;\">\u00abDal 15 al 26 agosto \u2013 ci anticipa \u2013 ogni giorno si svolger\u00e0 una santa messa organizzata all\u2019aperto nel rispetto della distanza sociale. La celebrazione liturgica del 15 agosto, che scandisce l\u2019inizio della Sacra Undena, sar\u00e0 officiata in piazza Silvio Orlandi; stessa location anche per il Pontificale del 26 agosto, presieduto dal Vescovo Mons. Giuseppe Favale\u00bb.<\/p>\n<p style=\"text-align: justify;\">Quanto alle processioni rionali, che avevano segnato la \u201crivoluzione\u201d della \u2018festa granne\u2019 dello scorso anno, verranno \u201csostituite\u201d con \u00abmesse celebrate alla presenza del mezzo busto di Sant\u2019Oronzo nelle zone periferiche del paese, anche in quelle che, per motivi logistici, non si \u00e8 riusciti a toccare prima. Invece, la tradizionale messa serale del 25 agosto e quella mattutina del 26 si svolgeranno presso il Cimitero\u00bb.<\/p>\n<p style=\"text-align: justify;\">Infine, una comprensibile aurea di mistero avvolge il ruolo che giocher\u00e0 il Carro Trionfale \u2013 che ci rassicurano necessitare solo della normale manutenzione, eseguita ogni anno. Siamo certi che, anche in questo caso, le sorprese non mancheranno.<\/p>\n<p align=\"right\"><b>Fabio D\u2019Aprile<\/b><\/p>\n","protected":false},"excerpt":{"rendered":"<p><img loading=\"lazy\" decoding=\"async\" src=\"https:\/\/live.staticflickr.com\/65535\/50121141942_120804a6ed_n.jpg\" alt=\"Il Comitato Festa Patronale - agosto  2019\" width=\"320\" height=\"213\" \/><\/p>\n","protected":false},"author":1,"featured_media":0,"comment_status":"open","ping_status":"closed","sticky":false,"template":"","format":"standard","meta":{"colormag_page_container_layout":"default_layout","colormag_page_sidebar_layout":"default_layout","footnotes":""},"categories":[6],"tags":[],"class_list":["post-17756","post","type-post","status-publish","format-standard","hentry","category-cultura"],"_links":{"self":[{"href":"https:\/\/archivioturi.lavocedelpaese.info\/index.php\/wp-json\/wp\/v2\/posts\/17756","targetHints":{"allow":["GET"]}}],"collection":[{"href":"https:\/\/archivioturi.lavocedelpaese.info\/index.php\/wp-json\/wp\/v2\/posts"}],"about":[{"href":"https:\/\/archivioturi.lavocedelpaese.info\/index.php\/wp-json\/wp\/v2\/types\/post"}],"author":[{"embeddable":true,"href":"https:\/\/archivioturi.lavocedelpaese.info\/index.php\/wp-json\/wp\/v2\/users\/1"}],"replies":[{"embeddable":true,"href":"https:\/\/archivioturi.lavocedelpaese.info\/index.php\/wp-json\/wp\/v2\/comments?post=17756"}],"version-history":[{"count":0,"href":"https:\/\/archivioturi.lavocedelpaese.info\/index.php\/wp-json\/wp\/v2\/posts\/17756\/revisions"}],"wp:attachment":[{"href":"https:\/\/archivioturi.lavocedelpaese.info\/index.php\/wp-json\/wp\/v2\/media?parent=17756"}],"wp:term":[{"taxonomy":"category","embeddable":true,"href":"https:\/\/archivioturi.lavocedelpaese.info\/index.php\/wp-json\/wp\/v2\/categories?post=17756"},{"taxonomy":"post_tag","embeddable":true,"href":"https:\/\/archivioturi.lavocedelpaese.info\/index.php\/wp-json\/wp\/v2\/tags?post=17756"}],"curies":[{"name":"wp","href":"https:\/\/api.w.org\/{rel}","templated":true}]}}