{"id":17754,"date":"2020-07-21T08:57:10","date_gmt":"2020-07-21T08:57:10","guid":{"rendered":"https:\/\/archivioturi.lavocedelpaese.info\/index.php\/2020\/07\/21\/aiutiamo-il-cane-della-lidl\/"},"modified":"2020-07-21T08:57:10","modified_gmt":"2020-07-21T08:57:10","slug":"aiutiamo-il-cane-della-lidl","status":"publish","type":"post","link":"https:\/\/archivioturi.lavocedelpaese.info\/index.php\/2020\/07\/21\/aiutiamo-il-cane-della-lidl\/","title":{"rendered":"Aiutiamo il \u201ccane della Lidl\u201d"},"content":{"rendered":"<p><img loading=\"lazy\" decoding=\"async\" src=\"https:\/\/live.staticflickr.com\/65535\/50121141062_d479a687a6_n.jpg\" alt=\"cane lidl\" width=\"319\" height=\"320\" \/><\/p>\n<p style=\"text-align: center;\"><strong>Il canile di Turi chiede aiuto ai cittadini per pagare le spese di ricovero e i farmaci; ed intanto non mancano le polemiche<\/strong><\/p>\n<p style=\"text-align: justify;\">\u00abQuante volte ci \u00e8 stato chiesto, anche per vie ufficiali, di \u201cmettere in canile\u201d i famosi cani di un altrettanto famoso supermercato, un branco ipernutrito e ingrossato dagli avventori, che uscendo dal supermercato, sentivano la necessit\u00e0 di nutrire i cani con w\u00fcrstel, vaschette di cibo per cani, salumi, pane, senza capire il danno prodotto, rendendo stabili in un luogo non idoneo e sempre pi\u00f9 numerosi quei randagi. Quanta fatica per sterilizzare le femmine, far adottare i cuccioli pi\u00f9 socievoli, quanto tempo e strategie per allontanarli e renderli stanziali in aperta campagna. Per fortuna il lavoro \u00e8 stato premiato e adesso raramente si vedono cani al parcheggio. Tranne lui. Lui \u00e8 tornato nel luogo dove forse si \u00e8 sentito sicuro, appagato. Cercava aiuto, ormai allo stremo delle forze. Non si poteva lasciarlo spegnere pian piano, abbiamo scelto di aiutarlo. Il Comune di Turi al momento si sta prodigando per trovare una convenzione ed \u00e8 solo per questo che chiediamo il vostro aiuto\u00bb. L\u2019appello in questione \u00e8 stato postato alcuni giorni fa sulla pagina Facebook \u201cBau Bau Turi Canile di Turi\u201d. <\/p>\n<p> <b>UNA RICHIESTA D\u2019AIUTO<\/b><\/p>\n<p style=\"text-align: justify;\">\u00abAbbiamo ricoverato il giovane cane e stiamo aspettando i risultati delle analisi. Nel frattempo \u00e8 stato messo in flebo e gli sono stati somministrati antibiotici. Chi vuole aiutarci pu\u00f2 fare una piccola donazione per pagare le spese di ricovero e i farmaci, sperando che sia curabile e possa tornare presto in libert\u00e0. Grazie. IBAN: IT 87 R 08503 41461 0070 00000 844. Intestato a ASSOCIAZIONE AMICI DEGLI ANIMALI C\/O CREDITO COOPERATIVO CONVERSANO BARI. Si prega di specificare la causale, ovvero \u201cper ricovero cane della Lidl\u201d\u00bb \u2013 concludono le volontarie del canile turese.<\/p>\n<p> <b>ED ECCO LE POLEMICHE\u2026<\/b><\/p>\n<p style=\"text-align: justify;\">Come praticamente accade in qualsiasi interazione social, non sono mancate anche in questo caso le polemiche e le diatribe. Nel calderone ritroviamo anche la consigliera Imma Bianco che, tra i commenti sottostanti al post, ha voluto chiarire alcuni punti e la propria posizione:<\/p>\n<p style=\"text-align: justify;\">\u00abIn qualit\u00e0 di consigliera comunale del Comune di Turi, trovo davvero poco corretto il post, nel quale tengo a precisare che una convenzione con i veterinari del Comune c&#8217;\u00e8, che sai benissimo \u2013 rivolgendosi all\u2019autrice del post \u2013 &nbsp;quale procedura bisogna adottare nel momento in cui si ritrova un un&#8217;animale ferito sul territorio di Turi e che \u00e8 quella di chiamare il Comando dei Vigili urbani, ai quali al momento della chiamata bisogna rilasciare i propri dati anagrafici, aspettare sul luogo l&#8217;arrivo della pattuglia la quale costater\u00e0 che l&#8217;animale ha bisogno di cure e contatter\u00e0 di seguito i veterinari. Come ben sai, il giorno 07\/06\/2020, io stessa ho segnalato ai vigili che tale cane non mostrava buone condizioni di salute e i vigili hanno fatto intervenire sul posto ben 2 veterinari: il primo era impossibilitato a ricoverarlo, il secondo era disponibile al ricovero, ma dichiarava di non essere attrezzato al fine di poterlo accalappiare: il cane in quel momento stesso, si \u00e8 alzato, ha saltato un muretto e si \u00e8 rifugiato nella campagna di fronte al supermercato Lidl. La veterinaria ha chiesto ai vigili di contattare il Servizio Veterinario dell&#8217;ASL. I vigili hanno subito trasmesso PEC di richiesta di intervento al Servizio Veterinario per poter procedere ad accalappiare il cane e, contemporaneamente alla PEC, si allertava telefonicamente il medico ASL reperibile e il tecnico di prevenzione. Le autorit\u00e0, insieme al veterinario arrivato dopo circa 1 ora, hanno ispezionato tutta la zona, compresa la campagna di fronte, ma del cane non c&#8217;era pi\u00f9 traccia. Questo \u00e8 l&#8217;iter da seguire anche con una convenzione con le cliniche veterinarie che come ben sai ho chiesto al mio capo settore di fare urgentemente. Trovo ancora pi\u00f9 inappropriato il commento di *** \u2013 omettiamo il nome \u2013 che non essendo a conoscenza dei fatti offende gratuitamente [\u2026]. Prima di essere amministratori di questo Comune, siamo Uomini e Donne che di tasca loro hanno contribuito ad alcune spese. Detto questo, spero che sia chiara la giusta procedura da seguire nel momento in cui c&#8217;\u00e8 bisogno di soccorrere un animale che appartiene al territorio di Turi\u00bb.&nbsp;<\/p>\n<p align=\"right\"><b>LEONARDO FLORIO <\/b><\/p>\n","protected":false},"excerpt":{"rendered":"<p><img loading=\"lazy\" decoding=\"async\" src=\"https:\/\/live.staticflickr.com\/65535\/50121141062_d479a687a6_n.jpg\" alt=\"cane lidl\" width=\"319\" height=\"320\" \/><\/p>\n","protected":false},"author":1,"featured_media":0,"comment_status":"open","ping_status":"closed","sticky":false,"template":"","format":"standard","meta":{"colormag_page_container_layout":"default_layout","colormag_page_sidebar_layout":"default_layout","footnotes":""},"categories":[7],"tags":[],"class_list":["post-17754","post","type-post","status-publish","format-standard","hentry","category-attualita"],"_links":{"self":[{"href":"https:\/\/archivioturi.lavocedelpaese.info\/index.php\/wp-json\/wp\/v2\/posts\/17754","targetHints":{"allow":["GET"]}}],"collection":[{"href":"https:\/\/archivioturi.lavocedelpaese.info\/index.php\/wp-json\/wp\/v2\/posts"}],"about":[{"href":"https:\/\/archivioturi.lavocedelpaese.info\/index.php\/wp-json\/wp\/v2\/types\/post"}],"author":[{"embeddable":true,"href":"https:\/\/archivioturi.lavocedelpaese.info\/index.php\/wp-json\/wp\/v2\/users\/1"}],"replies":[{"embeddable":true,"href":"https:\/\/archivioturi.lavocedelpaese.info\/index.php\/wp-json\/wp\/v2\/comments?post=17754"}],"version-history":[{"count":0,"href":"https:\/\/archivioturi.lavocedelpaese.info\/index.php\/wp-json\/wp\/v2\/posts\/17754\/revisions"}],"wp:attachment":[{"href":"https:\/\/archivioturi.lavocedelpaese.info\/index.php\/wp-json\/wp\/v2\/media?parent=17754"}],"wp:term":[{"taxonomy":"category","embeddable":true,"href":"https:\/\/archivioturi.lavocedelpaese.info\/index.php\/wp-json\/wp\/v2\/categories?post=17754"},{"taxonomy":"post_tag","embeddable":true,"href":"https:\/\/archivioturi.lavocedelpaese.info\/index.php\/wp-json\/wp\/v2\/tags?post=17754"}],"curies":[{"name":"wp","href":"https:\/\/api.w.org\/{rel}","templated":true}]}}