{"id":17753,"date":"2020-07-21T06:35:36","date_gmt":"2020-07-21T06:35:36","guid":{"rendered":"https:\/\/archivioturi.lavocedelpaese.info\/index.php\/2020\/07\/21\/pubblica-illuminazione-maggioranza-e-opposizione-a-confronto\/"},"modified":"2020-07-21T06:35:36","modified_gmt":"2020-07-21T06:35:36","slug":"pubblica-illuminazione-maggioranza-e-opposizione-a-confronto","status":"publish","type":"post","link":"https:\/\/archivioturi.lavocedelpaese.info\/index.php\/2020\/07\/21\/pubblica-illuminazione-maggioranza-e-opposizione-a-confronto\/","title":{"rendered":"Pubblica Illuminazione, maggioranza e opposizione a confronto"},"content":{"rendered":"<p><img loading=\"lazy\" decoding=\"async\" src=\"https:\/\/live.staticflickr.com\/65535\/50120349993_e156dbcff6_n.jpg\" alt=\"Stefano Dell'Aera\" width=\"320\" height=\"282\" \/><\/p>\n<p align=\"center\"><strong>Stefano Dell\u2019Aera: \u201cNon ci sono formule alternative al project financing che siano altrettanto valide e celeri\u201d<\/strong><\/p>\n<p style=\"text-align: justify;\">Marted\u00ec 14 luglio, l\u2019Amministrazione ha convocato una \u201criunione allargata\u201d alle forze di minoranza con lo scopo di delineare le tappe che hanno spinto la maggioranza a scegliere il project financing come carta vincente per la messa in sicurezza e l\u2019efficientamento della pubblica illuminazione, un provvedimento non pi\u00f9 procrastinabile.<\/p>\n<p style=\"text-align: justify;\">All\u2019incontro, ospitato nella Sala consiliare, hanno preso parte il sindaco Tina Resta, l\u2019assessore ai Lavori Pubblici, Stefano Dell\u2019Aera, l\u2019assessore al Bilancio, Graziano Gigantelli, il capogruppo di maggioranza, Onofrio Resta, e vari consiglieri delegati, tra cui Imma Bianco, Teresita De Florio, Leo Girolamo e Lanfranco Netti. Per l\u2019opposizione erano presenti Angelo Palmisano, Sergio Spinelli, Lilli Susca e Giannalisa Zaccheo, le cui osservazioni sulla validit\u00e0 della riunione sono raccolte nelle pagine a seguire.<\/p>\n<p style=\"text-align: justify;\">A fare il punto sullo stato di avanzamento del percorso amministrativo, che sfocer\u00e0 nell\u2019indizione del bando di gara, ha provveduto l\u2019assessore Stefano Dell\u2019Aera, che ha accettato di rispondere alle nostre domande per chiarire la prospettiva e gli intenti della maggioranza.<\/p>\n<p style=\"text-align: justify;\"><b>Il motivo per cui \u00e8 stata convocata questa riunione?<\/b><\/p>\n<p style=\"text-align: justify;\">\u00abI consiglieri di minoranza hanno chiesto un tavolo tecnico sull\u2019argomento e noi ci siamo resi disponibili. A memoria politica di Turi non mi risulta che le Amministrazioni precedenti abbiano mai coinvolto le opposizioni nelle scelte, tranne che nei canonici Consigli comunali. Il nostro obiettivo principale, che non dobbiamo perdere di vista, \u00e8 la sistemazione di un impianto molto vecchio e se queste scelte sono condivise da tutti non pu\u00f2 che essere un bene. Non possiamo tollerare pi\u00f9 quartieri completamente al buio e pali che cadono con grandi rischi sul piano della sicurezza per i cittadini. Nelle ultime settimane sono stati tolti 50 pali pericolanti analizzati attraverso le sonde, a dimostrazione che non si pu\u00f2 aspettare pi\u00f9\u00bb.<\/p>\n<p style=\"text-align: justify;\"><b>Prima di optare per il project financing avete valutato gli altri strumenti disponibili?<\/b><\/p>\n<p style=\"text-align: justify;\">\u00abIl legislatore con l\u2019art. 183 del Codice degli Appalti, istituisce e disciplina la formula del \u201cprogetto di finanza\u201d come strumento idoneo alla realizzazione di opere di pubblico interesse con l\u2019apporto di un privato che si candida quale finanziatore, realizzatore e gestore dell&#8217;opera e\/o dei servizi. In alternativa l\u2019Ente avrebbe potuto aderire all\u2019Accordo quadro Consip, oppure intervenire con un mutuo. Attualmente non ci sono convenzioni Consip attive. Nonostante ci\u00f2, abbiamo analizzato l\u2019attuale proposta del project con l\u2019accordo Consip precedente: dal confronto \u00e8 emerso che il progetto preliminare presentato include attivit\u00e0 non previste dalle convenzioni Consip. La soluzione del mutuo, invece, \u00e8 strettamente legata ai tempi di una progettazione esecutiva di oltre 2 milioni e mezzo e alla capacit\u00e0 di indebitamento dell\u2019Ente. Nella programmazione pi\u00f9 ampia dei lavori pubblici l\u2019Amministrazione intende utilizzare questo strumento per altri interventi altrettanto urgenti, come per esempio il Cimitero.<\/p>\n<p style=\"text-align: justify;\">Non ci sono ulteriori formule che permettano all\u2019Ente di fare un investimento di questa portata in tempi relativamente celeri. Basta analizzare il solo progetto \u201cSmart City\u201d. Dall\u2019affidamento della progettazione all\u2019approvazione del progetto esecutivo \u00e8 trascorso un anno. Inoltre, l\u2019importo dell\u2019intervento \u00e8 di circa 700 mila euro per la sostituzione di 200 lampade (bench\u00e9 di tipo artistico) e il rifacimento di un quadro elettrico. Il project proposto prevede lavori per 2 milioni e mezzo con la sostituzione di 1861 corpi illuminanti, la sostituzione di 130 pali pericolanti e l\u2019installazione di altri nuovi 100 pali, il rifacimento e la realizzazione di linee aeree, l\u2019installazione di nuovi 13 quadri elettrici oltre ad altre migliorie. Stiamo utilizzando uno strumento legittimo che ci mette a disposizione la legge, con costi che risultano congrui con il mercato\u00bb.<\/p>\n<p style=\"text-align: justify;\"><b>Non la preoccupa impegnare l\u2019Amministrazione in un appalto della durata di vent\u2019anni?<\/b><\/p>\n<p style=\"text-align: justify;\">\u00abLa scelta \u00e8 stata ponderata. Di fronte ad un Paese spesso al buio, con grandi criticit\u00e0 di sicurezza sull\u2019impianto ormai vetusto non possiamo aspettare ancora. Quello che \u00e8 importante \u00e8 dare delle risposte celeri ai cittadini, nell\u2019interesse dell\u2019Ente. Questo percorso va in questa direzione. Si parla di project financing ormai da pi\u00f9 di 8 anni, ma nessuno ha avuto la determinazione di perseguire questo obiettivo. In ogni caso, per tutta la durata della concessione, vigiler\u00e0 un direttore esecutivo affinch\u00e9 vengano rispettate tutte le clausole della concessione, con puntuale verifica\u00bb.<\/p>\n<p style=\"text-align: justify;\"><b>Nella stesura delle linee guida del bando di gara ci sar\u00e0 spazio per raccogliere i suggerimenti della minoranza?<\/b><\/p>\n<p style=\"text-align: justify;\">\u00abChiaramente la politica non deve interferire con le scelte tecniche e gestionali e questo lo dice la norma. Ovviamente, \u00e8 interesse dell\u2019Amministrazione raggiungere un risultato che sia il pi\u00f9 confacente alle necessit\u00e0 del nostro territorio nella massima economia e trasparenza. Pertanto, se i suggerimenti andranno in questa direzione, saranno accolti dalla maggioranza e di conseguenza valutati dagli uffici\u00bb.<\/p>\n<p align=\"right\"><b>FD<\/b><\/p>\n","protected":false},"excerpt":{"rendered":"<p><img loading=\"lazy\" decoding=\"async\" src=\"https:\/\/live.staticflickr.com\/65535\/50120349993_e156dbcff6_n.jpg\" alt=\"Stefano Dell'Aera\" width=\"320\" height=\"282\" \/><\/p>\n","protected":false},"author":1,"featured_media":0,"comment_status":"open","ping_status":"closed","sticky":false,"template":"","format":"standard","meta":{"colormag_page_container_layout":"default_layout","colormag_page_sidebar_layout":"default_layout","footnotes":""},"categories":[4],"tags":[],"class_list":["post-17753","post","type-post","status-publish","format-standard","hentry","category-politica"],"_links":{"self":[{"href":"https:\/\/archivioturi.lavocedelpaese.info\/index.php\/wp-json\/wp\/v2\/posts\/17753","targetHints":{"allow":["GET"]}}],"collection":[{"href":"https:\/\/archivioturi.lavocedelpaese.info\/index.php\/wp-json\/wp\/v2\/posts"}],"about":[{"href":"https:\/\/archivioturi.lavocedelpaese.info\/index.php\/wp-json\/wp\/v2\/types\/post"}],"author":[{"embeddable":true,"href":"https:\/\/archivioturi.lavocedelpaese.info\/index.php\/wp-json\/wp\/v2\/users\/1"}],"replies":[{"embeddable":true,"href":"https:\/\/archivioturi.lavocedelpaese.info\/index.php\/wp-json\/wp\/v2\/comments?post=17753"}],"version-history":[{"count":0,"href":"https:\/\/archivioturi.lavocedelpaese.info\/index.php\/wp-json\/wp\/v2\/posts\/17753\/revisions"}],"wp:attachment":[{"href":"https:\/\/archivioturi.lavocedelpaese.info\/index.php\/wp-json\/wp\/v2\/media?parent=17753"}],"wp:term":[{"taxonomy":"category","embeddable":true,"href":"https:\/\/archivioturi.lavocedelpaese.info\/index.php\/wp-json\/wp\/v2\/categories?post=17753"},{"taxonomy":"post_tag","embeddable":true,"href":"https:\/\/archivioturi.lavocedelpaese.info\/index.php\/wp-json\/wp\/v2\/tags?post=17753"}],"curies":[{"name":"wp","href":"https:\/\/api.w.org\/{rel}","templated":true}]}}