{"id":17744,"date":"2020-07-15T08:19:00","date_gmt":"2020-07-15T08:19:00","guid":{"rendered":"https:\/\/archivioturi.lavocedelpaese.info\/index.php\/2020\/07\/15\/coronavirus-lue-si-congratula-con-il-marocco-abbinante-orgoglioso\/"},"modified":"2020-07-15T08:19:00","modified_gmt":"2020-07-15T08:19:00","slug":"coronavirus-lue-si-congratula-con-il-marocco-abbinante-orgoglioso","status":"publish","type":"post","link":"https:\/\/archivioturi.lavocedelpaese.info\/index.php\/2020\/07\/15\/coronavirus-lue-si-congratula-con-il-marocco-abbinante-orgoglioso\/","title":{"rendered":"Coronavirus: l&#8217;UE si congratula con il Marocco. Abbinante orgoglioso"},"content":{"rendered":"<p><a data-flickr-embed=\"true\" href=\"https:\/\/www.flickr.com\/photos\/184752021@N05\/49952995652\/in\/dateposted-public\/\" title=\"49097083716_10eb8ac6c9_z\" marked=\"1\"><img loading=\"lazy\" decoding=\"async\" src=\"https:\/\/live.staticflickr.com\/65535\/49952995652_76fab8904b_m.jpg\" alt=\"49097083716_10eb8ac6c9_z\" width=\"320\" height=\"150\" \/><\/a><\/p>\n<p style=\"text-align: justify;\">La Commissione Europea si \u00e8 congratulata con il Marocco per la gestione esemplare attuata dal Marocco nel contesto della crisi sanitaria causata dal Covid-19.&nbsp;<\/p>\n<p style=\"text-align: justify;\">\u201cIl Marocco non \u00e8 solo un vicino immediato, ma anche un partner stabile e affidabile che ha agito rapidamente per contenere la diffusione della pandemia di Covid-19?, ha affermato Oliver Varhelyi, Commissario Europeo per il Vicinato. \u201cIn questo contesto e utilizzando la flessibilit\u00e0 offerta dalle norme di bilancio esistenti, la Commissione ha deciso di reindirizzare 450 milioni di euro di fondi gi\u00e0 assegnati al Marocco per rispondere alle esigenze di emergenza a breve termine, nonch\u00e9 dei possibili impatti sulla societ\u00e0 e l\u2019economia marocchina\u201d, ha affermato il commissario europeo in risposta a una questione di un deputato europeo sull\u2019opportunit\u00e0 di questo sostegno al Regno Marocchino. Il funzionario europeo ha spiegato che la Commissione europea sta dimostrando solidariet\u00e0 con il resto del mondo per combattere la pandemia di Covid-19, &#8220;perch\u00e9 la battaglia per sconfiggere il virus internamente pu\u00f2 avere successo solo se il virus viene sconfitto nel mondo&#8221;.&nbsp;<\/p>\n<p style=\"text-align: justify;\">Inoltre, ha aggiunto Varhelyi, &#8220;una risposta europea forte e globale consiste nel coltivare i valori fondamentali dell\u2019UE, nonch\u00e9 il consolidamento dei suoi interessi strategici&#8221;, aggiungendo che &#8220;questo \u00e8 particolarmente vero quando parliamo del vicinato europeo in cui il Marocco \u00e8 un partner stabile e affidabile&#8221;.<\/p>\n<p style=\"text-align: justify;\">Soddisfazione del Console onorario del Regno del Marocco in Puglia, Vincenzo Abbinante&nbsp;<em>(nella foto)<\/em> che ha sottolineato l&#8217;ennesimo, ottimo risultato della politica di riforme e ammodernamento dello Stato voluta dal re<strong>&nbsp;<\/strong>Mohammed VI.<strong><br \/><\/strong><\/p>\n","protected":false},"excerpt":{"rendered":"<p><a data-flickr-embed=\"true\" href=\"https:\/\/www.flickr.com\/photos\/184752021@N05\/49952995652\/in\/dateposted-public\/\" title=\"49097083716_10eb8ac6c9_z\" marked=\"1\"><img loading=\"lazy\" decoding=\"async\" src=\"https:\/\/live.staticflickr.com\/65535\/49952995652_76fab8904b_m.jpg\" alt=\"49097083716_10eb8ac6c9_z\" width=\"320\" height=\"150\" \/><\/a><\/p>\n","protected":false},"author":1,"featured_media":0,"comment_status":"open","ping_status":"closed","sticky":false,"template":"","format":"standard","meta":{"colormag_page_container_layout":"default_layout","colormag_page_sidebar_layout":"default_layout","footnotes":""},"categories":[7],"tags":[],"class_list":["post-17744","post","type-post","status-publish","format-standard","hentry","category-attualita"],"_links":{"self":[{"href":"https:\/\/archivioturi.lavocedelpaese.info\/index.php\/wp-json\/wp\/v2\/posts\/17744","targetHints":{"allow":["GET"]}}],"collection":[{"href":"https:\/\/archivioturi.lavocedelpaese.info\/index.php\/wp-json\/wp\/v2\/posts"}],"about":[{"href":"https:\/\/archivioturi.lavocedelpaese.info\/index.php\/wp-json\/wp\/v2\/types\/post"}],"author":[{"embeddable":true,"href":"https:\/\/archivioturi.lavocedelpaese.info\/index.php\/wp-json\/wp\/v2\/users\/1"}],"replies":[{"embeddable":true,"href":"https:\/\/archivioturi.lavocedelpaese.info\/index.php\/wp-json\/wp\/v2\/comments?post=17744"}],"version-history":[{"count":0,"href":"https:\/\/archivioturi.lavocedelpaese.info\/index.php\/wp-json\/wp\/v2\/posts\/17744\/revisions"}],"wp:attachment":[{"href":"https:\/\/archivioturi.lavocedelpaese.info\/index.php\/wp-json\/wp\/v2\/media?parent=17744"}],"wp:term":[{"taxonomy":"category","embeddable":true,"href":"https:\/\/archivioturi.lavocedelpaese.info\/index.php\/wp-json\/wp\/v2\/categories?post=17744"},{"taxonomy":"post_tag","embeddable":true,"href":"https:\/\/archivioturi.lavocedelpaese.info\/index.php\/wp-json\/wp\/v2\/tags?post=17744"}],"curies":[{"name":"wp","href":"https:\/\/api.w.org\/{rel}","templated":true}]}}