{"id":17726,"date":"2020-07-09T06:33:43","date_gmt":"2020-07-09T06:33:43","guid":{"rendered":"https:\/\/archivioturi.lavocedelpaese.info\/index.php\/2020\/07\/09\/mappare-turi-e-una-priorita\/"},"modified":"2020-07-09T06:33:43","modified_gmt":"2020-07-09T06:33:43","slug":"mappare-turi-e-una-priorita","status":"publish","type":"post","link":"https:\/\/archivioturi.lavocedelpaese.info\/index.php\/2020\/07\/09\/mappare-turi-e-una-priorita\/","title":{"rendered":"\u201cMappare Turi \u00e8 una priorit\u00e0\u201d"},"content":{"rendered":"<p><img loading=\"lazy\" decoding=\"async\" src=\"https:\/\/live.staticflickr.com\/65535\/50073587182_dfd8267ee5_n.jpg\" alt=\"Il sindaco Tina Resta\" width=\"310\" height=\"320\" \/><\/p>\n<p style=\"text-align: center;\"><strong>Il sindaco Resta sposta la discussione sulla necessit\u00e0 di cambiare metodo di lavoro<\/strong><\/p>\n<p style=\"text-align: justify;\">Illustrato il fondo contenzioso, costituito da tre liti giudiziarie risalenti agli anni tra il 1983 e il 2016, prende la parola il sindaco Tina Resta spostando la discussione su una questione di metodo: \u00abCi\u00f2 che pi\u00f9 \u00e8 balzato agli occhi in questi mesi \u00e8 la carenza di dati a disposizione degli Uffici. Ad esempio, oggi non conosciamo quante strade vanno acquisite, quante sono le famiglie in difficolt\u00e0 o per quali motivi nascono i contenziosi e a che punto sono. Si lavora a tamponare le emergenze, all\u2019interno di un sistema che mette in crisi la macchina amministrativa e non permette di pianificare gli interventi, anche per via di una pianta organica, numericamente parlando, non ottimale\u00bb.<\/p>\n<p style=\"text-align: justify;\">\u00abPer questa ragione \u2013 asserisce il primo cittadino \u2013 ho dato indirizzo agli Uffici di affidare gli incarichi per eseguire una mappatura completa di tutte le situazioni che interessano l\u2019Ente. Anche se questa procedura ci rallenter\u00e0, \u00e8 indispensabile avere una banca dati per programmare risposte mirate ed efficaci alle problematiche storiche del paese\u00bb.<\/p>\n<p style=\"text-align: justify;\">\u00abNon \u00e8 un compito semplice \u2013 ammette \u2013 perch\u00e9 vuol dire scardinare la mentalit\u00e0 dell\u2019intero apparato comunale. Ma anche questa Amministrazione \u00e8 stanca di vedere strade chiuse o senza illuminazione pubblica, terreni incolti che vanno bonificati per cui si fatica a risalire al proprietario. Siamo disposti a rinunciare a tutto pur di costruire una banca dati esauriente e aggiornata\u00bb.<\/p>\n<p style=\"text-align: justify;\">\u00abLa mappatura \u2013 fa notare Lilli Susca \u2013 \u00e8 una conseguenza di un\u2019azione specifica che \u00e8 l\u2019informatizzazione. Reperire risorse per affrontare questo sbarramento non credo che trover\u00e0 nessuno contrario\u00bb.<\/p>\n<p style=\"text-align: justify;\">\u00abA Turi lo sanno anche i bambini che bisogna fare una mappatura \u2013 polemizza Spinelli \u2013 ma non si \u00e8 mai iniziato. Siamo gi\u00e0 in ritardo, in un anno questi incarichi si potevano gi\u00e0 affidare\u00bb.<\/p>\n<p style=\"text-align: justify;\">&nbsp;<\/p>\n<p style=\"text-align: justify;\"><strong>Zaccheo: \u201cDifficile rispettare gli impegni del Previsionale\u201d<\/strong><\/p>\n<p style=\"text-align: justify;\">\u00abSindaco \u2013 esordisce il consigliere Giannalisa Zaccheo \u2013 mi auguro che monitorare il contenzioso voglia dire anche avere lo spirito per prevenirlo. Mi riferisco alle arre edificabili che ci sono costati gi\u00e0 svariate migliaia di euro, soldi che ci avrebbero fatto comodo e ci avrebbero permesso di non chiudere con un avanzo di gestione pari a zero\u00bb.<\/p>\n<p style=\"text-align: justify;\">\u00abMagicamente stiamo parlando di una materia abbastanza ostica \u2013 ironizza rivolgendosi al capogruppo Onofrio Resta \u2013 di cui non tutti hanno competenze professionali. In teoria, in base a quanto affermato nel Consiglio 18 febbraio, oggi ci dovremmo astenere perch\u00e9 non siamo competenti in materia contabile, come non lo eravamo in materia urbanistica\u00bb.<\/p>\n<p style=\"text-align: justify;\">\u00abQuella era una norma tecnica particolare e specifica \u2013 controbatte Resta. Le conoscenze del Bilancio appartengono a tutti i consiglieri\u00bb.<\/p>\n<p style=\"text-align: justify;\">\u00abMi duole \u2013 riprende il filo la Zaccheo \u2013 che anche con questa Amministrazione non sia stato osservato il regolamento sulla Conferenza cittadina. L\u2019art. 85 dello Statuto comunale \u2013 ammonisce \u2013 prevede sanzioni pecuniarie\u00bb.<\/p>\n<p style=\"text-align: justify;\">Venendo ai dati politici, il consigliere del gruppo misto si sofferma in prima battuta sugli oneri di urbanizzazione: \u00abApprendiamo che il fondo vincolato degli oneri di urbanizzazione \u00e8 pari a circa 120 mila euro per l\u2019ultimo biennio. A parte che in Commissione si \u00e8 detto che una parte di queste somme potrebbero essere restituite, il problema \u00e8 che nel Bilancio di Previsione abbiamo previsto circa 150mila euro all\u2019anno di oneri di urbanizzazione. Se avessimo avuto la possibilit\u00e0 di conoscere il Rendiconto di gestione, probabilmente avremmo potuto fare osservazioni molto pi\u00f9 incisive\u00bb.<\/p>\n<p style=\"text-align: justify;\"><strong>Il malinteso sui \u2018derivati\u2019<\/strong><\/p>\n<p style=\"text-align: justify;\">A seguire, la Zaccheo punta l\u2019attenzione sull\u2019assenza nel Fondo contenzioso della voce relativa alle somme che Banca Intesa \u00e8 stata condannata a versare al Comune di Turi in seguito alla vittoria in primo grado sulla disputa relativa ai \u201cderivati\u201d. Voce che, invece, era presente nel Bilancio di Previsione.<\/p>\n<p style=\"text-align: justify;\">A risolvere il malinteso ci pensa la dott.ssa Calisi, spiegando che quelle somme sono state inserite nel Bilancio di Previsione 2019-2021 poich\u00e9 si dovevano creare i relativi capitoli di spesa in entrata e in uscita. In entrata per permettere di incassare la somma che Banca Intesa avrebbe restituito all\u2019Ente in ossequio alla sentenza di primo grado; in uscita, ovvero nel fondo rischi per il contenzioso, per preservare il Comune in caso di eventuali ribaltamenti nei successivi gradi di giudizio. Le somme essendo state materialmente incassate a gennaio 2020, potranno essere accertate solo nel Rendiconto 2020 e non in quello relativo all\u2019anno 2019.<\/p>\n<p style=\"text-align: justify;\"><strong>\u201cIncentivi Tari\u201d<\/strong><\/p>\n<p style=\"text-align: justify;\">Altro spunto di riflessione proposto dal consigliere Zaccheo \u00e8 l\u2019opportunit\u00e0 di avvalersi della \u201crottamazione dei tributi\u201d, introdotta con il Decreto Legge 24 del 2019, che d\u00e0 la possibilit\u00e0 di dilazionare il debito del cittadino alleggerendolo di sanzioni e interessi.<\/p>\n<p style=\"text-align: justify;\">\u00ab\u00c8 quello che abbiamo intenzione di fare \u2013 ribatte l\u2019assessore Gigantelli \u2013 utilizzando la Legge 289 del 27\/12\/2002: aprire una finestra temporale in cui i cittadini che non hanno adempiuto nei termini al pagamento della Tari possano sanare la propria posizione senza pagare interessi e sanzioni. Chiusa questa finestra, che non potr\u00e0 essere inferiore ai 60 giorni, procederemo con gli avvisi di accertamento. \u00c8 uno dei modi con cui questa Amministrazione verr\u00e0 incontro ai cittadini, tenendo in considerazione il momento di difficolt\u00e0 che stiamo attraversando\u00bb.<\/p>\n<p style=\"text-align: justify;\">Ultima annotazione della Zaccheo arriva sulla percentuale di riscossione delle entrate, pari al 55%: \u00abVa bene andare avanti con le campagne di sensibilizzazione per contrastare l\u2019indolenza di qualcuno ma, nel Bilancio di Previsione, abbiamo previsto un numero alto rispetto al recupero dell\u2019evasione. Considerando questo indice di riscossione, vedo difficile mantenere questo impegno\u00bb.<\/p>\n<p style=\"text-align: justify;\">&nbsp;<\/p>\n<p style=\"text-align: justify;\"><strong>Palmisano, il \u201cgioco dell\u2019oca\u201d e l\u2019assenza di Coppi<\/strong><\/p>\n<p style=\"text-align: justify;\">Sulla scorta della \u201cquestione di metodo\u201d introdotta dal sindaco Resta, riprende la parola Angelo Palmisano: \u00abGli incarichi cui gli uffici ricorrono usando la motivazione della carenza del personale e sottraendo risorse alle casse comunali che vantaggio ci portano? L\u2019anno scorso \u00e8 stato affidato un incarico esterno per il ricalcolo degli oneri, dopo che la Corte dei Conti ha sollevato il problema, ancora oggi, al 30 giugno 2020, non sappiamo quali sono le somme e chi deve dare o chi ricevere\u00bb.<\/p>\n<p style=\"text-align: justify;\">\u00abTorniamo al punto di partenza come nel \u201cgioco dell\u2019oca\u201d \u2013 affonda Palmisano \u2013 a distanza di un anno devo costatare che la parte politica che doveva dare gli indirizzi per riorganizzare il sistema degli uffici \u00e8 risultata inefficiente\u00bb.<\/p>\n<p style=\"text-align: justify;\">\u00abDevo costatare anche che una parte ben identificata di Forza Italia \u00e8 assente: il consigliere Coppi, tanto chiacchierato per l\u2019incarico di Presidente del Consiglio. Non vorrei che rincorrere questo chiacchiericcio distogliesse l\u2019Amministrazione dal vero problema di questo Comune e cio\u00e8 il controllo. Difatti \u2013 prosegue provocatoriamente \u2013 oltre a mancare il personale manca anche la parte politica: fa piacere rivedere il capogruppo Onofrio Resta dopo tante assenze dalla Conferenza dei capigruppo\u00bb.<\/p>\n<p style=\"text-align: justify;\">\u00abE arriviamo al nodo cruciale che l\u2019assessore al Personale, essendo un tecnico, avrebbe dovuto affrontare con determinazione: continuiamo a piangerci addosso per l\u2019assenza di dipendenti per\u00f2 non si prende consapevolezza della necessit\u00e0 di bandire un concorso che manca da anni. Rincorriamo i fantasmi, attingiamo dalle graduatorie di vari Comuni, mettendo in conto che non sono assunzioni in pianta stabile. Del resto \u2013 conclude \u2013 sfido chiunque a voler venire a lavorare a Turi, come dimostra la vicenda dell\u2019ing. Rotondo che ha dovuto \u201cabdicare\u201d perch\u00e9 in questo marasma non resiste nessuno. Una risposta al problema c\u2019\u00e8 ma non la si vuole prendere in considerazione\u00bb.<\/p>\n<p style=\"text-align: justify;\"><strong>Il Covid ha rallentato le assunzioni<\/strong><\/p>\n<p style=\"text-align: justify;\">In risposta alla sottolineatura di Palmisano sul personale, il Segretario comunale conferma che il Bilancio di Previsione approvato a fine aprile era realmente motivato dall\u2019urgenza di reclutare nuovi dipendenti.<\/p>\n<p style=\"text-align: justify;\">E avremmo gi\u00e0 potuto operare le prime assunzione se non fosse intervenuta la pandemia: \u00abSiamo partiti a fine febbraio con la comunicazione alla Funzione Pubblica, cos\u00ec da far iniziare il conteggio del termine previsto dei 45 giorni. Con il Covid si \u00e8 avuta una sospensione dei termini, che hanno ricominciato a decorrere a partire dal 16 maggio\u00bb.<\/p>\n<p style=\"text-align: justify;\">Altra batosta \u00e8 arrivata con il Decreto Ministeriale del 17 marzo, entrato in vigore il 24 aprile, che \u00abha introdotto nuovi criteri per calcolare la capacit\u00e0 assunzionale del Comune, costringendoci a ridefinire il numero di dipendenti che potremo assumere. Nel frattempo, tuttavia, abbiamo avuto la disponibilit\u00e0 di alcuni Comuni ad utilizzare le proprie graduatorie e, in parallelo, stiamo studiando per bandire il prossimo anno un concorso pubblico\u00bb.<\/p>\n<p style=\"text-align: right;\"><strong>FD<\/strong><\/p>\n","protected":false},"excerpt":{"rendered":"<p><img loading=\"lazy\" decoding=\"async\" src=\"https:\/\/live.staticflickr.com\/65535\/50073587182_dfd8267ee5_n.jpg\" alt=\"Il sindaco Tina Resta\" width=\"310\" height=\"320\" \/><\/p>\n","protected":false},"author":1,"featured_media":0,"comment_status":"open","ping_status":"closed","sticky":false,"template":"","format":"standard","meta":{"colormag_page_container_layout":"default_layout","colormag_page_sidebar_layout":"default_layout","footnotes":""},"categories":[4],"tags":[],"class_list":["post-17726","post","type-post","status-publish","format-standard","hentry","category-politica"],"_links":{"self":[{"href":"https:\/\/archivioturi.lavocedelpaese.info\/index.php\/wp-json\/wp\/v2\/posts\/17726","targetHints":{"allow":["GET"]}}],"collection":[{"href":"https:\/\/archivioturi.lavocedelpaese.info\/index.php\/wp-json\/wp\/v2\/posts"}],"about":[{"href":"https:\/\/archivioturi.lavocedelpaese.info\/index.php\/wp-json\/wp\/v2\/types\/post"}],"author":[{"embeddable":true,"href":"https:\/\/archivioturi.lavocedelpaese.info\/index.php\/wp-json\/wp\/v2\/users\/1"}],"replies":[{"embeddable":true,"href":"https:\/\/archivioturi.lavocedelpaese.info\/index.php\/wp-json\/wp\/v2\/comments?post=17726"}],"version-history":[{"count":0,"href":"https:\/\/archivioturi.lavocedelpaese.info\/index.php\/wp-json\/wp\/v2\/posts\/17726\/revisions"}],"wp:attachment":[{"href":"https:\/\/archivioturi.lavocedelpaese.info\/index.php\/wp-json\/wp\/v2\/media?parent=17726"}],"wp:term":[{"taxonomy":"category","embeddable":true,"href":"https:\/\/archivioturi.lavocedelpaese.info\/index.php\/wp-json\/wp\/v2\/categories?post=17726"},{"taxonomy":"post_tag","embeddable":true,"href":"https:\/\/archivioturi.lavocedelpaese.info\/index.php\/wp-json\/wp\/v2\/tags?post=17726"}],"curies":[{"name":"wp","href":"https:\/\/api.w.org\/{rel}","templated":true}]}}