{"id":17714,"date":"2020-07-06T06:30:31","date_gmt":"2020-07-06T06:30:31","guid":{"rendered":"https:\/\/archivioturi.lavocedelpaese.info\/index.php\/2020\/07\/06\/variazioni-di-bilancio-approvate-a-maggioranza\/"},"modified":"2020-07-06T06:30:31","modified_gmt":"2020-07-06T06:30:31","slug":"variazioni-di-bilancio-approvate-a-maggioranza","status":"publish","type":"post","link":"https:\/\/archivioturi.lavocedelpaese.info\/index.php\/2020\/07\/06\/variazioni-di-bilancio-approvate-a-maggioranza\/","title":{"rendered":"Variazioni di Bilancio approvate a maggioranza"},"content":{"rendered":"<p><img loading=\"lazy\" decoding=\"async\" src=\"https:\/\/live.staticflickr.com\/65535\/50072676868_409cac2ecb_n.jpg\" alt=\"L'assessore Graziano Gigantelli\" width=\"320\" height=\"213\" \/><\/p>\n<p style=\"text-align: center;\"><strong>Ci sono ancora 37 mila euro per i \u201cbuoni spesa\u201d. Altri 30 mila euro sono arrivati dalla Regione per il pagamento delle utenze domestiche<\/strong><\/p>\n<p style=\"text-align: justify;\">Approvati all\u2019unanimit\u00e0 i verbali delle sedute precedenti, i lavori del Consiglio comunale iniziano con la ratifica delle due variazioni di Bilancio, adottate dalla Giunta per attuare le misure urgenti di solidariet\u00e0 alimentare all\u2019indomani dell\u2019emergenza Coronavirus.<\/p>\n<p style=\"text-align: justify;\">Come esposto dall\u2019assessore Gigantelli, con la prima variazione sono stati recepiti i 102.271,06 euro assegnati dal Governo, impiegati per istituire i noti \u201cbuoni spesa\u201d. Dal parziale rendiconto fornito dall\u2019assessore, si ricava che nella prima tranche di aprile sono state accolte 147 domande per un importo di 40.300 euro; nella seconda, quella di maggio, le domande ammesse sono state 54 a fronte di 13.000 euro erogati; infine, l\u2019ultima tranche, alla data del 28 giugno, vede 35 domande accolte e 11 respinte, con un impegno di spesa pari a 11.800 euro. Dunque, al netto dei buoni gi\u00e0 erogati, sono disponibili ancora poco pi\u00f9 di 37 mila euro.<\/p>\n<p style=\"text-align: justify;\">Inoltre, sempre con la prima variazione, l\u2019Ente ha istituito il conto corrente comunale dedicato all\u2019emergenza Covid-19, \u00abricevendo erogazioni liberali da parte di privati cittadini e imprese per un importo di 3.768 euro, cui va aggiunto l\u2019importo della raccolta fondi della Sagra \u201cExpress\u201d, arrivando a una cifra complessiva di circa 6 mila euro. Anche tali somme saranno utilizzate per l\u2019acquisto di generi alimentari e prodotti di prima necessit\u00e0\u00bb.<\/p>\n<p style=\"text-align: justify;\">La seconda variazione di Bilancio, risalente al 5 maggio, si \u00e8 resa necessaria all\u2019indomani dello stanziamento in favore del Comune di Turi di fondi statali e regionali per l\u2019emergenza Covid-19. \u00abNello specifico \u2013 illustra Gigantelli \u2013 6.239,28 euro sono stati assegnati dallo Stato per finanziare spese di sanificazione e disinfezione degli uffici, degli ambienti e dei mezzi comunali; sempre dallo Stato sono giunti 1.428,93 euro quale contributo per l\u2019erogazione dei compensi per le maggiori prestazioni di lavoro straordinario e per l\u2019acquisto di dispositivi di protezione individuale a favore del personale della Polizia Locale. 36.278,02 euro, infine, sono stati assegnati dalla Regione Puglia ed impiegati in accordo con il Settore Servizi Sociali per il pagamento delle utenze domestiche dei nuclei familiari in condizioni di maggiore fragilit\u00e0\u00bb.<\/p>\n<p style=\"text-align: justify;\">\u00abDalla Regione sono arrivati altri 30 mila euro \u2013 aggiunge il sindaco Resta \u2013 e saranno oggetto di apposita delibera di Giunta\u00bb.<\/p>\n<p style=\"text-align: justify;\"><strong>Tempi e opportunit\u00e0<\/strong><\/p>\n<p style=\"text-align: justify;\">Il consigliere di minoranza Sergio Spinelli fa notare che si \u00e8 superato il termine dei 60 giorni previsto per l\u2019approvazione in Consiglio delle variazioni di Bilancio: \u00abStiamo ratificando a consuntivo, avendo gi\u00e0 una rendicontazione parziale; io avrei cercato di convocare un Consiglio nei tempi utili anche per poter discutere il tema\u00bb.<\/p>\n<p style=\"text-align: justify;\">Il Segretario comunale in prima battuta e il sindaco subito dopo chiariscono che \u00abnon \u00e8 stato fatto nulla contro legge, ci si \u00e8 avvalsi delle proroghe previste e ogni passaggio \u00e8 stato concordato con Prefetto e Anci\u00bb. \u00abIn piena fase emergenziale \u2013 stigmatizza Tina Resta \u2013 non ci \u00e8 sembrato opportuno convocare un Consiglio comunale per ratificare due variazioni di Bilancio che non riguardavano \u201ccifre ballerine\u201d, ovvero soldi spostati da un capitolo all\u2019altro, ma semplicemente la presa d\u2019atto di fondi statali e regionali recepiti dall\u2019Ente per adottare con immediatezza le misure di sostegno ai cittadini in difficolt\u00e0\u00bb.<\/p>\n<p style=\"text-align: justify;\">\u00abSpinelli ha ragione \u2013 interviene il capogruppo di maggioranza Onofrio Resta \u2013 ma questo ritardo ha permesso di avere un quadro chiaro dei fondi utilizzati. Da questa prima rendicontazione, apprendiamo che ci sono ancora dei soldi disponibili ed \u00e8 importante che la cittadinanza lo sappia. C\u2019\u00e8 ancora la possibilit\u00e0 per le famiglie bisognose di usufruire di queste somme che non devono rimanere nel futuro avanzo di amministrazione, come accaduto per i contributi per i fitti\u00bb.<\/p>\n<p style=\"text-align: justify;\">Entrambe le variazioni sono approvate con i soli voti della maggioranza.<\/p>\n<p style=\"text-align: right;\"><strong>FD<\/strong><\/p>\n","protected":false},"excerpt":{"rendered":"<p><img loading=\"lazy\" decoding=\"async\" src=\"https:\/\/live.staticflickr.com\/65535\/50072676868_409cac2ecb_n.jpg\" alt=\"L'assessore Graziano Gigantelli\" width=\"320\" height=\"213\" \/><\/p>\n","protected":false},"author":1,"featured_media":0,"comment_status":"open","ping_status":"closed","sticky":false,"template":"","format":"standard","meta":{"colormag_page_container_layout":"default_layout","colormag_page_sidebar_layout":"default_layout","footnotes":""},"categories":[4],"tags":[],"class_list":["post-17714","post","type-post","status-publish","format-standard","hentry","category-politica"],"_links":{"self":[{"href":"https:\/\/archivioturi.lavocedelpaese.info\/index.php\/wp-json\/wp\/v2\/posts\/17714","targetHints":{"allow":["GET"]}}],"collection":[{"href":"https:\/\/archivioturi.lavocedelpaese.info\/index.php\/wp-json\/wp\/v2\/posts"}],"about":[{"href":"https:\/\/archivioturi.lavocedelpaese.info\/index.php\/wp-json\/wp\/v2\/types\/post"}],"author":[{"embeddable":true,"href":"https:\/\/archivioturi.lavocedelpaese.info\/index.php\/wp-json\/wp\/v2\/users\/1"}],"replies":[{"embeddable":true,"href":"https:\/\/archivioturi.lavocedelpaese.info\/index.php\/wp-json\/wp\/v2\/comments?post=17714"}],"version-history":[{"count":0,"href":"https:\/\/archivioturi.lavocedelpaese.info\/index.php\/wp-json\/wp\/v2\/posts\/17714\/revisions"}],"wp:attachment":[{"href":"https:\/\/archivioturi.lavocedelpaese.info\/index.php\/wp-json\/wp\/v2\/media?parent=17714"}],"wp:term":[{"taxonomy":"category","embeddable":true,"href":"https:\/\/archivioturi.lavocedelpaese.info\/index.php\/wp-json\/wp\/v2\/categories?post=17714"},{"taxonomy":"post_tag","embeddable":true,"href":"https:\/\/archivioturi.lavocedelpaese.info\/index.php\/wp-json\/wp\/v2\/tags?post=17714"}],"curies":[{"name":"wp","href":"https:\/\/api.w.org\/{rel}","templated":true}]}}