{"id":17692,"date":"2020-06-27T06:32:27","date_gmt":"2020-06-27T06:32:27","guid":{"rendered":"https:\/\/archivioturi.lavocedelpaese.info\/index.php\/2020\/06\/27\/arriva-il-reddito-di-dignita-in-versione-post-covid\/"},"modified":"2020-06-27T06:32:27","modified_gmt":"2020-06-27T06:32:27","slug":"arriva-il-reddito-di-dignita-in-versione-post-covid","status":"publish","type":"post","link":"https:\/\/archivioturi.lavocedelpaese.info\/index.php\/2020\/06\/27\/arriva-il-reddito-di-dignita-in-versione-post-covid\/","title":{"rendered":"Arriva il Reddito di Dignit\u00e0 in versione \u201cpost Covid\u201d"},"content":{"rendered":"<p><img loading=\"lazy\" decoding=\"async\" src=\"https:\/\/live.staticflickr.com\/65535\/50045484767_762549e515_n.jpg\" alt=\"michele_emiliano_-(65)\" width=\"320\" height=\"240\" \/><\/p>\n<p style=\"text-align: center;\"><strong>Ampliata la platea dei beneficiari ed aumentato l\u2019importo del contributo.<\/strong><\/p>\n<p style=\"text-align: center;\"><strong>Le domande potranno essere presentate a partire da luned\u00ec 29 giugno<\/strong><\/p>\n<p style=\"text-align: justify;\">\u00abAbbiamo approvato il nuovo Avviso pubblico per il ReD &#8211; Reddito di Dignit\u00e0 pugliese post Covid, destinato a tutte le persone e le famiglie pugliesi in condizioni di fragilit\u00e0 economica\u00bb. Queste le parole del governatore Michele Emiliano che annuncia la conferma dello \u201cstrumento di battaglia contro la povert\u00e0\u201d, rivisto in una versione maggiormente semplificata e soprattutto ampliando la platea dei beneficiari.<\/p>\n<p style=\"text-align: justify;\">Difatti, la soglia ISEE richiesta \u00e8 \u201cpari a 9.360 euro per ciascun nucleo familiare (analoga a quella del reddito di cittadinanza), garantendo anche coloro che sono esclusi dalla misura nazionale, come i nuclei familiari pi\u00f9 numerosi. Inoltre, il contributo mensile \u00e8 stato innalzato a 500 euro per tutti i beneficiari (la soglia massima di contributo della precedente edizione), in modo da rispondere con maggiore forza alla crisi sociale in corso.<\/p>\n<p style=\"text-align: justify;\">Il Reddito di Dignit\u00e0 pugliese voluto dal governo Emiliano ed approvato dal consiglio regionale nel 2016 anticipando l\u2019entrata in vigore del reddito di cittadinanza, approda cos\u00ec alla sua quarta edizione, con un rifinanziamento complessivo di circa 37 milioni di euro per l\u2019annualit\u00e0 2020.<\/p>\n<p style=\"text-align: justify;\"><strong>Emiliano: \u201cPi\u00f9 opportunit\u00e0 e pi\u00f9 risorse per chi \u00e8 in difficolt\u00e0\u201d<\/strong><\/p>\n<p style=\"text-align: justify;\">\u00abReD \u00e8 una risposta concreta che incarna una visione politica e di cui sono particolarmente orgoglioso \u2013 ha commentato il Presidente Emiliano \u2013 quella dell\u2019inclusione e della lotta alle diseguaglianze, perch\u00e9 in 3 anni abbiamo messo in campo, per primi in tutta Italia, una misura complessa che ha aiutato oltre 30 mila famiglie pugliesi. Adesso la riconfermiamo con ancora pi\u00f9 opportunit\u00e0 e risorse per chi \u00e8 in difficolt\u00e0, affinch\u00e9 nessuno resti indietro, nell\u2019ottica di rafforzare il sistema del welfare regionale, nella direzione dell\u2019inclusione e del contrasto alle vecchie e nuove povert\u00e0, purtroppo in aumento in tutto il Paese, a causa della crisi sanitaria e sociale. Noi questi cittadini non li abbandoniamo. Coerentemente al piano per la ripartenza messo in campo dalla Regione, con una manovra complessiva di 750 milioni di euro, siamo al fianco delle persone, delle comunit\u00e0 e delle imprese pugliesi con una forza senza precedenti\u00bb.<\/p>\n<p style=\"text-align: justify;\"><strong>Ruggieri: \u201cIn prima linea a supporto dei cittadini\u201d<\/strong><\/p>\n<p style=\"text-align: justify;\">L\u2019Assessore al Welfare Salvatore Ruggeri sottolinea \u201cil lavoro importante di partecipazione del partenariato economico-sociale e del terzo settore, e della filiera istituzionale coinvolta, a partire dagli Ambiti Territoriali dei Comuni \u2013 ancora una volta in prima linea a favore dei cittadini con tutto il supporto possibile della Regione e della struttura del Welfare, che non \u00e8 mai mancato dall\u2019emergenza di questi mesi, per la quale sono stati stanziati complessivamente 20 milioni di euro a favore delle famiglie in difficolt\u00e0 economica per i beni di prima necessit\u00e0, ed ora nella riattivazione del ReD. Sappiamo come questa misura sia necessaria, soprattutto per le tante nuove richieste di aiuto che arrivano ai Comuni dopo questi difficili mesi di lockdown\u00bb.<\/p>\n<p style=\"text-align: justify;\"><strong>De Simone: \u201cFondamentale la rete del terzo settore\u201d<\/strong><\/p>\n<p style=\"text-align: justify;\">\u00abFra le novit\u00e0 di questo Avviso \u2013 aggiunge Titti De Simone, consigliera del Presidente che ne ha coordinato i lavori \u2013 c\u2019\u00e8 il potenziamento dei tirocini di inclusione, grazie al ruolo del terzo settore. Per tale ragione, abbiamo integrato i progetti a disposizione dei beneficiari con la possibilit\u00e0 di nuovi percorsi di formazione a distanza in modalit\u00e0 on line e progetti a supporto delle comunit\u00e0 locali anche in virt\u00f9 dell\u2019emergenza sanitaria e sociale. E poi c\u2019\u00e8 un maggiore coinvolgimento del terzo settore presente nei territori, che svolger\u00e0 un ruolo importante a supporto dei Comuni, garantendo un tutoraggio a fianco dei beneficiari nei 12 mesi di tirocinio. La rete del terzo settore ha un ruolo fondamentale nella capacit\u00e0 di reazione a questa crisi. Inoltre, abbiamo riconfermato il ruolo importante della rete dei Caf come strumento di supporto per i cittadini\u00bb.<\/p>\n<p style=\"text-align: justify;\"><strong>RED IN PILLOLE<\/strong><\/p>\n<p style=\"text-align: justify;\"><strong>IN COSA CONSISTE<\/strong> &#8211; Si tratta di una misura di sostegno al reddito che, a fronte di un contributo economico di 500 euro al mese per un anno, consente al cittadino beneficiario, previa sottoscrizione di un Patto con il proprio Ambito territoriale, di aderire ad un percorso personalizzato di inclusione sociale in base al suo profilo psico-sociale, familiare, comunitario e professionale.<\/p>\n<p style=\"text-align: justify;\"><strong>IL PATTO<\/strong> &#8211; Il Patto prevede la presa in carico integrata da parte dei competenti Servizi Sociali del Comune di residenza per la presenza di particolari e definite situazioni di fragilit\u00e0 all\u2019interno del nucleo familiare. Al beneficiario \u00e8 richiesto di partecipare ad un tirocinio di inclusione presso aziende o enti pubblici del territorio, oppure di beneficiare della formazione a distanza, o ancora di aderire ad attivit\u00e0 di cittadinanza attiva anche connesse all\u2019emergenza sanitaria attuale (come ad esempio servizi di prossimit\u00e0 in collaborazione con i Centri Operativi Comunali o la Protezione Civile; azioni di pulizia spiagge, decoro urbano, manutenzione, ecc.).<\/p>\n<p style=\"text-align: justify;\"><strong>BENEFICIARI<\/strong> &#8211; Poich\u00e9 il ReD si configura quale Misura complementare al Reddito di Cittadinanza nazionale, possono candidarsi i cittadini di et\u00e0 compresa tra 18 e 67 anni, residenti in Puglia da almeno dodici mesi.<\/p>\n<p style=\"text-align: justify;\">Quanto ai parametri reddituali, il richiedente deve avere un valore ISEE non superiore a 9.360 euro, elevabile a 20mila euro per le famiglie con tre componenti minorenni, oppure per famiglie composte da almeno cinque persone. Inoltre, la componente immobiliare dell\u2019ISEE, al netto delle detrazioni, deve essere inferiore a 30 mila euro, mentre quella mobiliare non deve superare i 15 mila euro (anche in questo caso, elevabili a 20 mila euro per famiglie con tre minorenni o cinque componenti). Infine, il cittadino deve dichiarare la sua disponibilit\u00e0 ad effettuare almeno 62 ore mensili di attivit\u00e0.<\/p>\n<p style=\"text-align: justify;\">Per i cittadini in condizioni di particolare fragilit\u00e0 (quali donne vittime di violenza, persone separate senza stabile dimora, persone senza dimora, disabili gravi privi di sostegno familiare), le domande saranno inserite nella piattaforma dagli Ambiti Territoriali.<\/p>\n<p style=\"text-align: justify;\"><strong>LA DOMANDA<\/strong> &#8211; La procedura semplificata per la presentazione delle domande \u00e8 interamente on line. A partire dalle ore 14.00 del 29 giugno 2020, dopo aver ottenuto (se non gi\u00e0 posseduta) un\u2019attestazione ISEE rilasciata da I.N.P.S., sar\u00e0 sufficiente registrarsi al portale regionale www.sistema.puglia.it e compilare l\u2019istanza. In alternativa, \u00e8 possibile recarsi presso i Caf e i Patronati convenzionati con gli Ambiti Territoriali che gestiranno gratuitamente la pratica.<\/p>\n","protected":false},"excerpt":{"rendered":"<p><img loading=\"lazy\" decoding=\"async\" src=\"https:\/\/live.staticflickr.com\/65535\/50045484767_762549e515_n.jpg\" alt=\"michele_emiliano_-(65)\" width=\"320\" height=\"240\" \/><\/p>\n","protected":false},"author":1,"featured_media":0,"comment_status":"open","ping_status":"closed","sticky":false,"template":"","format":"standard","meta":{"colormag_page_container_layout":"default_layout","colormag_page_sidebar_layout":"default_layout","footnotes":""},"categories":[7],"tags":[],"class_list":["post-17692","post","type-post","status-publish","format-standard","hentry","category-attualita"],"_links":{"self":[{"href":"https:\/\/archivioturi.lavocedelpaese.info\/index.php\/wp-json\/wp\/v2\/posts\/17692","targetHints":{"allow":["GET"]}}],"collection":[{"href":"https:\/\/archivioturi.lavocedelpaese.info\/index.php\/wp-json\/wp\/v2\/posts"}],"about":[{"href":"https:\/\/archivioturi.lavocedelpaese.info\/index.php\/wp-json\/wp\/v2\/types\/post"}],"author":[{"embeddable":true,"href":"https:\/\/archivioturi.lavocedelpaese.info\/index.php\/wp-json\/wp\/v2\/users\/1"}],"replies":[{"embeddable":true,"href":"https:\/\/archivioturi.lavocedelpaese.info\/index.php\/wp-json\/wp\/v2\/comments?post=17692"}],"version-history":[{"count":0,"href":"https:\/\/archivioturi.lavocedelpaese.info\/index.php\/wp-json\/wp\/v2\/posts\/17692\/revisions"}],"wp:attachment":[{"href":"https:\/\/archivioturi.lavocedelpaese.info\/index.php\/wp-json\/wp\/v2\/media?parent=17692"}],"wp:term":[{"taxonomy":"category","embeddable":true,"href":"https:\/\/archivioturi.lavocedelpaese.info\/index.php\/wp-json\/wp\/v2\/categories?post=17692"},{"taxonomy":"post_tag","embeddable":true,"href":"https:\/\/archivioturi.lavocedelpaese.info\/index.php\/wp-json\/wp\/v2\/tags?post=17692"}],"curies":[{"name":"wp","href":"https:\/\/api.w.org\/{rel}","templated":true}]}}