{"id":17687,"date":"2020-06-24T09:00:57","date_gmt":"2020-06-24T09:00:57","guid":{"rendered":"https:\/\/archivioturi.lavocedelpaese.info\/index.php\/2020\/06\/24\/battesimo-del-fuoco-per-le-nuove-reclute\/"},"modified":"2020-06-24T09:00:57","modified_gmt":"2020-06-24T09:00:57","slug":"battesimo-del-fuoco-per-le-nuove-reclute","status":"publish","type":"post","link":"https:\/\/archivioturi.lavocedelpaese.info\/index.php\/2020\/06\/24\/battesimo-del-fuoco-per-le-nuove-reclute\/","title":{"rendered":"\u201cBattesimo del fuoco\u201d per le nuove \u201creclute\u201d"},"content":{"rendered":"<p><img loading=\"lazy\" decoding=\"async\" src=\"https:\/\/live.staticflickr.com\/65535\/50024272032_146a87903c_n.jpg\" alt=\"Alle prese con le operazioni di bonifica (2)\" width=\"320\" height=\"180\" \/><\/p>\n<p style=\"text-align: center;\"><strong>Tra i neo volontari della Protezione Civile c\u2019\u00e8 anche Said, originario del Marocco e residente a Turi da quattro anni<\/strong><\/p>\n<p><img loading=\"lazy\" decoding=\"async\" src=\"https:\/\/live.staticflickr.com\/65535\/50024012456_53fe5f3421_n.jpg\" alt=\"Il neo volontario Said\" style=\"margin: 6px; float: right;\" width=\"292\" height=\"320\" \/><\/p>\n<p style=\"text-align: justify;\">Un nuovo volontario si aggiunge alla fila del Gruppo di Protezione Civile di Turi. Si tratta di Lekbir Said: originario del Marocco, \u00e8 arrivato in Italia otto anni fa e da quattro ha scelto il nostro paese come sua casa d\u2019adozione. Ha messo radici solide, trovando un lavoro e costruendo un nido per la sua famiglia.<\/p>\n<p style=\"text-align: justify;\">La collaborazione, coordinata con l\u2019Ufficio Servizi Sociali, si lega alla misura sociale del \u201cReddito di Dignit\u00e0\u201d, i cui beneficiari sono chiamati a contribuire con attivit\u00e0 utili per la collettivit\u00e0. Said, dunque, far\u00e0 compagnia alle nostre \u201csentinelle\u201d per un anno, mettendo a disposizione il proprio impegno due giorni a settimana. E, ascoltando le parole del coordinatore Marco Di Pinto, il neo volontario ha gi\u00e0 dato prova di essere animato dai pi\u00f9 nobili intenti in quello che possiamo a ragion veduta definire il suo \u201cbattesimo del fuoco\u201d.<\/p>\n<p><img loading=\"lazy\" decoding=\"async\" src=\"https:\/\/live.staticflickr.com\/65535\/50023467433_044dfb15dc_n.jpg\" alt=\"I 'veterani' addestrano le 'reclute'\" style=\"margin: 6px; float: left;\" width=\"320\" height=\"246\" \/><\/p>\n<p style=\"text-align: justify;\">Gioved\u00ec 11 giugno, difatti, era in programma un\u2019esercitazione dedicata alle \u201creclute\u201d, mirata a illustrare le procedure per operare in sicurezza negli interventi di contenimento dei roghi estivi. Il caso ha voluto che proprio quel giorno si sia verificato un incendio, purtroppo reale, nei pressi di via Gioia Canale. La Protezione Civile, come sempre, si \u00e8 mobilit\u00e0 tempestivamente ma, arrivati sul luogo, hanno trovato i Vigili del Fuoco che avevano gi\u00e0 provvedendo a estinguere le fiamme.<\/p>\n<p style=\"text-align: justify;\">A quel punto, i nostri volontari hanno proposto di occuparsi delle operazioni di bonifica del suolo, cos\u00ec da alleggerire gli uomini del Distaccamento di Putignano da un\u2019incombenza che porta via anche alcune ore e, al tempo stesso, avere l\u2019opportunit\u00e0 di eseguire l\u2019esercitazione prevista. L\u2019appuntamento viene fissato per il primo pomeriggio di gioved\u00ec. Ironia della sorte, giunti sul posto, \u00e8 stato avvistato un secondo incendio, divampato in un altro suolo incolto poco distante dal primo. Ed ecco che l\u2019esercitazione si \u00e8 trasforma in una vera e propria prova sul campo, di fronte alla quale Said non si \u00e8 tirato indietro. Le nostre \u201csentinelle\u201d, diventate ormai esperte nella gestione di questi episodi, sono riuscite in breve ad arginare le fiamme e ad avere la meglio sul rogo. Subito dopo, si \u00e8 proseguito con la bonifica, assicurandosi che in entrambi i suoli non ci fossero focolai in grado di alimentare nuovamente l\u2019incendio.<\/p>\n<p style=\"text-align: justify;\"><strong>Farmacia territoriale, prosegue il ritiro dei medicinali<\/strong><\/p>\n<p style=\"text-align: justify;\">Nello spirito del mutuo e disinteressato soccorso che anima la Protezione Civile, viene offerta alla collettivit\u00e0 un\u2019altra importante opportunit\u00e0. I volontari, apprendendo che varie famiglie non hanno la possibilit\u00e0 di spostarsi autonomamente, hanno proposto al sindaco Tina Resta e al Comandante della Polizia Locale, il dott. Raffaele Campanella, di proseguire il servizio gratuito di ritiro dei farmaci e dei dispositivi sanitari dalla farmacia territoriale di Gioia del Colle. Iniziativa che \u00e8 stata accolta e autorizzata senza esitazioni.<\/p>\n<p style=\"text-align: justify;\">Per il mese di giugno, il ritiro \u00e8 previsto gioved\u00ec 25; in futuro, invece, il servizio verr\u00e0 espletato l\u2019ultimo marted\u00ec del mese, nella fascia oraria in cui la farmacia non riceve al pubblico cos\u00ec da non creare alcuna congestione.<\/p>\n<p style=\"text-align: justify;\">I cittadini interessati possono contattare la Protezione Civile al numero <strong>080 45 17 533<\/strong> o recarsi nella sede storica in Piazza Silvio Orlandi, 18.<\/p>\n<p style=\"text-align: right;\"><strong>Fabio D\u2019Aprile<\/strong><\/p>\n","protected":false},"excerpt":{"rendered":"<p><img loading=\"lazy\" decoding=\"async\" src=\"https:\/\/live.staticflickr.com\/65535\/50024272032_146a87903c_n.jpg\" alt=\"Alle prese con le operazioni di bonifica (2)\" width=\"320\" height=\"180\" \/><\/p>\n","protected":false},"author":1,"featured_media":0,"comment_status":"open","ping_status":"closed","sticky":false,"template":"","format":"standard","meta":{"colormag_page_container_layout":"default_layout","colormag_page_sidebar_layout":"default_layout","footnotes":""},"categories":[7],"tags":[],"class_list":["post-17687","post","type-post","status-publish","format-standard","hentry","category-attualita"],"_links":{"self":[{"href":"https:\/\/archivioturi.lavocedelpaese.info\/index.php\/wp-json\/wp\/v2\/posts\/17687","targetHints":{"allow":["GET"]}}],"collection":[{"href":"https:\/\/archivioturi.lavocedelpaese.info\/index.php\/wp-json\/wp\/v2\/posts"}],"about":[{"href":"https:\/\/archivioturi.lavocedelpaese.info\/index.php\/wp-json\/wp\/v2\/types\/post"}],"author":[{"embeddable":true,"href":"https:\/\/archivioturi.lavocedelpaese.info\/index.php\/wp-json\/wp\/v2\/users\/1"}],"replies":[{"embeddable":true,"href":"https:\/\/archivioturi.lavocedelpaese.info\/index.php\/wp-json\/wp\/v2\/comments?post=17687"}],"version-history":[{"count":0,"href":"https:\/\/archivioturi.lavocedelpaese.info\/index.php\/wp-json\/wp\/v2\/posts\/17687\/revisions"}],"wp:attachment":[{"href":"https:\/\/archivioturi.lavocedelpaese.info\/index.php\/wp-json\/wp\/v2\/media?parent=17687"}],"wp:term":[{"taxonomy":"category","embeddable":true,"href":"https:\/\/archivioturi.lavocedelpaese.info\/index.php\/wp-json\/wp\/v2\/categories?post=17687"},{"taxonomy":"post_tag","embeddable":true,"href":"https:\/\/archivioturi.lavocedelpaese.info\/index.php\/wp-json\/wp\/v2\/tags?post=17687"}],"curies":[{"name":"wp","href":"https:\/\/api.w.org\/{rel}","templated":true}]}}