{"id":17677,"date":"2020-06-20T09:00:19","date_gmt":"2020-06-20T09:00:19","guid":{"rendered":"https:\/\/archivioturi.lavocedelpaese.info\/index.php\/2020\/06\/20\/spetta-ad-ognuno-fare-la-differenza\/"},"modified":"2020-06-20T09:00:19","modified_gmt":"2020-06-20T09:00:19","slug":"spetta-ad-ognuno-fare-la-differenza","status":"publish","type":"post","link":"https:\/\/archivioturi.lavocedelpaese.info\/index.php\/2020\/06\/20\/spetta-ad-ognuno-fare-la-differenza\/","title":{"rendered":"\u201cSpetta ad ognuno fare la differenza\u201d"},"content":{"rendered":"<p><img loading=\"lazy\" decoding=\"async\" src=\"https:\/\/live.staticflickr.com\/65535\/50023889806_57b52033f0_n.jpg\" alt=\"Orologio MARZELLA\" width=\"240\" height=\"320\" \/><\/p>\n<p style=\"text-align: center;\"><strong>Raccolti oltre 500 voti per la Torre dell\u2019Orologio, \u201cLuogo del Cuore\u201d candidato dai turesi; ne servirebbero almeno 2000<\/strong><\/p>\n<p style=\"text-align: justify;\">A fine marzo, la sezione turese del FAI promuoveva sui social un sondaggio a cui sarebbe stato impossibile rispondere con la sola razionalit\u00e0. Si chiedeva: \u201cquale tra l\u2019Antico Forno Comunale o la Torre dell\u2019Orologio candideresti come Luogo del Cuore per il prossimo censimento FAI?\u201d. Razionalmente un turese avrebbe continuato a computare all\u2019infinito, pervenendo sostanzialmente ad una non-risposta: della serie \u201cperch\u00e9 non posso votare entrambi?\u201d. \u00c8 l\u2019impossibilit\u00e0 di scegliere a rendere imbarazzante determinati decisioni ed in questi casi \u00e8 soltanto il cuore a permettere una risposta laddove, invece, la mente rimarrebbe in silenzio, rendendosi conto del suo mutismo selettivo.<\/p>\n<p style=\"text-align: justify;\">Tornando a noi e alle questioni di cuore, la Torre dell\u2019Orologio, conosciuta anche come \u201clu\u2019 arl\u00f2gge de\u2019 San Giu\u00e0nne\u201d, ha avuto la meglio sull\u2019Antico Forno Comunale, candidandosi dunque come Luogo del Cuore turese per il prossimo censimento FAI. Questa votazione inter nos ha rappresentato soltanto la punta dell\u2019iceberg, poich\u00e9, come scrivevamo un mese fa, la strada \u00e8 ancora lunga. A confermarcelo attraverso un\u2019intervista fu Domenica Laruccia, esponente della sezione turese del FAI alla quale afferiscono le energie spese da Antonella Bruno, Silvana Sabino e Damiano Pascalicchio, prodighi cittadini ai quali \u00e8 impossibile non tributare un applauso per l\u2019impegno sin qui dimostrato.<\/p>\n<p style=\"text-align: justify;\">\u00abIn molti \u2013 spiegava Domenica Laruccia \u2013 sono a conoscenza del meccanismo originario dell\u2019orologio e vorrebbero vederlo nuovamente in funzione. Accogliendo questa esigenza della collettivit\u00e0, l\u2019abbiamo candidata nel sondaggio cittadino e forse, proprio per questo, \u00e8 stata la Torre a prevalere al termine delle votazioni. La strada per\u00f2 \u00e8 ancora lunga e innanzitutto i turesi sono chiamati nuovamente al voto, per far s\u00ec che su questo nostro gioiello si possano accendere i riflettori nazionali\u00bb. Ma non si tratta di semplice visibilit\u00e0, poich\u00e9: \u00abL\u2019anno prossimo, dopo questo censimento dei Luoghi del Cuore, si potr\u00e0 partecipare al bando FAI che finanzia il recupero e il restauro dei beni che hanno totalizzato almeno 2000 voti fino al 15 dicembre 2020, giorno di chiusura delle votazioni. Insomma \u00e8 chiaro quanto tutto dipenda da noi. Non vi piacerebbe sistemare il meccanismo originale dell\u2019orologio e poterlo esporre? Per non parlare poi della necessit\u00e0 di recuperare gli infissi, di restaurare il tetto e di studiare una nuova illuminazione. Mi auguro che i turesi facciano sentire il proprio sostegno, quello dei propri amici e dei familiari. Votate e fate votare: l\u2019unione fa la forza!\u00bb.<\/p>\n<p style=\"text-align: justify;\"><strong>528 CLICK PER TURI: NE SERVONO 2000<\/strong><\/p>\n<p style=\"text-align: justify;\">A distanza di un mese siamo andati a dare un\u2019occhiata alla classifica dei Luoghi del Cuore fino ad ora pi\u00f9 suffragati: al terzo posto troviamo l\u2019area urbana e la piazza di Bergamo con circa 7.300 voti; al secondo posto, con circa 8900 preferenze, si piazza l\u2019antico ponte dell\u2019acquedotto di Gravina in Puglia; in cima, con oltre 11500 click, svettano le geometrie e i colori del castello e del parco di Sammezzano in provincia di Firenze. Turi, invece, si aggira ad altezza 116esimo posto con 528 voti a favore e a sostegno della sua Torre dell\u2019Orologio.<\/p>\n<p style=\"text-align: justify;\">Come avranno accolto questo risultato i componenti del FAI turese? Glielo abbiamo chiesto: \u00abAbbiamo raccolto e superato i 500 voti in circa un mese; un buon risultato che non deve per\u00f2 farci rallentare. Ognuno di noi deve riuscire a far votare amici e parenti e cos\u00ec via, perch\u00e9 la Torre rappresenta la nostra memoria storica. Dicembre si avvicina e dobbiamo superare i 2000 voti\u00bb.<\/p>\n<p style=\"text-align: justify;\">Cos\u2019altro ancora \u00e8 possibile fare per far guadagnare terreno alla nostra torre?<\/p>\n<p style=\"text-align: justify;\">\u00abL&#8217;Assessore alla Cultura, la dott.ssa De Carolis, ci ha garantito massima collaborazione nella sponsorizzazione dell&#8217;iniziativa &#8220;I Luoghi del Cuore&#8221;. Infatti, stiamo organizzando, con il suo supporto, un evento che possa contribuire ad accrescere l&#8217;interesse nei confronti della Torre e della valorizzazione del nostro territorio in generale. Come volontari daremo e stiamo dando la massima disponibilit\u00e0 ai nostri concittadini per votare, spetta poi ad ognuno di loro fare la differenza\u00bb.<\/p>\n<p style=\"text-align: justify;\"><strong>\u2026NEL DIVENIRE DELLA VITA<\/strong><\/p>\n<p style=\"text-align: justify;\">Invitiamo ancora una volta i lettori a votare e far votare la Torre dell\u2019Orologio, di seguito descritta, colta nella sua essenzialit\u00e0 poetica dalle parole del maestro e musicista Michele Jamil Marzella: \u00abSimbolo e simbolismo di arcaica storia, rintocchi puntuali nel divenire della vita\u00bb.<\/p>\n<p style=\"text-align: right;\"><strong>LEONARDO FLORIO <\/strong><br \/><strong>Foto di Michele Jamil Marzella<\/strong><\/p>\n","protected":false},"excerpt":{"rendered":"<p><img loading=\"lazy\" decoding=\"async\" src=\"https:\/\/live.staticflickr.com\/65535\/50023889806_57b52033f0_n.jpg\" alt=\"Orologio MARZELLA\" width=\"240\" height=\"320\" \/><\/p>\n","protected":false},"author":1,"featured_media":0,"comment_status":"open","ping_status":"closed","sticky":false,"template":"","format":"standard","meta":{"colormag_page_container_layout":"default_layout","colormag_page_sidebar_layout":"default_layout","footnotes":""},"categories":[6],"tags":[],"class_list":["post-17677","post","type-post","status-publish","format-standard","hentry","category-cultura"],"_links":{"self":[{"href":"https:\/\/archivioturi.lavocedelpaese.info\/index.php\/wp-json\/wp\/v2\/posts\/17677","targetHints":{"allow":["GET"]}}],"collection":[{"href":"https:\/\/archivioturi.lavocedelpaese.info\/index.php\/wp-json\/wp\/v2\/posts"}],"about":[{"href":"https:\/\/archivioturi.lavocedelpaese.info\/index.php\/wp-json\/wp\/v2\/types\/post"}],"author":[{"embeddable":true,"href":"https:\/\/archivioturi.lavocedelpaese.info\/index.php\/wp-json\/wp\/v2\/users\/1"}],"replies":[{"embeddable":true,"href":"https:\/\/archivioturi.lavocedelpaese.info\/index.php\/wp-json\/wp\/v2\/comments?post=17677"}],"version-history":[{"count":0,"href":"https:\/\/archivioturi.lavocedelpaese.info\/index.php\/wp-json\/wp\/v2\/posts\/17677\/revisions"}],"wp:attachment":[{"href":"https:\/\/archivioturi.lavocedelpaese.info\/index.php\/wp-json\/wp\/v2\/media?parent=17677"}],"wp:term":[{"taxonomy":"category","embeddable":true,"href":"https:\/\/archivioturi.lavocedelpaese.info\/index.php\/wp-json\/wp\/v2\/categories?post=17677"},{"taxonomy":"post_tag","embeddable":true,"href":"https:\/\/archivioturi.lavocedelpaese.info\/index.php\/wp-json\/wp\/v2\/tags?post=17677"}],"curies":[{"name":"wp","href":"https:\/\/api.w.org\/{rel}","templated":true}]}}