{"id":17671,"date":"2020-06-17T09:02:33","date_gmt":"2020-06-17T09:02:33","guid":{"rendered":"https:\/\/archivioturi.lavocedelpaese.info\/index.php\/2020\/06\/17\/un-contratto-politico-contro-gli-elettori\/"},"modified":"2020-06-17T09:02:33","modified_gmt":"2020-06-17T09:02:33","slug":"un-contratto-politico-contro-gli-elettori","status":"publish","type":"post","link":"https:\/\/archivioturi.lavocedelpaese.info\/index.php\/2020\/06\/17\/un-contratto-politico-contro-gli-elettori\/","title":{"rendered":"Un \u201ccontratto politico\u201d contro gli elettori"},"content":{"rendered":"<p><img loading=\"lazy\" decoding=\"async\" src=\"https:\/\/live.staticflickr.com\/65535\/49999852082_0db544d109_n.jpg\" alt=\"Paolo Tundo\" width=\"258\" height=\"320\" \/><\/p>\n<p style=\"text-align: center;\"><strong>Paolo Tundo denuncia gli accordi sottoscritti prima della formazione della Giunta<\/strong><\/p>\n<p style=\"text-align: justify;\">Dai primi giorni dell\u2019insediamento dell\u2019Amministrazione Resta, il consigliere Paolo Tundo aveva a pi\u00f9 riprese evidenziato la presenza di \u201cfibrillazione\u201d interne alla compagine della maggioranza. La spia pi\u00f9 evidente, il consigliere, sarebbe stato il ritardo nella scelta degli assessori. \u00abI malumori che serpeggiavano fuori le stanze del Comune \u2013 spiega \u2013 denunciavano che qualcosa si era inceppato. Apprendo che quella crisi sarebbe stata temporaneamente messa a tacere con un \u201ccontratto politico\u201d, sottoscritto proprio per facilitare la formazione della Giunta. Si parla di una \u201cstaffetta\u201d che dovrebbe portare a ruotare gli assessori a met\u00e0 mandato e dell\u2019istituzione della Presidenza del Consiglio come contropartita per \u201ctenere buona\u201d la corrente di Forza Italia\u00bb.<\/p>\n<p style=\"text-align: justify;\">\u00abSe fosse vera questa notizia trapelata sulla stampa \u2013 aggiunge \u2013 con quel patto si sarebbero posti i presupposti per tradire la volont\u00e0 espressa dagli elettori. Il gruppo guidato da Onofrio Resta \u00e8 stato determinante per la vittoria della lista di Tina Resta, ha preso il maggior numero di preferenze ed \u00e8 giusto che, proprio per rispettare quei consensi, i due assessori scelti (Topputi e De Carolis, ndr) restino in carica per tutta la durata del Governo cittadino, dando loro la possibilit\u00e0 di dimostrare di avere le capacit\u00e0 di amministrare\u00bb.<\/p>\n<p style=\"text-align: justify;\">\u00abSpiace dover prender atto \u2013 rilancia Tundo \u2013 che si continua con questa litigiosit\u00e0 interna, mossa da una spasmodica ricerca della poltrona. E nel frattempo non si riesce a concludere nulla per il bene del paese, anzi lo si danneggia. Emblematico \u00e8 il caso dell\u2019ultima \u201cdenuncia interna\u201d all\u2019area tecnica: quando la parte politica appare debole e divisa, \u00e8 chiaro che non si riesce a dare il necessario atto d\u2019indirizzo per far funzionare al meglio gli Uffici, quell\u2019impulso propositivo di cui Turi ha bisogno per risolvere i tanti problemi che ha ereditato da anni di gestioni dubbie e interrotte da capricci dei singoli\u00bb.<\/p>\n<p style=\"text-align: justify;\">\u00abNon ho nulla contro l\u2019Amministrazione \u2013 conclude, rimarcando il suo approccio costruttivo \u2013 l\u2019auspicio \u00e8 che si smetta di ricattare la stabilit\u00e0 della maggioranza facendo pesare voti e numeri, che si trovi un proprio equilibrio e si eviti di ripetere gli errori che abbiamo visto con la Giunta Coppi, dove si \u00e8 cercato di \u201ctirare a campare\u201d fin quando le beghe interne sono diventante cos\u00ec dirompenti e ingestibili da portare alla sfiducia del sindaco e all\u2019arrivo di un Commissario\u00bb.<\/p>\n<p style=\"text-align: justify;\">Prima di archiviare l\u2019intervista, chiediamo un parere sull\u2019iniziativa \u201cSagra della Ciliegia Express\u201d. \u00abHo apprezzato questa manifestazione \u2013 risponde Tundo \u2013 poich\u00e9 va nella giusta direzione di valorizzare il nostro prodotto principe in un momento in cui il comparto agricolo \u00e8 seriamente ferito e in cui il Coronavirus ha portato a uno stallo dell\u2019economia e dei consumi. Qualsiasi idea che punti a rafforzare lo sviluppo economico territoriale, dando ossigeno alle aziende agricole e alle famiglie che vivono grazie alle ciliegie, \u00e8 ben accetta. Sono certo che si coglier\u00e0 l\u2019occasione per rappresentare la difficolt\u00e0 che stanno attraversando i nostri agricoltori, facendo tutto il possibile affinch\u00e9 il Governo preveda degli appositi stanziamenti per ridare serenit\u00e0 e prospettiva all\u2019agricoltura\u00bb.<\/p>\n<p style=\"text-align: right;\"><strong>FD<\/strong><\/p>\n","protected":false},"excerpt":{"rendered":"<p><img loading=\"lazy\" decoding=\"async\" src=\"https:\/\/live.staticflickr.com\/65535\/49999852082_0db544d109_n.jpg\" alt=\"Paolo Tundo\" width=\"258\" height=\"320\" \/><\/p>\n","protected":false},"author":1,"featured_media":0,"comment_status":"open","ping_status":"closed","sticky":false,"template":"","format":"standard","meta":{"colormag_page_container_layout":"default_layout","colormag_page_sidebar_layout":"default_layout","footnotes":""},"categories":[4],"tags":[],"class_list":["post-17671","post","type-post","status-publish","format-standard","hentry","category-politica"],"_links":{"self":[{"href":"https:\/\/archivioturi.lavocedelpaese.info\/index.php\/wp-json\/wp\/v2\/posts\/17671","targetHints":{"allow":["GET"]}}],"collection":[{"href":"https:\/\/archivioturi.lavocedelpaese.info\/index.php\/wp-json\/wp\/v2\/posts"}],"about":[{"href":"https:\/\/archivioturi.lavocedelpaese.info\/index.php\/wp-json\/wp\/v2\/types\/post"}],"author":[{"embeddable":true,"href":"https:\/\/archivioturi.lavocedelpaese.info\/index.php\/wp-json\/wp\/v2\/users\/1"}],"replies":[{"embeddable":true,"href":"https:\/\/archivioturi.lavocedelpaese.info\/index.php\/wp-json\/wp\/v2\/comments?post=17671"}],"version-history":[{"count":0,"href":"https:\/\/archivioturi.lavocedelpaese.info\/index.php\/wp-json\/wp\/v2\/posts\/17671\/revisions"}],"wp:attachment":[{"href":"https:\/\/archivioturi.lavocedelpaese.info\/index.php\/wp-json\/wp\/v2\/media?parent=17671"}],"wp:term":[{"taxonomy":"category","embeddable":true,"href":"https:\/\/archivioturi.lavocedelpaese.info\/index.php\/wp-json\/wp\/v2\/categories?post=17671"},{"taxonomy":"post_tag","embeddable":true,"href":"https:\/\/archivioturi.lavocedelpaese.info\/index.php\/wp-json\/wp\/v2\/tags?post=17671"}],"curies":[{"name":"wp","href":"https:\/\/api.w.org\/{rel}","templated":true}]}}