{"id":17662,"date":"2020-06-13T09:44:05","date_gmt":"2020-06-13T09:44:05","guid":{"rendered":"https:\/\/archivioturi.lavocedelpaese.info\/index.php\/2020\/06\/13\/carte-prepagate-al-posto-del-banco-alimentare\/"},"modified":"2020-06-13T09:44:05","modified_gmt":"2020-06-13T09:44:05","slug":"carte-prepagate-al-posto-del-banco-alimentare","status":"publish","type":"post","link":"https:\/\/archivioturi.lavocedelpaese.info\/index.php\/2020\/06\/13\/carte-prepagate-al-posto-del-banco-alimentare\/","title":{"rendered":"Carte prepagate al posto del banco alimentare"},"content":{"rendered":"<p><img loading=\"lazy\" decoding=\"async\" src=\"https:\/\/live.staticflickr.com\/65535\/49999013318_c6ce67f443_n.jpg\" alt=\"BOX conto corrente\" width=\"320\" height=\"320\" \/><\/p>\n<p style=\"text-align: center;\"><strong>La misura \u00e8 stata finanziata con le donazioni raccolte sul conto corrente comunale<\/strong><\/p>\n<p style=\"text-align: justify;\">Dall\u2019inizio dell\u2019emergenza Covid-19, il Comune di Turi ha istituito un conto corrente dedicato presso la Tesoreria comunale, dando la possibilit\u00e0 di effettuare donazioni in denaro a quanti volevano contribuire alle necessit\u00e0 alimentari dei concittadini in stato di bisogno.<\/p>\n<p style=\"text-align: justify;\">Una chiamata alla solidariet\u00e0 collettiva che non ha tardato a dare i suoi risultati: da una prima ricognizione, si \u00e8 preso atto che, alla data del 21 maggio, il totale dei versamenti ha raggiunto quota 3.768 euro. Cifra che la Giunta ha deliberato di utilizzare per l\u2019acquisto di carte prepagate con cui sar\u00e0 possibile comprare generi di prima necessit\u00e0 negli esercizi commerciali convenzionati. Stessa destinazione \u00e8 stata stabilita anche per le eventuali future somme donate sul conto corrente comunale.<\/p>\n<p style=\"text-align: justify;\">Vanno quindi in pensione i \u201cpacchi viveri\u201d del banco alimentare, favorendo l\u2019introduzione di una modalit\u00e0 di sostegno pi\u00f9 snella e soprattutto pi\u00f9 discreta, che salvaguardia ulteriormente dignit\u00e0 e privacy dei turesi che stanno subendo le pesanti conseguenze socioeconomiche della pandemia. Il compito di assegnare queste \u201ccarte Covid\u201d \u00e8 stato demandato ai Servizi Sociali, che hanno ricevuto l\u2019indirizzo di dare priorit\u00e0 ai nuclei familiari in condizione di estrema indigenza.<\/p>\n<p style=\"text-align: justify;\">Per onest\u00e0 di cronaca, ricordiamo che l\u2019idea di introdurre le carte prepagate in sostituzione dei cosiddetti \u201cbuoni Covid\u201d era stata proposta un mese fa da Sergio Spinelli, consigliere del gruppo \u201cPatto per Turi\u201d. Evidentemente, il suggerimento \u00e8 stato ritenuto valido dell\u2019Amministrazione Resta che, nello spirito della \u201cleale collaborazione\u201d pi\u00f9 volte auspicato, non ha perso tempo a metterlo in atto.<\/p>\n","protected":false},"excerpt":{"rendered":"<p><img loading=\"lazy\" decoding=\"async\" src=\"https:\/\/live.staticflickr.com\/65535\/49999013318_c6ce67f443_n.jpg\" alt=\"BOX conto corrente\" width=\"320\" height=\"320\" \/><\/p>\n","protected":false},"author":1,"featured_media":0,"comment_status":"open","ping_status":"closed","sticky":false,"template":"","format":"standard","meta":{"colormag_page_container_layout":"default_layout","colormag_page_sidebar_layout":"default_layout","footnotes":""},"categories":[7],"tags":[],"class_list":["post-17662","post","type-post","status-publish","format-standard","hentry","category-attualita"],"_links":{"self":[{"href":"https:\/\/archivioturi.lavocedelpaese.info\/index.php\/wp-json\/wp\/v2\/posts\/17662","targetHints":{"allow":["GET"]}}],"collection":[{"href":"https:\/\/archivioturi.lavocedelpaese.info\/index.php\/wp-json\/wp\/v2\/posts"}],"about":[{"href":"https:\/\/archivioturi.lavocedelpaese.info\/index.php\/wp-json\/wp\/v2\/types\/post"}],"author":[{"embeddable":true,"href":"https:\/\/archivioturi.lavocedelpaese.info\/index.php\/wp-json\/wp\/v2\/users\/1"}],"replies":[{"embeddable":true,"href":"https:\/\/archivioturi.lavocedelpaese.info\/index.php\/wp-json\/wp\/v2\/comments?post=17662"}],"version-history":[{"count":0,"href":"https:\/\/archivioturi.lavocedelpaese.info\/index.php\/wp-json\/wp\/v2\/posts\/17662\/revisions"}],"wp:attachment":[{"href":"https:\/\/archivioturi.lavocedelpaese.info\/index.php\/wp-json\/wp\/v2\/media?parent=17662"}],"wp:term":[{"taxonomy":"category","embeddable":true,"href":"https:\/\/archivioturi.lavocedelpaese.info\/index.php\/wp-json\/wp\/v2\/categories?post=17662"},{"taxonomy":"post_tag","embeddable":true,"href":"https:\/\/archivioturi.lavocedelpaese.info\/index.php\/wp-json\/wp\/v2\/tags?post=17662"}],"curies":[{"name":"wp","href":"https:\/\/api.w.org\/{rel}","templated":true}]}}