{"id":17653,"date":"2020-06-09T13:23:56","date_gmt":"2020-06-09T13:23:56","guid":{"rendered":"https:\/\/archivioturi.lavocedelpaese.info\/index.php\/2020\/06\/09\/campo-in-fiamme-in-via-ginestre\/"},"modified":"2020-06-09T13:23:56","modified_gmt":"2020-06-09T13:23:56","slug":"campo-in-fiamme-in-via-ginestre","status":"publish","type":"post","link":"https:\/\/archivioturi.lavocedelpaese.info\/index.php\/2020\/06\/09\/campo-in-fiamme-in-via-ginestre\/","title":{"rendered":"Campo in fiamme in via Ginestre"},"content":{"rendered":"<p><img loading=\"lazy\" decoding=\"async\" src=\"https:\/\/live.staticflickr.com\/65535\/49975517242_882cfeb2c0_n.jpg\" alt=\"incendio (1)\" width=\"320\" height=\"180\" \/><\/p>\n<p style=\"text-align: center;\"><strong>Un&#8217;altra prova magistrale della nostra Protezione Civile<\/strong><\/p>\n<p style=\"text-align: justify;\">Dopo tre mesi di lotta contro il Covid-19, la Protezione Civile si ritrova ad affrontare un nuovo \u201cnemico\u201d, questa volta ben conosciuto. Ci riferiamo alla piaga dei roghi estivi, quasi sempre alimentati dalle sterpaglie che, se non bonificate, rischiano di trasformarsi nell&#8217;innesco ideale. E l\u2019incendio divampato nel pomeriggio di venerd\u00ec 29 maggio in un suolo incolto in via Ginestre, rientra appieno in questa casistica. Da segnalare, tra l\u2019altro, che la Protezione Civile era gi\u00e0 intervenuta in quel campo meno di un mese fa.<\/p>\n<p><img loading=\"lazy\" decoding=\"async\" src=\"https:\/\/live.staticflickr.com\/65535\/49975517252_21a879c50d_n.jpg\" alt=\"incendio (2)\" style=\"margin: 6px; float: right;\" width=\"320\" height=\"253\" \/><\/p>\n<p style=\"text-align: justify;\">Venendo alla cronaca dell\u2019episodio, ricevuta la segnalazione dal Comando della Polizia Locale, i volontari si sono recati sul posto trovandosi di fronte al classico scenario: un muro di erba cresciuta a dismisura e seccata dal sole di fine maggio. Dopo una rapida fase di coordinamento, la squadra ha iniziato a circoscrivere l\u2019incendio, evitando che si estendesse ai campi limitrofi. Nel frattempo, sono giunti i Vigili del Fuoco del Distaccamento di Putignano. Il loro supporto \u00e8 stato fondamentale per domare le fiamme che avvolgevano una montagnetta \u2013 costituita da rifiuti vari, sfalci e rami di alberi \u2013 che si trovava pressappoco al centro del suolo. Per estinguere il rogo, dopo aver tentato invano l\u2019impiego del fuoristrada dei pompieri, \u00e8 stato necessario ricorrere alla potenza dell\u2019autopompa. Disinnescato l\u2019incendio, si sono eseguite le operazioni di bonifica, necessarie ad accertarsi che non ci fosse alcun focolaio residuo, pronto a ridare vita alle fiamme.<\/p>\n<p style=\"text-align: justify;\">Giova ricordare che, fino al 15 settembre, \u00e8 in vigore l&#8217;ordinanza per la prevenzione degli incendi. Tra le varie prescrizioni, vi \u00e8 l&#8217;obbligo di realizzare adeguate fasce protettive, di larghezza non inferiore ai quindici metri, lungo tutto il perimetro del fondo, cos\u00ec da evitare il propagarsi delle fiamme nelle aree circostanti. Prescrizione valida sia per i proprietari che per i conduttori dei terreni incolti in stato di abbandono o a riposo.<\/p>\n<p style=\"text-align: justify;\"><strong>INCIDENTE SULLA TURI-PUTIGNANO<\/strong><\/p>\n<p><img loading=\"lazy\" decoding=\"async\" src=\"https:\/\/live.staticflickr.com\/65535\/49975517217_a5018e0a4f_n.jpg\" alt=\"incidente\" style=\"margin: 6px; float: left;\" width=\"267\" height=\"320\" \/><\/p>\n<p style=\"text-align: justify;\">Pochi minuti dopo aver concluso l\u2019intervento in via Ginestre, le nostre \u201csentinelle\u201d venivano informate che una loro collega era rimasta coinvolta in un incidente verificatosi sulla Turi-Putignano. Nonostante la stanchezza, si sono precipitati sul luogo del sinistro per sincerarsi delle condizioni di salute della collega.<\/p>\n<p style=\"text-align: justify;\">Rassicurati che la donna aveva riportato solo una lussazione del braccio e che era gi\u00e0 stata affidata alle cure dei sanitari, i volontari erano pronti per ritornare alla base; tuttavia, poich\u00e9 la Polizia Locale aveva bisogno di un supporto per gestire la viabilit\u00e0, con il consueto spirito di abnegazione hanno prestato il proprio aiuto fin quando non sono ultimate le operazioni di messa in sicurezza del tratto della provinciale interessato dall\u2019incidente.<\/p>\n<p style=\"text-align: right;\"><strong>FD<\/strong><\/p>\n","protected":false},"excerpt":{"rendered":"<p><img loading=\"lazy\" decoding=\"async\" src=\"https:\/\/live.staticflickr.com\/65535\/49975517242_882cfeb2c0_n.jpg\" alt=\"incendio (1)\" width=\"320\" height=\"180\" \/><\/p>\n","protected":false},"author":1,"featured_media":0,"comment_status":"open","ping_status":"closed","sticky":false,"template":"","format":"standard","meta":{"colormag_page_container_layout":"default_layout","colormag_page_sidebar_layout":"default_layout","footnotes":""},"categories":[8],"tags":[],"class_list":["post-17653","post","type-post","status-publish","format-standard","hentry","category-cronaca"],"_links":{"self":[{"href":"https:\/\/archivioturi.lavocedelpaese.info\/index.php\/wp-json\/wp\/v2\/posts\/17653","targetHints":{"allow":["GET"]}}],"collection":[{"href":"https:\/\/archivioturi.lavocedelpaese.info\/index.php\/wp-json\/wp\/v2\/posts"}],"about":[{"href":"https:\/\/archivioturi.lavocedelpaese.info\/index.php\/wp-json\/wp\/v2\/types\/post"}],"author":[{"embeddable":true,"href":"https:\/\/archivioturi.lavocedelpaese.info\/index.php\/wp-json\/wp\/v2\/users\/1"}],"replies":[{"embeddable":true,"href":"https:\/\/archivioturi.lavocedelpaese.info\/index.php\/wp-json\/wp\/v2\/comments?post=17653"}],"version-history":[{"count":0,"href":"https:\/\/archivioturi.lavocedelpaese.info\/index.php\/wp-json\/wp\/v2\/posts\/17653\/revisions"}],"wp:attachment":[{"href":"https:\/\/archivioturi.lavocedelpaese.info\/index.php\/wp-json\/wp\/v2\/media?parent=17653"}],"wp:term":[{"taxonomy":"category","embeddable":true,"href":"https:\/\/archivioturi.lavocedelpaese.info\/index.php\/wp-json\/wp\/v2\/categories?post=17653"},{"taxonomy":"post_tag","embeddable":true,"href":"https:\/\/archivioturi.lavocedelpaese.info\/index.php\/wp-json\/wp\/v2\/tags?post=17653"}],"curies":[{"name":"wp","href":"https:\/\/api.w.org\/{rel}","templated":true}]}}