{"id":17638,"date":"2020-06-03T13:24:39","date_gmt":"2020-06-03T13:24:39","guid":{"rendered":"https:\/\/archivioturi.lavocedelpaese.info\/index.php\/2020\/06\/03\/lettera-aperta-al-nostro-patrono\/"},"modified":"2020-06-03T13:24:39","modified_gmt":"2020-06-03T13:24:39","slug":"lettera-aperta-al-nostro-patrono","status":"publish","type":"post","link":"https:\/\/archivioturi.lavocedelpaese.info\/index.php\/2020\/06\/03\/lettera-aperta-al-nostro-patrono\/","title":{"rendered":"Lettera aperta al nostro Patrono"},"content":{"rendered":"<p><img loading=\"lazy\" decoding=\"async\" src=\"https:\/\/live.staticflickr.com\/65535\/49950378617_d712f973e9_n.jpg\" alt=\"sant'oronzo statua ft pascalicchio\" width=\"256\" height=\"320\" \/><\/p>\n<p style=\"text-align: center;\"><strong>Damiano Pascalicchio: \u201cSant\u2019Oronzo ci insegna l\u2019accoglienza e il dono totale per gli altri\u201d<\/strong><\/p>\n<p style=\"text-align: justify;\">In occasione del 30esimo anniversario dalla posa della statua dedicata a Sant\u2019Oronzo, Damiano Pascalicchio ha voluto condividere con i suoi concittadini un\u2019ideale lettera aperta indirizzata al nostro Patrono. Un\u2019appassionata lode in cui, nella vista di \u201cfiglio devoto\u201d, si esalta il legame che unisce Turi al proprio \u201cpadre\u201d, al Protettore che \u201cnon ha mai lasciato solo il suo popolo\u201d. Prima di riproporvi questa ispirata meditazione, abbiamo rivolto qualche domanda al suo autore.<\/p>\n<p style=\"text-align: justify;\"><strong>Come \u00e8 nata l\u2019idea di questa lettera aperta?<\/strong><\/p>\n<p style=\"text-align: justify;\">\u00abVenerd\u00ec 22 maggio, festa di santa Rita, ricorreva il compleanno di mio nonno, il quale, molto devoto al nostro Santo Patrono, voleva ringraziarlo per i tanti doni da Lui ricevuti. Non potendolo fare personalmente, decisi di andare io al suo posto. Mentre passeggiavo e mi avvicinavo sempre pi\u00f9 alla statua del nostro Patrono sita a Largo San Giovanni, alzando gli occhi al cielo vidi un bellissimo segno nel cielo. Ero cos\u00ec incantato tanto che i passanti, incuriositi, mi chiedevano per quale motivo stessi osservando e fotografando il cielo. Dopo qualche secondo, fu tutto pi\u00f9 chiaro. Mentre il giorno volgeva al tramonto, le nuvole con le loro sfumature rosse formavano un grande cuore proprio in direzione della statua. Compresi sin da subito che il nostro Santo Patrono voleva dirci qualcosa: voleva farci assaporare la sua presenza e il suo amore verso tutti noi. Tornato a casa mi recai in camera e dinanzi alla sua immagine decisi di scrivergli una lettera, proprio come fa un figlio con suo padre nei momenti difficili. In quel \u201cTuo figlio\u201d alla fine della lettera, ciascuno di noi si riconosce. La storia, infatti ci racconta come, proprio in questi momenti storici difficili, il popolo turese si affidava al suo Patrono. Cos\u00ec \u00e8 stato in tempo di peste, cos\u00ec accade ancora oggi in tempo di pandemia in cui il popolo ritorna a lui con devozione. Sono certo che non ci ha lasciati soli, per questo volevo dirgli \u201cGRAZIE\u201d\u00bb.<\/p>\n<p style=\"text-align: justify;\"><strong>Nella sua riflessione, Sant\u2019Oronzo supera il concetto di \u201cforestiero\u201d, testimoniando l\u2019accoglienza. Turi \u00e8 pronta a seguire questo illustre esempio o \u00e8 ancora vittime di pregiudizi?<\/strong><\/p>\n<p style=\"text-align: justify;\">\u00abIl termine \u201cforestiero\u201d non \u00e8 stato utilizzato casualmente. Facevo riferimento alla posizione strategica e centrale che la statua occupa nella nostra citt\u00e0. Mentre scrivevo la lettera, pensavo che tutti, ma proprio tutti, passano inevitabilmente davanti a Lui. Guardandoti dall\u2019alto, ti accoglie senza pregiudizi ma con amore gratuito. Sant\u2019Oronzo ci indica la strada dell\u2019accoglienza. Voglio ricordare a tutti che anche Sant\u2019Oronzo si \u00e8 sentito \u201cforestiero\u201d.<\/p>\n<p style=\"text-align: justify;\">San Paolo, dopo aver scritto la celeberrima lettera ai Romani, affid\u00f2 a Giusto il compito di portare tale lettera a Roma. Durante il viaggio fece naufragio e approd\u00f2 sulle coste salentine; con paura e tanta stanchezza per il lungo viaggio in mare si avvi\u00f2 in quelle terre sconosciute nella speranza di trovare qualcuno che lo aiutasse. Quand\u2019ecco incontra un giovane patrizio leccese, di nome Oronzo, il quale era solito ospitare nella sua casa con carit\u00e0 e immenso amore i poveri e gli stranieri che sbarcavano sulle coste. Oronzo, vedendo Giusto in difficolt\u00e0, va immediatamente in suo soccorso e sentendolo parlare di Ges\u00f9 decide di convertirsi e ricevere proprio dal discepolo di Paolo il Battesimo. Da qui ha inizio una storia di grande eroicit\u00e0 e amore. Oronzo e Giusto intraprendono la loro missione da \u201cforestieri\u201d in terre sconosciute, portando il messaggio evangelico.<\/p>\n<p style=\"text-align: justify;\">Per quale motivo ho voluto raccontare questa storia? Perch\u00e9 Sant\u2019Oronzo ci insegna l\u2019accoglienza e il dono totale per gli altri e ci educa alla conversione del cuore. Chiss\u00e0 quante volte abbiamo incontrato sulle strade della nostra vita \u201cGiusto\u201d e non abbiamo fatto nulla o, peggio, l\u2019abbiamo rifiutato chiudendogli la porta. Il santo Patrono deve essere il modello di vita dei suoi devoti. Non serve festeggiarlo, onorarlo e pregarlo se non si imita la sua vita. In questo tempo storico difficile Sant\u2019Oronzo ci indica la strada dell\u2019amore e dell\u2019accoglienza verso il prossimo.<\/p>\n<p style=\"text-align: justify;\">Il concetto di \u201cforestiero\u201d \u00e8 inteso nel senso pi\u00f9 ampio del termine; infatti, possiamo sentirci \u201cforestieri\u201d anche in noi stessi, nelle nostre comunit\u00e0, nei nostri luoghi di lavoro o persino nelle nostre famiglie che rappresentano la culla della nostra vita. Il forestiero non \u00e8 solamente lo straniero di turno che sbarca sulle nostre coste in cerca di speranza. Tutti noi ci sentiamo forestieri quando non veniamo accolti, quando non veniamo ascoltati. Sant\u2019Oronzo indica come comportarci. Spero che sul suo esempio, al termine di questa pandemia, avvenga la conversione del cuore. Non possiamo definirci cristiani se il nostro cuore non \u00e8 pronto ad accogliere. Nella fase 3 auspico un contagio di amore\u00bb.<\/p>\n<p style=\"text-align: justify;\"><strong>Molti suoi interventi sono ispirati ai valori della fede cristiana. Ritiene che sia un retroterra culturale condiviso tra i suoi coetanei?<\/strong><\/p>\n<p style=\"text-align: justify;\">\u00abChi incarna nella sua vita i valori della Fede, non pu\u00f2 tenerseli per s\u00e9 ma deve condividerli con gli altri. Per questo motivo mi sforzo di vivere la mia vita secondo il vangelo. Non \u00e8 certo una missione facile soprattutto in una societ\u00e0 che si discosta da quelli che sono i valori cristiani. Qual \u00e8 il nostro compito? Semplicemente, vivere da cristiani. Qualcuno diceva: \u201cnon parlate di fede a chi non vuole ascoltare bens\u00ec comportatevi da cristiani in modo che siano loro a chiedervi di Ges\u00f9.\u201d Questo \u00e8 lo stile di vita che cerco di incarnare nonostante le mie fragilit\u00e0 e paure. Quindi a coloro che sono lontani dico: seguite l\u2019esempio di Sant\u2019Oronzo, non abbiate paura ma aprite un dialogo costruttivo, dove poter abbattere il muro dell\u2019IO e costruire ponti che conducono alla fraternit\u00e0\u00bb.<\/p>\n<p style=\"text-align: right;\"><strong>FD<\/strong><\/p>\n<p style=\"text-align: justify;\"><strong>La lettera aperta<\/strong><\/p>\n<p style=\"text-align: justify;\">Caro Padre,<\/p>\n<p style=\"text-align: justify;\">a questa statua a te innalzata siamo tutti legati. Ogni giorno sembra che tu ci dia il &#8220;Buongiorno&#8221; all&#8217;alba delle nostre giornate fino al loro tramonto. Passeggiando, molti si fermano per salutarTi con un piccolo cenno e per affidarsi completamente a te. Da secoli fai parte di noi, della nostra storia, delle nostre giornate, delle nostre famiglie e nessuno con te si sente solo o forestiero. A tutti coloro che entrano nella nostra citt\u00e0 tu sei il primo a dargli il &#8220;benvenuto&#8221; facendolo sentire subito a casa.<\/p>\n<p style=\"text-align: justify;\">Quando incrociamo i tuoi occhi, tu ci doni forza nell&#8217;affrontare le nostre giornate.<\/p>\n<p style=\"text-align: justify;\">Dall&#8217;alto con la tua mano benedicente continua a benedirci e ad indicarci la vita che conduce alla felicit\u00e0. Con la tua mano sii pronto ad accarezzare ciascuno di noi nei momenti difficili. Tu, ancora una volta, ti mostri vicino al tuo popolo che mai hai lasciato solo. Ci sentiamo accompagnati da te, pastore buono, che con il tuo bastone ci dai conforto e sicurezza. Con i tuoi occhi, che brillano di amore, continua a vegliare su tutti noi e a custodire il gregge a te affidato.<\/p>\n<p style=\"text-align: justify;\">Infine, caro Sant&#8217;Oronzo, fa che la nostra Fede non si spenga mai ma continui a farci battere il cuore per Te.<\/p>\n<p style=\"text-align: justify;\">Il nostro cuore offriamo a Te;<\/p>\n<p style=\"text-align: justify;\">Il nostro cuore \u00e8 pieno di Te,<\/p>\n<p style=\"text-align: justify;\">da secoli ogni giorno e per sempre!<\/p>\n<p style=\"text-align: justify;\">Tuo Figlio&nbsp;<\/p>\n","protected":false},"excerpt":{"rendered":"<p><img loading=\"lazy\" decoding=\"async\" src=\"https:\/\/live.staticflickr.com\/65535\/49950378617_d712f973e9_n.jpg\" alt=\"sant'oronzo statua ft pascalicchio\" width=\"256\" height=\"320\" \/><\/p>\n","protected":false},"author":1,"featured_media":0,"comment_status":"open","ping_status":"closed","sticky":false,"template":"","format":"standard","meta":{"colormag_page_container_layout":"default_layout","colormag_page_sidebar_layout":"default_layout","footnotes":""},"categories":[6],"tags":[],"class_list":["post-17638","post","type-post","status-publish","format-standard","hentry","category-cultura"],"_links":{"self":[{"href":"https:\/\/archivioturi.lavocedelpaese.info\/index.php\/wp-json\/wp\/v2\/posts\/17638","targetHints":{"allow":["GET"]}}],"collection":[{"href":"https:\/\/archivioturi.lavocedelpaese.info\/index.php\/wp-json\/wp\/v2\/posts"}],"about":[{"href":"https:\/\/archivioturi.lavocedelpaese.info\/index.php\/wp-json\/wp\/v2\/types\/post"}],"author":[{"embeddable":true,"href":"https:\/\/archivioturi.lavocedelpaese.info\/index.php\/wp-json\/wp\/v2\/users\/1"}],"replies":[{"embeddable":true,"href":"https:\/\/archivioturi.lavocedelpaese.info\/index.php\/wp-json\/wp\/v2\/comments?post=17638"}],"version-history":[{"count":0,"href":"https:\/\/archivioturi.lavocedelpaese.info\/index.php\/wp-json\/wp\/v2\/posts\/17638\/revisions"}],"wp:attachment":[{"href":"https:\/\/archivioturi.lavocedelpaese.info\/index.php\/wp-json\/wp\/v2\/media?parent=17638"}],"wp:term":[{"taxonomy":"category","embeddable":true,"href":"https:\/\/archivioturi.lavocedelpaese.info\/index.php\/wp-json\/wp\/v2\/categories?post=17638"},{"taxonomy":"post_tag","embeddable":true,"href":"https:\/\/archivioturi.lavocedelpaese.info\/index.php\/wp-json\/wp\/v2\/tags?post=17638"}],"curies":[{"name":"wp","href":"https:\/\/api.w.org\/{rel}","templated":true}]}}