{"id":17630,"date":"2020-06-01T06:29:56","date_gmt":"2020-06-01T06:29:56","guid":{"rendered":"https:\/\/archivioturi.lavocedelpaese.info\/index.php\/2020\/06\/01\/un-anno-di-amministrazione\/"},"modified":"2020-06-01T06:29:56","modified_gmt":"2020-06-01T06:29:56","slug":"un-anno-di-amministrazione","status":"publish","type":"post","link":"https:\/\/archivioturi.lavocedelpaese.info\/index.php\/2020\/06\/01\/un-anno-di-amministrazione\/","title":{"rendered":"Un anno di Amministrazione"},"content":{"rendered":"<p><img loading=\"lazy\" decoding=\"async\" src=\"https:\/\/live.staticflickr.com\/65535\/49949924166_306de60889_n.jpg\" alt=\"Il sindaco Tina Resta\" width=\"320\" height=\"213\" \/><\/p>\n<p style=\"text-align: center;\"><strong>Dai provvedimenti per la \u201cfase due\u201d al bilancio del sindaco Tina Resta sui primi dodici mesi di governo<\/strong><\/p>\n<p style=\"text-align: justify;\">Il 26 maggio, l\u2019Amministrazione ha spento la prima candelina, festeggiando un anno di governo che non \u00e8 stato tra i pi\u00f9 semplici. Alla carenza di personale e alle vicissitudini legate alla prematura scomparsa del Segretario comunale, si \u00e8 aggiunta l\u2019emergenza Coronavirus, destinata a passer\u00e0 alla storia come la pandemia pi\u00f9 feroce del nostro secolo.<\/p>\n<p style=\"text-align: justify;\">Nell\u2019intervista che il sindaco Tina Resta ci ha concesso, partiamo proprio da un bilancio della \u201cfase due\u201d, soffermandoci sulle preoccupazioni che la comprensibile \u201ceuforia da libert\u00e0\u201d possa farci fare un passo indietro e sui provvedimenti adottati per favorire la ripresa, il graduale ritorno alla normalit\u00e0 che non pu\u00f2 prescindere dal tenere a mente il passato recente, il costo in termini di vite umane e di disagio socioeconomico che questo virus ha imposto.<\/p>\n<p style=\"text-align: justify;\">La seconda parte delle riflessioni del primo cittadino si sofferma sul cammino amministrativo fin qui percorso. Un cammino animato dal desiderio di impegnarsi a scardinare i meccanismi \u201cincancreniti\u201d della politica, che troppo spesso si lascia andare a derive personalistiche, puerili contestazioni o, peggio, altezzose prese di distanza dai cittadini. Un cammino, volendo trovare una sintesi, segnato dall\u2019onest\u00e0 e dalla determinazione di chi, non avendo scheletri nell\u2019armadio, non \u00e8 \u201cricattabile\u201d e si rimbocca le maniche perch\u00e9 \u201c\u00e8 innamorato di quello che fa\u201d.<\/p>\n<p style=\"text-align: justify;\"><strong>Un primo bilancio della \u201cfase due\u201d?<\/strong><\/p>\n<p style=\"text-align: justify;\">\u00abSe la \u201cfase uno\u201d \u00e8 stata tragica per l\u2019imprevedibilit\u00e0 dell\u2019emergenza sanitaria che ha colto tutti impreparati, la \u201cfase due\u201d ci impone nuove sfide. La principale preoccupazione \u00e8 trovare il giusto equilibrio tra la voglia di libert\u00e0, pi\u00f9 che comprensibile dopo due mesi di \u201carresti domiciliari\u201d, e il rischio di affrettare i tempi e di ripiombare in un nuovo lockdown.<\/p>\n<p style=\"text-align: justify;\">Probabilmente il mio atteggiamento potr\u00e0 sembrare troppo restrittivo ma ho il compito di difendere la salute di tutti cittadini. Vorrei si capisse che rispettare le misure di prevenzione, ripensare il modo di stare insieme e di fruire gli spazi comuni con accortezza, \u00e8 la sola via per evitare nuovi contagi e superare al meglio questa seconda fase.<\/p>\n<p style=\"text-align: justify;\">Comprendo l\u2019impazienza di ritornare alla normalit\u00e0, soprattutto quella dei pi\u00f9 piccoli, ansiosi di ritornare a giocare con i propri amici. Chiedo solo ancora qualche altra settimana di sacrificio: se i dati epidemiologici continueranno ad essere rincuoranti, gi\u00e0 all\u2019inizio di giugno potremo guadagnare nuovi spazi, sempre senza abbassare la guardia. Sfidare il virus non conviene a nessuno; non dimentichiamo il prezzo in termini di vite umane che abbiamo pagato.<\/p>\n<p style=\"text-align: justify;\">Turi \u00e8 riuscita a difendersi abbastanza bene, registrando pochi casi positivi, proprio grazie all\u2019adozione immediata di misure precauzionali rigide e ai comportamenti lodevoli di buona parte della cittadinanza, che ha compreso subito la gravit\u00e0 della situazione. Non dimentico le tante famiglie che, con grande senso di responsabilit\u00e0, si sono sottoposte alla quarantena volontaria per tutelare la propria comunit\u00e0. A loro va il mio ringraziamento, cos\u00ec come sono grata a tutti i cittadini e gli esercizi commerciali che, nonostante attraversino un momento di difficolt\u00e0 economica, si stanno impegnando per adottare tutti gli accorgimenti necessari a ripartire tutti in sicurezza\u00bb.<\/p>\n<p style=\"text-align: justify;\"><strong>Come procede la distribuzione dei buoni spesa?<\/strong><\/p>\n<p style=\"text-align: justify;\">\u00abAbbiamo approvato il nuovo Avviso pubblico per l\u2019assegnazione della terza e ultima tranche. Rispetto al precedente Avviso, la modifica sostanziale \u00e8 che possono partecipare anche coloro che hanno gi\u00e0 fruito del beneficio nei mesi precedenti. Nella valutazione delle istanze verr\u00e0 data precedenza a chi presenta domanda per la prima volta e a chi ha ricevuto il buono con la prima tranche di aprile; poi saranno presi in considerazione i cittadini che hanno beneficiato della seconda tranche, quella erogata a maggio\u00bb.<\/p>\n<p style=\"text-align: justify;\"><strong>Accennava all\u2019introduzione delle \u201ctessere spesa\u201d.<\/strong><\/p>\n<p style=\"text-align: justify;\">\u00abDopo un\u2019attenta valutazione con i Servizi Sociali, rinnoveremo il meccanismo del banco alimentare: piuttosto che distribuire i pacchi viveri, forniremo una carta prepagata da utilizzare per l\u2019acquisto di beni di prima necessit\u00e0, cosicch\u00e9 ci sia una forma pi\u00f9 riservata di sostegno e il cittadino non si senta \u201csegnalato\u201d. Queste \u201ctessere spesa\u201d saranno finanziate con le donazioni giunte sul conto corrente aperto dal Comune dall\u2019inizio della pandemia, che ad oggi ammontano a circa 4 mila euro, e con una parte dei circa 36 mila euro stanziati dalla Regione Puglia. La restante parte dei fondi regionali la utilizzeremo per dare un contributo al pagamento delle bollette delle varie utenze\u00bb.<\/p>\n<p style=\"text-align: justify;\"><strong>\u00c8 confermata la riapertura del mercato settimanale?<\/strong><\/p>\n<p style=\"text-align: justify;\">\u00abCerto, venerd\u00ec 29 si ricomincia con i generi alimentari. Abbiamo optato per continuare a svolgere il mercato nella sua posizione storica, ampliando l\u2019area di vendita a una porzione di via Benedetto Croce (fronte bar Nottingham) in modo da garantire la distanza di almeno tre metri tra ogni bancarella. Tengo a precisare che \u00e8 una fase sperimentale: abbiamo studiato il percorso che, in via teorica, dovrebbe creare il minor impatto sulla viabilit\u00e0 e sugli accessi privati. Tuttavia, non \u00e8 escluso che possa verificarsi qualche criticit\u00e0 e in quel caso saremo pronti a intervenire per rimediare. Conto sulla collaborazione di tutti, sia degli esercenti che dei cittadini, nel seguire le indicazioni che saranno illustrate tramite appositi cartelloni informativi e dai volontari della protezione civile\u00bb.<\/p>\n<p style=\"text-align: justify;\"><strong>Quando sar\u00e0 autorizzata la vendita dei generi non alimentari?<\/strong><\/p>\n<p style=\"text-align: justify;\">\u00abContiamo di essere pronti venerd\u00ec 5 giugno. Anche in questo caso, stiamo valutando la soluzione migliore per posizionare in sicurezza i circa 60 ambulanti. Con molta probabilit\u00e0 ci sar\u00e0 un allargamento dell\u2019area mercatale verso la prima parte di via Gramsci\u00bb.<\/p>\n<p style=\"text-align: justify;\"><strong>Si continuer\u00e0 con il mercato giornaliero?<\/strong><\/p>\n<p style=\"text-align: justify;\">\u00abSi svolger\u00e0 ogni luned\u00ec, gli altri giorni della settimana si potr\u00e0 fare affidamento sui nostri esercizi commerciali\u00bb.<\/p>\n<p style=\"text-align: justify;\"><strong>Ci sono novit\u00e0 per gli spazi verdi?<\/strong><\/p>\n<p style=\"text-align: justify;\">\u00abStiamo avviando protocolli d\u2019intesa con associazioni e strutture sportive del territorio per iniziare a utilizzare le aree verdi comunali, come il boschetto Zaccheo, e gli spazi esterni degli Istituti scolastici. L\u2019intento \u00e8 valorizzare questi luoghi, anche in previsione della stagione estiva, creando le condizioni adeguate a svolgere in sicurezza attivit\u00e0 di gruppo dedicate a bambini e i ragazzi\u00bb.<\/p>\n<p style=\"text-align: justify;\">&nbsp;<\/p>\n<p style=\"text-align: center;\"><strong>UN ANNO DI AMMINISTRAZIONE<\/strong><\/p>\n<p style=\"text-align: justify;\"><strong>Una riflessione dopo il primo anno di governo?<\/strong><\/p>\n<p style=\"text-align: justify;\">\u00abAvendo gi\u00e0 avuto esperienze amministrative, avevo messo in conto di dovermi confrontare con varie criticit\u00e0 connaturate alla gestione della macchina comunale; sinceramente non mi aspettavo di trovare tanti problemi e tutti di difficile risoluzione poich\u00e9, essendo stati trascurati per anni, si sono \u201cincancreniti\u201d e richiedono uno sforzo non indifferente per venirne a capo.<\/p>\n<p style=\"text-align: justify;\">Tuttavia, di fronte a questo scenario, ci sono due strade: \u201ctirare a campare\u201d e rimandare ogni decisione al futuro, oppure rimboccarsi le maniche e, con coraggio e onest\u00e0, darsi da fare per cambiare il modus operandi della classe politico-amministrativa, scardinare questioni ataviche e riportare Turi ad essere un paese sempre pi\u00f9 consapevole delle proprie potenzialit\u00e0. Quest\u2019ultima \u00e8 la via che ho scelto, quella pi\u00f9 faticosa ma l\u2019unica che, per mia indole, avrei potuto accettare: ho sempre fatto della mia vita una sfida continua; dinanzi a qualsiasi difficolt\u00e0, piuttosto che piangermi addosso, lotto per trovare una soluzione.<\/p>\n<p style=\"text-align: justify;\">Sono dell\u2019idea che, in qualunque contesto si operi, ti devi innamorare di quello che fai: se ci metti passione, arrivi alla fine di ogni giornata stanca ma soddisfatta per aver aggiunto un tassello in pi\u00f9 nel puzzle delle priorit\u00e0 che ha il nostro paese. Sicuramente posso commettere errori, per\u00f2 non ho timore di chiedere scusa e impegnarmi ancora di pi\u00f9 per fare meglio\u00bb.<\/p>\n<p style=\"text-align: justify;\"><strong>Cosa migliorerebbe nelle dinamiche della maggioranza?<\/strong><\/p>\n<p style=\"text-align: justify;\">\u00abOccorre continuare il percorso di affiatamento tra i singoli componenti che, \u00e8 importante ricordarlo, non avevano mai lavorato insieme, provenendo da percorsi politici e personali che non si erano incrociati prima. In questi mesi abbiamo fatto notevoli passi avanti nel consolidamento della compagine di governo: ho sollecitato un confronto costante tra consiglieri e assessori, spronando a coordinarsi e a collaborare. Il lavoro di squadra, soprattutto in politica, \u00e8 un processo lungo e non privo di momenti di tensione o di vivace dibattito; tuttavia, \u00e8 lo strumento vincente per portare a termine traguardi importanti per la comunit\u00e0\u00bb.<\/p>\n<p style=\"text-align: justify;\"><strong>Su quale progetto concentrerete l&#8217;impegno dei prossimi mesi?<\/strong><\/p>\n<p style=\"text-align: justify;\">\u00abCi focalizzeremo sulle opere pubbliche che, a causa dell\u2019emergenza sanitaria, siamo stati costretti a sospendere.<\/p>\n<p style=\"text-align: justify;\">Inizieremo con la riqualificazione di Piazza Venusio, la manutenzione straordinaria di via Sammichele e la sistemazione delle strade extraurbane. Inoltre, porteremo avanti la ricostruzione dei loculi del primo lotto del Cimitero, l\u2019adeguamento antincendio dell&#8217;Istituto Comprensivo e la ristrutturazione e messa a norma del campo sportivo comunale. Non meno importate sar\u00e0 il progetto \u201cCentro antico smart\u201d, che prevede la modernizzazione della pubblica illuminazione presente nel nucleo antico del paese e, in parallelo, il monitoraggio degli accessi ZTL (zona a traffico limitato). Ed a proposito di pubblica illuminazione, proseguiremo la valutazione del project financing per l\u2019ammodernamento dell\u2019intera rete comunale, prevendendo un\u2019ampia discussione e condivisione con tutto il Consiglio comunale.<\/p>\n<p style=\"text-align: justify;\">Per accelerare l\u2019avvio di queste progettualit\u00e0, stiamo procedendo alla nomina di tecnici esterni con funzione di supporto al RUP (responsabile unico del procedimento) che, almeno fino alle nuove assunzioni, ci daranno l\u2019opportunit\u00e0 di contenere i rallentamenti dovuti alla carenza di organico\u00bb.<\/p>\n<p style=\"text-align: right;\"><strong>Fabio D\u2019Aprile<\/strong><\/p>\n","protected":false},"excerpt":{"rendered":"<p><img loading=\"lazy\" decoding=\"async\" src=\"https:\/\/live.staticflickr.com\/65535\/49949924166_306de60889_n.jpg\" alt=\"Il sindaco Tina Resta\" width=\"320\" height=\"213\" \/><\/p>\n","protected":false},"author":1,"featured_media":0,"comment_status":"open","ping_status":"closed","sticky":false,"template":"","format":"standard","meta":{"colormag_page_container_layout":"default_layout","colormag_page_sidebar_layout":"default_layout","footnotes":""},"categories":[4],"tags":[],"class_list":["post-17630","post","type-post","status-publish","format-standard","hentry","category-politica"],"_links":{"self":[{"href":"https:\/\/archivioturi.lavocedelpaese.info\/index.php\/wp-json\/wp\/v2\/posts\/17630","targetHints":{"allow":["GET"]}}],"collection":[{"href":"https:\/\/archivioturi.lavocedelpaese.info\/index.php\/wp-json\/wp\/v2\/posts"}],"about":[{"href":"https:\/\/archivioturi.lavocedelpaese.info\/index.php\/wp-json\/wp\/v2\/types\/post"}],"author":[{"embeddable":true,"href":"https:\/\/archivioturi.lavocedelpaese.info\/index.php\/wp-json\/wp\/v2\/users\/1"}],"replies":[{"embeddable":true,"href":"https:\/\/archivioturi.lavocedelpaese.info\/index.php\/wp-json\/wp\/v2\/comments?post=17630"}],"version-history":[{"count":0,"href":"https:\/\/archivioturi.lavocedelpaese.info\/index.php\/wp-json\/wp\/v2\/posts\/17630\/revisions"}],"wp:attachment":[{"href":"https:\/\/archivioturi.lavocedelpaese.info\/index.php\/wp-json\/wp\/v2\/media?parent=17630"}],"wp:term":[{"taxonomy":"category","embeddable":true,"href":"https:\/\/archivioturi.lavocedelpaese.info\/index.php\/wp-json\/wp\/v2\/categories?post=17630"},{"taxonomy":"post_tag","embeddable":true,"href":"https:\/\/archivioturi.lavocedelpaese.info\/index.php\/wp-json\/wp\/v2\/tags?post=17630"}],"curies":[{"name":"wp","href":"https:\/\/api.w.org\/{rel}","templated":true}]}}