{"id":17607,"date":"2020-05-25T09:05:17","date_gmt":"2020-05-25T09:05:17","guid":{"rendered":"https:\/\/archivioturi.lavocedelpaese.info\/index.php\/2020\/05\/25\/votate-e-fate-votare\/"},"modified":"2020-05-25T09:05:17","modified_gmt":"2020-05-25T09:05:17","slug":"votate-e-fate-votare","status":"publish","type":"post","link":"https:\/\/archivioturi.lavocedelpaese.info\/index.php\/2020\/05\/25\/votate-e-fate-votare\/","title":{"rendered":"\u201cVotate e fate votare\u201d"},"content":{"rendered":"<p><img loading=\"lazy\" decoding=\"async\" src=\"https:\/\/live.staticflickr.com\/65535\/49924687902_8556fff1bc_n.jpg\" alt=\"torre orologio\" width=\"253\" height=\"320\" \/><\/p>\n<p style=\"text-align: center;\"><strong>Sono quasi 300 i voti raccolti finora per la Torre dell\u2019Orologio: Turi pu\u00f2 fare di pi\u00f9<\/strong><\/p>\n<p style=\"text-align: justify;\">A fine marzo la sezione turese del FAI promuoveva sui social un sondaggio a cui sarebbe stato impossibile rispondere con la sola razionalit\u00e0. Si chiedeva \u201cquale tra l\u2019Antico Forno Comunale o la Torre dell\u2019Orologio candideresti come \u201cLuogo del Cuore\u201d per il prossimo censimento FAI?\u201d. Razionalmente un turese avrebbe continuato a computare all\u2019infinito, pervenendo sostanzialmente ad una non-risposta: della serie \u201cperch\u00e9 non posso votare entrambi?\u201d. \u00c8 l\u2019impossibilit\u00e0 di scegliere a rendere imbarazzante una scelta ed \u00e8 soltanto il cuore, in certi casi, a permettere una risposta laddove la mente invece tace, rendendosi conto del suo mutismo selettivo.<\/p>\n<p style=\"text-align: justify;\">Tornando a noi, il cuore dei turesi ha eletto la Torre dell\u2019Orologio, \u201clu\u2019 arl\u00f2gge de\u2019 San Giu\u00e0nne\u201d: \u00abNella nostra citt\u00e0, la torre dell&#8217;orologio oltre a scandire il tempo delle nostre giornate rappresenta per tutti noi la nostra identit\u00e0, la nostra appartenenza, le nostre radici. Non solo, \u00e8 da secoli un punto di incontro dove nascono relazioni, amicizie e per alcuni anche proposte di lavoro. Quest&#8217;anno il FAI (Fondo ambiente Italiano) ha aperto la decima campagna &#8220;I Luoghi del Cuore&#8221;. La nostra citt\u00e0 ha candidato la Torre dell\u2019Orologio a cui tutti siamo legati. Vuoi tornare anche tu a vedere la nostra torre dell&#8217;orologio splendere? \u00c8 semplice! Clicca il link, iscriviti gratuitamente e vota il nostro luogo del cuore. Un voto per Turi\u00bb \u2013 scriveva Damiano Pascalicchio alcuni giorni fa sui social. Encomiabile impegno anche da parte di tutti gli altri membri del FAI turese, ovvero Silvana Sabino, Antonella Bruno e Domenica Laruccia, di seguito intervistata.<\/p>\n<p style=\"text-align: justify;\"><strong>SERVONO ALMENO 2000 VOTI<\/strong><\/p>\n<p style=\"text-align: justify;\"><strong>Quale potrebbe essere la ragione che ha spinto i turesi a votare maggiormente per la Torre dell\u2019Orologio?<\/strong><\/p>\n<p style=\"text-align: justify;\">\u00abIn molti sono a conoscenza del meccanismo originario dell\u2019orologio e vorrebbero vederlo nuovamente in funzione. Accogliendo questa esigenza della collettivit\u00e0, l\u2019abbiamo candidata nel sondaggio cittadino e forse, proprio per questo, \u00e8 stata la Torre a prevalere al termine delle votazioni. La strada per\u00f2 \u00e8 ancora lunga e innanzitutto i turesi sono chiamati nuovamente al voto, per far s\u00ec che su questo nostro gioiello si possano accendere i riflettori nazionali\u00bb.<\/p>\n<p style=\"text-align: justify;\">Ma non si tratta di semplice visibilit\u00e0, poich\u00e9: \u00abL\u2019anno prossimo, dopo questo censimento dei Luoghi del Cuore, si potr\u00e0 partecipare al bando FAI che finanzia il recupero e il restauro dei beni che hanno totalizzato almeno 2000 voti fino al 15 dicembre, giorno di chiusura delle votazioni. Insomma, \u00e8 chiaro quanto tutto dipenda da noi. Non vi piacerebbe sistemare il meccanismo originale dell\u2019orologio e poterlo esporre? Per non parlare poi della necessit\u00e0 di recuperare gli infissi, di restaurare il tetto e di studiare una nuova illuminazione. Mi auguro che i turesi facciano sentire il proprio sostegno, quello dei propri amici e dei familiari. Votate e fate votare: l\u2019unione fa la forza!\u00bb.<\/p>\n<p style=\"text-align: right;\"><strong>LEONARDO FLORIO<\/strong><\/p>\n","protected":false},"excerpt":{"rendered":"<p><img loading=\"lazy\" decoding=\"async\" src=\"https:\/\/live.staticflickr.com\/65535\/49924687902_8556fff1bc_n.jpg\" alt=\"torre orologio\" width=\"253\" height=\"320\" \/><\/p>\n","protected":false},"author":1,"featured_media":0,"comment_status":"open","ping_status":"closed","sticky":false,"template":"","format":"standard","meta":{"colormag_page_container_layout":"default_layout","colormag_page_sidebar_layout":"default_layout","footnotes":""},"categories":[6],"tags":[],"class_list":["post-17607","post","type-post","status-publish","format-standard","hentry","category-cultura"],"_links":{"self":[{"href":"https:\/\/archivioturi.lavocedelpaese.info\/index.php\/wp-json\/wp\/v2\/posts\/17607","targetHints":{"allow":["GET"]}}],"collection":[{"href":"https:\/\/archivioturi.lavocedelpaese.info\/index.php\/wp-json\/wp\/v2\/posts"}],"about":[{"href":"https:\/\/archivioturi.lavocedelpaese.info\/index.php\/wp-json\/wp\/v2\/types\/post"}],"author":[{"embeddable":true,"href":"https:\/\/archivioturi.lavocedelpaese.info\/index.php\/wp-json\/wp\/v2\/users\/1"}],"replies":[{"embeddable":true,"href":"https:\/\/archivioturi.lavocedelpaese.info\/index.php\/wp-json\/wp\/v2\/comments?post=17607"}],"version-history":[{"count":0,"href":"https:\/\/archivioturi.lavocedelpaese.info\/index.php\/wp-json\/wp\/v2\/posts\/17607\/revisions"}],"wp:attachment":[{"href":"https:\/\/archivioturi.lavocedelpaese.info\/index.php\/wp-json\/wp\/v2\/media?parent=17607"}],"wp:term":[{"taxonomy":"category","embeddable":true,"href":"https:\/\/archivioturi.lavocedelpaese.info\/index.php\/wp-json\/wp\/v2\/categories?post=17607"},{"taxonomy":"post_tag","embeddable":true,"href":"https:\/\/archivioturi.lavocedelpaese.info\/index.php\/wp-json\/wp\/v2\/tags?post=17607"}],"curies":[{"name":"wp","href":"https:\/\/api.w.org\/{rel}","templated":true}]}}