{"id":1758,"date":"2010-03-23T22:40:29","date_gmt":"2010-03-23T22:40:29","guid":{"rendered":"https:\/\/archivioturi.lavocedelpaese.info\/index.php\/2010\/03\/23\/video-comizio-pd-povia-con-coppi\/"},"modified":"2010-03-23T22:40:29","modified_gmt":"2010-03-23T22:40:29","slug":"video-comizio-pd-povia-con-coppi","status":"publish","type":"post","link":"https:\/\/archivioturi.lavocedelpaese.info\/index.php\/2010\/03\/23\/video-comizio-pd-povia-con-coppi\/","title":{"rendered":"VIDEO: COMIZIO PD POVIA CON COPPI"},"content":{"rendered":"<p><img loading=\"lazy\" decoding=\"async\" class=\" size-full wp-image-1757\" alt=\"Comizio_Povia_Coppi_m\" src=\"https:\/\/archivioturi.lavocedelpaese.info\/wp-content\/uploads\/2010\/03\/Comizio_Povia_Coppi_m.jpg\" height=\"150\" width=\"320\" \/> <\/p>\n<div style=\"text-align: justify;\">Menino Coppi esce allo scoperto e lancia pubblicamente l\u2019appello ai turesi: \u201cVi invito a votare il Partito Democratico e Sergio Povia, consigliere regionale uscente!\u201d. <\/p>\n<p>\u201cSiamo davanti ad una scelta &#8211; ha incalzato l\u2019ex sindaco di Turi &#8211; tra un presidente Nichi Vendola, un grande leader, politico che d\u00e0 una statura nazionale alla nostra regione e due contendenti che, a parte la Poli Bortone che certo \u00e8 una politica sicuramente di livello, Palese, una persona che seppure brava \u00e8 il portanome di altri, una persona che \u00e8 stata imposta dal Ministro Fitto come candidato e che in sostanza \u00e8 il suo ex numero due.\u201d<\/p><\/div>\n<p style=\"text-align: justify;\">\u201cCon Vendola \u2013 ricorda Coppi &#8211; La Puglia ha fatto grandi passi in avanti. Prima della grande crisi la Puglia aveva un incremento del Pil superiore alle regioni settentrionali. E\u2019 prima in Italia per energie rinnovabili. Nel 2009 ha incrementato del 4% il flusso turistico, quando in tutta Italia ed Europa il \u00e8 diminuito. Prima di Vendola Palese \u00e8 stato l\u2019assessore al bilancio di quella disastrosa giunta. Credo che dobbiamo fare una battaglia perch\u00e9 la Puglia non torni indietro ai tempi bui del binomio Fitto Palese.\u201c<\/p>\n<div style=\"text-align: justify;\"><\/div>\n<p style=\"text-align: justify;\">\u201cIl Pd \u2013 ha aggiunto Menino Coppi &#8211; \u00e8 il punto di riferimento all\u2019interno della coalizione di centrosinistra. Senza il Pd non sarebbe possibile una coalizione di questo tipo.\u201d\u00a0 Infine ha criticato l\u2019operato dell\u2019amministrazione locale: \u201cL\u2019esperienza turese del centrodestra pu\u00f2 avere solamente una definizione: disastrosa. In tre anni non sono stati capaci di fare nemmeno i lavori di ordinaria amministrazione. Tutti sanno come sono messi gli ammortizzatori delle nostre auto, quante buche siamo costretti a scansare quando le vediamo, sembra di essere nel Kosovo. Non sono stati in grado nemmeno di utilizzare i finanziamenti presi dalla precedente amministrazione di centrosinistra. Con un finanziamento per fare la fogna bianca di 3milioni di euro avrebbero risolto molti problemi.\u201d.<\/p>\n<p><center><br \/>\n<embed src=\"http:\/\/blip.tv\/play\/hbNQgc%2BmVAA%2Em4v\" type=\"application\/x-shockwave-flash\" width=\"640\" height=\"360\" allowscriptaccess=\"always\" allowfullscreen=\"true\"><\/embed><br \/>\n<\/center><\/p>\n<p style=\"text-align: justify;\">Sergio Povia, candidato Pd con Vendola presidente, ha rivendicato tutto quello che di buono \u00e8 stato fatto in questi cinque anni dal governo regionale uscente: dalle politiche sociali, all\u2019ambiente &#8211; \u201cVendola ha discusso ed \u00e8 riuscito ad ottenere una legge antidiossina con un abbattimento di tutte quelle realt\u00e0 che su tutto l\u2019indotto continuavano ad avvelenare la vita delle persone che vivono nello stretto raggio\u201d &#8211; alla formazione giovanile &#8211; \u201c10mila ragazzi pugliesi &#8211; ha ricordato &#8211; hanno avuto una borsa di studio reale. Soldi fino a 25mila euro per l\u2019alta specializzazione all\u2019estero, 15mila in Italia. Con un impegno di firmare il contratto etico con la Regione.\u201d<\/p>\n<div style=\"text-align: justify;\"><\/div>\n<p style=\"text-align: justify;\">E ancora, Principi Attivi, 12 parchi in Puglia, il pi\u00f9 grande parco d\u2019Europa che produce energia dal sole e dal vento. Povia ha lodato il lavoro dell\u2019assessore Minervini e Elena Gentile: \u201cQuesta amministrazione per la prima volta in Puglia dal 1970 si \u00e8 dotata di un assessorato ai servizi sociali. Da quell\u2019assessorato \u00e8 venuta fuori la prima legge organica sulla famiglia, baciata anche da oltretevere, dal Vaticano.\u201d<\/p>\n<div style=\"text-align: justify;\"><\/div>\n<p style=\"text-align: justify;\">Sergio Povia ha parlato di Nichi Vendola quale grande leader \u201cun politico che d\u00e0 una statura nazionale alla nostra regione a differenza di due contendenti che, a parte la Poli Bortone che certo \u00e8 una politica di livello, Palese \u00e8 un portanome di altri imposto dal Ministro Fitto come candidato.\u201d.<br \/>Rocco Palese balbetta. Sergio Povia ha ricordato la famosa vicenda dei bond e l\u2019improvviso ripensamento di Palese sul nucleare. \u201cLa Puglia, addirittura Mola di Bari \u00e8 indicata come sito utile per la costruzione di una centrale nucleare. Lui ora dice no al nucleare. Su grandi temi il centrodestra balbetta, a livello nazionale dice qualcosa a livello regionale si spaventa perch\u00e9 sa di perdere quote enormi di popolarit\u00e0 ed elettorato e alla fine si accoda.<\/p>\n<div style=\"text-align: justify;\"><\/div>\n<p style=\"text-align: justify;\">L\u2019ultimo dei balbettii \u00e8 relativo ai famosi bond, scommesse di natura finanziaria per i quali pagheremo per molti anni quasi 30milioni a causa di un\u2019incauta firma sotto un provvedimento. Palese, a Londra, ha firmato il documento e non sapeva quello che firmava perch\u00e9 non conosce l\u2019inglese. Solo per questo &#8211; ha concluso Povia &#8211; non \u00e8 in grado neppure di amministrare un condominio.\u201d<\/p>\n<p><center><embed type=\"application\/x-shockwave-flash\" src=\"http:\/\/picasaweb.google.it\/s\/c\/bin\/slideshow.swf\" width=\"600\" height=\"400\" flashvars=\"host=picasaweb.google.it&#038;hl=it&#038;feat=flashalbum&#038;RGB=0x000000&#038;feed=http%3A%2F%2Fpicasaweb.google.it%2Fdata%2Ffeed%2Fapi%2Fuser%2Fredazionepolignanoweb%2Falbumid%2F5452364793544031537%3Falt%3Drss%26kind%3Dphoto%26hl%3Dit\" pluginspage=\"http:\/\/www.macromedia.com\/go\/getflashplayer\"><\/embed><\/center><\/p>\n","protected":false},"excerpt":{"rendered":"<p><img loading=\"lazy\" decoding=\"async\" class=\" size-full wp-image-1757\" alt=\"Comizio_Povia_Coppi_m\" src=\"https:\/\/archivioturi.lavocedelpaese.info\/wp-content\/uploads\/2010\/03\/Comizio_Povia_Coppi_m.jpg\" height=\"150\" width=\"320\" \/> <\/p>\n","protected":false},"author":1,"featured_media":1757,"comment_status":"open","ping_status":"closed","sticky":false,"template":"","format":"standard","meta":{"colormag_page_container_layout":"default_layout","colormag_page_sidebar_layout":"default_layout","footnotes":""},"categories":[1],"tags":[],"class_list":["post-1758","post","type-post","status-publish","format-standard","has-post-thumbnail","hentry","category-uncategorized"],"_links":{"self":[{"href":"https:\/\/archivioturi.lavocedelpaese.info\/index.php\/wp-json\/wp\/v2\/posts\/1758","targetHints":{"allow":["GET"]}}],"collection":[{"href":"https:\/\/archivioturi.lavocedelpaese.info\/index.php\/wp-json\/wp\/v2\/posts"}],"about":[{"href":"https:\/\/archivioturi.lavocedelpaese.info\/index.php\/wp-json\/wp\/v2\/types\/post"}],"author":[{"embeddable":true,"href":"https:\/\/archivioturi.lavocedelpaese.info\/index.php\/wp-json\/wp\/v2\/users\/1"}],"replies":[{"embeddable":true,"href":"https:\/\/archivioturi.lavocedelpaese.info\/index.php\/wp-json\/wp\/v2\/comments?post=1758"}],"version-history":[{"count":0,"href":"https:\/\/archivioturi.lavocedelpaese.info\/index.php\/wp-json\/wp\/v2\/posts\/1758\/revisions"}],"wp:featuredmedia":[{"embeddable":true,"href":"https:\/\/archivioturi.lavocedelpaese.info\/index.php\/wp-json\/wp\/v2\/media\/1757"}],"wp:attachment":[{"href":"https:\/\/archivioturi.lavocedelpaese.info\/index.php\/wp-json\/wp\/v2\/media?parent=1758"}],"wp:term":[{"taxonomy":"category","embeddable":true,"href":"https:\/\/archivioturi.lavocedelpaese.info\/index.php\/wp-json\/wp\/v2\/categories?post=1758"},{"taxonomy":"post_tag","embeddable":true,"href":"https:\/\/archivioturi.lavocedelpaese.info\/index.php\/wp-json\/wp\/v2\/tags?post=1758"}],"curies":[{"name":"wp","href":"https:\/\/api.w.org\/{rel}","templated":true}]}}